{"id":51181,"date":"2025-05-27T18:45:40","date_gmt":"2025-05-27T21:45:40","guid":{"rendered":"https:\/\/euvivoaselecao.com.br\/index.php\/2025\/05\/27\/nova-geracao-sera-exibido-nesta-quinta-feira-29-agencia-de-noticias\/"},"modified":"2025-05-27T18:45:40","modified_gmt":"2025-05-27T21:45:40","slug":"nova-geracao-sera-exibido-nesta-quinta-feira-29-agencia-de-noticias","status":"publish","type":"post","link":"https:\/\/euvivoaselecao.com.br\/index.php\/2025\/05\/27\/nova-geracao-sera-exibido-nesta-quinta-feira-29-agencia-de-noticias\/","title":{"rendered":"Nova Gera\u00e7\u00e3o\u201d ser\u00e1 exibido nesta quinta-feira (29) \u2013 Ag\u00eancia de Not\u00edcias"},"content":{"rendered":"<p><\/p>\n<div>\n<p><em>Foto: Divulga\u00e7\u00e3o<\/em><\/p>\n<p>A popula\u00e7\u00e3o poder\u00e1 conferir, nesta quinta-feira (29), \u00e0s 19h, a exibi\u00e7\u00e3o do document\u00e1rio \u201cA Hist\u00f3ria do rock em Sorocaba: Nova Gera\u00e7\u00e3o\u201d, com dire\u00e7\u00e3o e edi\u00e7\u00e3o de Cleiner Micceno, no Cine do Sindicato dos Metal\u00fargicos de Sorocaba e Regi\u00e3o (Smetal), localizado na Rua J\u00falio Hanser, 140, no Jardim Faculdade. A entrada ser\u00e1 a doa\u00e7\u00e3o de 1 kg de alimento n\u00e3o perec\u00edvel.<\/p>\n<p>O projeto foi contemplado no edital da Lei Paulo Gustavo (Lei Complementar n\u00ba 195\/2022) na cidade, viabilizado com recursos do Governo Federal e executado pela Prefeitura de Sorocaba, por meio da Secretaria de Cultura (Secult).<\/p>\n<p>O document\u00e1rio conta a hist\u00f3ria das bandas formadas em Sorocaba a partir de 2012, proporcionando a reflex\u00e3o sobre o rock entre as gera\u00e7\u00f5es e as mudan\u00e7as que ocorreram durante os anos, como as forma de consumir m\u00fasica, de se comunicar com o p\u00fablico, projetos que estimulam novas bandas, locais que abrem espa\u00e7o para bandas autorais, al\u00e9m da for\u00e7a das mulheres neste g\u00eanero musical.<\/p>\n<p>A produ\u00e7\u00e3o d\u00e1 continuidade ao primeiro document\u00e1rio sobre o tema, finalizado em 2011, ap\u00f3s o levantamento de diversas bandas da cidade sorocabana desde os anos 60. A sequ\u00eancia tem como objetivo mostrar a for\u00e7a mantida pelo legado, que segue potente de gera\u00e7\u00e3o para gera\u00e7\u00e3o, apoiando o rock e o movimento musical.<\/p>\n<p>Al\u00e9m da dire\u00e7\u00e3o e edi\u00e7\u00e3o, assinadas por Cleiner Micceno, \u201cA Hist\u00f3ria do rock em Sorocaba: Nova Gera\u00e7\u00e3o\u201d conta com a produ\u00e7\u00e3o-executiva de Mambo Produ\u00e7\u00f5es; produ\u00e7\u00e3o geral e ilumina\u00e7\u00e3o de Angeles Paredes Toral; dire\u00e7\u00e3o de fotografia de Francisco Lorena Stol; \u00e1udio de Maur\u00edcio Nogueira; maquiagem de Karina Zapata; e anima\u00e7\u00e3o de Clayton Roza.<\/p>\n<\/p><\/div>\n","protected":false},"excerpt":{"rendered":"<p>Foto: Divulga\u00e7\u00e3o A popula\u00e7\u00e3o poder\u00e1 conferir, nesta quinta-feira (29), \u00e0s 19h, a exibi\u00e7\u00e3o do document\u00e1rio \u201cA Hist\u00f3ria do rock em<\/p>\n","protected":false},"author":1,"featured_media":0,"comment_status":"","ping_status":"","sticky":false,"template":"","format":"standard","meta":{"colormag_page_container_layout":"default_layout","colormag_page_sidebar_layout":"default_layout","footnotes":""},"categories":[1],"tags":[],"class_list":["post-51181","post","type-post","status-publish","format-standard","hentry","category-sem-categoria"],"_links":{"self":[{"href":"https:\/\/euvivoaselecao.com.br\/index.php\/wp-json\/wp\/v2\/posts\/51181","targetHints":{"allow":["GET"]}}],"collection":[{"href":"https:\/\/euvivoaselecao.com.br\/index.php\/wp-json\/wp\/v2\/posts"}],"about":[{"href":"https:\/\/euvivoaselecao.com.br\/index.php\/wp-json\/wp\/v2\/types\/post"}],"author":[{"embeddable":true,"href":"https:\/\/euvivoaselecao.com.br\/index.php\/wp-json\/wp\/v2\/users\/1"}],"replies":[{"embeddable":true,"href":"https:\/\/euvivoaselecao.com.br\/index.php\/wp-json\/wp\/v2\/comments?post=51181"}],"version-history":[{"count":0,"href":"https:\/\/euvivoaselecao.com.br\/index.php\/wp-json\/wp\/v2\/posts\/51181\/revisions"}],"wp:attachment":[{"href":"https:\/\/euvivoaselecao.com.br\/index.php\/wp-json\/wp\/v2\/media?parent=51181"}],"wp:term":[{"taxonomy":"category","embeddable":true,"href":"https:\/\/euvivoaselecao.com.br\/index.php\/wp-json\/wp\/v2\/categories?post=51181"},{"taxonomy":"post_tag","embeddable":true,"href":"https:\/\/euvivoaselecao.com.br\/index.php\/wp-json\/wp\/v2\/tags?post=51181"}],"curies":[{"name":"wp","href":"https:\/\/api.w.org\/{rel}","templated":true}]}}