{"id":51183,"date":"2025-05-27T18:58:47","date_gmt":"2025-05-27T21:58:47","guid":{"rendered":"https:\/\/euvivoaselecao.com.br\/index.php\/2025\/05\/27\/gcm-de-sorocaba-detem-homem-por-furto-de-pecas-de-caminhao-na-vila-barao-agencia-de-noticias\/"},"modified":"2025-05-27T18:58:47","modified_gmt":"2025-05-27T21:58:47","slug":"gcm-de-sorocaba-detem-homem-por-furto-de-pecas-de-caminhao-na-vila-barao-agencia-de-noticias","status":"publish","type":"post","link":"https:\/\/euvivoaselecao.com.br\/index.php\/2025\/05\/27\/gcm-de-sorocaba-detem-homem-por-furto-de-pecas-de-caminhao-na-vila-barao-agencia-de-noticias\/","title":{"rendered":"GCM de Sorocaba det\u00e9m homem por furto de pe\u00e7as de caminh\u00e3o na Vila Bar\u00e3o \u2013 Ag\u00eancia de Not\u00edcias"},"content":{"rendered":"<p><\/p>\n<div>\n<p align=\"justify\"><em>Foto: GCM<\/em><\/p>\n<p align=\"justify\">A Guarda Civil Municipal (GCM) de Sorocaba deteve, na manh\u00e3 desta ter\u00e7a-feira (27), um homem acusado arrombar pe\u00e7as de um caminh\u00e3o na Vila Bar\u00e3o. Uma equipe fazia patrulhamento pela Avenida Ad\u00e3o Pereira de Camargo quando mun\u00edcipes informaram que dois indiv\u00edduos mexiam em ve\u00edculo estacionado na via.<\/p>\n<p align=\"justify\">Os guardas se deslocaram at\u00e9 o endere\u00e7o e confirmaram a den\u00fancia, ao avistarem os suspeitos, que j\u00e1 deixavam o local. Um dos indiv\u00edduos carregava uma bateria de ve\u00edculo nas costas e acabou abordado pela guarni\u00e7\u00e3o, enquanto o outro n\u00e3o foi localizado.<\/p>\n<p align=\"justify\">Ele alegou que a objeto seria do outro indiv\u00edduo e que a levariam para vender em um ferro-velho. O propriet\u00e1rio do caminh\u00e3o foi contatado e confirmou a viola\u00e7\u00e3o do ve\u00edculo, que teve o cap\u00f4 arrombado e faltava fia\u00e7\u00e3o el\u00e9trica. Tamb\u00e9m identificou que aquela bateria recuperada estava mesmo no seu ve\u00edculo.<\/p>\n<p align=\"justify\">O acusado foi conduzido ao Plant\u00e3o da Pol\u00edcia Civil, onde o delegado ratificou a voz de pris\u00e3o em flagrante, dada pelos GCMs, por furto qualificado, ficando o indiciado \u00e0 disposi\u00e7\u00e3o da Justi\u00e7a.<\/p>\n<\/p><\/div>\n","protected":false},"excerpt":{"rendered":"<p>Foto: GCM A Guarda Civil Municipal (GCM) de Sorocaba deteve, na manh\u00e3 desta ter\u00e7a-feira (27), um homem acusado arrombar pe\u00e7as<\/p>\n","protected":false},"author":1,"featured_media":0,"comment_status":"","ping_status":"","sticky":false,"template":"","format":"standard","meta":{"colormag_page_container_layout":"default_layout","colormag_page_sidebar_layout":"default_layout","footnotes":""},"categories":[1],"tags":[],"class_list":["post-51183","post","type-post","status-publish","format-standard","hentry","category-sem-categoria"],"_links":{"self":[{"href":"https:\/\/euvivoaselecao.com.br\/index.php\/wp-json\/wp\/v2\/posts\/51183","targetHints":{"allow":["GET"]}}],"collection":[{"href":"https:\/\/euvivoaselecao.com.br\/index.php\/wp-json\/wp\/v2\/posts"}],"about":[{"href":"https:\/\/euvivoaselecao.com.br\/index.php\/wp-json\/wp\/v2\/types\/post"}],"author":[{"embeddable":true,"href":"https:\/\/euvivoaselecao.com.br\/index.php\/wp-json\/wp\/v2\/users\/1"}],"replies":[{"embeddable":true,"href":"https:\/\/euvivoaselecao.com.br\/index.php\/wp-json\/wp\/v2\/comments?post=51183"}],"version-history":[{"count":0,"href":"https:\/\/euvivoaselecao.com.br\/index.php\/wp-json\/wp\/v2\/posts\/51183\/revisions"}],"wp:attachment":[{"href":"https:\/\/euvivoaselecao.com.br\/index.php\/wp-json\/wp\/v2\/media?parent=51183"}],"wp:term":[{"taxonomy":"category","embeddable":true,"href":"https:\/\/euvivoaselecao.com.br\/index.php\/wp-json\/wp\/v2\/categories?post=51183"},{"taxonomy":"post_tag","embeddable":true,"href":"https:\/\/euvivoaselecao.com.br\/index.php\/wp-json\/wp\/v2\/tags?post=51183"}],"curies":[{"name":"wp","href":"https:\/\/api.w.org\/{rel}","templated":true}]}}