{"id":51206,"date":"2025-05-27T23:39:34","date_gmt":"2025-05-28T02:39:34","guid":{"rendered":"https:\/\/euvivoaselecao.com.br\/index.php\/2025\/05\/27\/ifsp-oferta-oficinas-de-producao-cientifica-ifsp\/"},"modified":"2025-05-27T23:39:34","modified_gmt":"2025-05-28T02:39:34","slug":"ifsp-oferta-oficinas-de-producao-cientifica-ifsp","status":"publish","type":"post","link":"https:\/\/euvivoaselecao.com.br\/index.php\/2025\/05\/27\/ifsp-oferta-oficinas-de-producao-cientifica-ifsp\/","title":{"rendered":"IFSP oferta oficinas de produ\u00e7\u00e3o cient\u00edfica &#8211; IFSP"},"content":{"rendered":"<p><\/p>\n<div>\n<div class=\"subtitle\">\n<p>Atividades s\u00e3o realizadas mensalmente, on-line, pelo laborat\u00f3rio de Pol\u00edtica e Gest\u00e3o da Educa\u00e7\u00e3o Especial<\/p>\n<\/div>\n<p><!-- fim .content-header-options-1 --><\/p>\n<p>Est\u00e3o abertas as inscri\u00e7\u00f5es para as \u201cOficinas de Produ\u00e7\u00e3o Cient\u00edfica\u201d ofertadas pelo Laborat\u00f3rio de Pol\u00edtica e Gest\u00e3o da Educa\u00e7\u00e3o Especial (LPGEEs), do Instituto Federal de Educa\u00e7\u00e3o, Ci\u00eancia e Tecnologia de S\u00e3o Paulo (IFSP).<\/p>\n<p>A cada m\u00eas, ser\u00e3o ofertadas oficinas sobre os temas: Plataforma Lattes, OrcID, Academia.Edu, pl\u00e1gio acad\u00eamico, escrita cient\u00edfica, bases de dados e produ\u00e7\u00e3o de artigos, entre outros. As atividades s\u00e3o te\u00f3rico-pr\u00e1ticas, realizadas de forma remota, e com carga hor\u00e1ria de duas horas cada uma.<\/p>\n<p>A pr\u00f3xima oficina ocorrer\u00e1 no dia 31 de maio, s\u00e1bado, \u00e0s 9h, com o tema \u201cUtilizando o OrcID\u201d.<\/p>\n<p>As inscri\u00e7\u00f5es devem ser realizadas pelo link: https:\/\/forms.gle\/YXacK2CBP5Un5qTDA. Ap\u00f3s efetiva\u00e7\u00e3o da inscri\u00e7\u00e3o, os participantes receber\u00e3o um e-mail com o link de acesso aos encontros.<\/p>\n<p>As oficinas fazem parte de um projeto de extens\u00e3o desenvolvido pelo grupo de pesquisa do laborat\u00f3rio. Para esta edi\u00e7\u00e3o, o evento conta com o apoio da Associa\u00e7\u00e3o Brasileira de Pesquisadores em Educa\u00e7\u00e3o Especial (ABPEE) e da Universidade Estadual de Maring\u00e1 (UEM).<\/p>\n<p>Em caso de d\u00favidas, os interessados devem escrever para o e-mail <!-- This email address is being protected from spambots. --><span class=\"cloaked_email ep_b18e6308\"><span data-ep-b7b46=\".br\" data-ep-a6873=\"lpg\"><span data-ep-b7b46=\"edu\" data-ep-a6873=\"ees\"><span data-ep-a6873=\"@if\" data-ep-b7b46=\"sp.\"\/><\/span><\/span><\/span><span class=\"cloaked_email ep_d3b7b1f3\" style=\"display:none;\"><span data-ep-b7b46=\".br\" data-ep-a6873=\"lpg\"><span data-ep-b7b46=\"edu\" data-ep-a6873=\"ees\"><span data-ep-a6873=\"@if\" data-ep-b7b46=\"sp.\"\/><\/span><\/span><\/span>. Mais informa\u00e7\u00f5es sobre o LPGEEs podem ser conferidas no site https:\/\/lpgees.vercel.app\/ .<\/p>\n<p>\u00a0<\/p>\n<p>Confira o cronograma de oficinas:<\/p>\n<p>31\/05\/2025 \u00e0s 9h &#8211; Utilizando o OrcID<br \/>Ministrantes: J\u00falia Siqueira e Emilly Bonfim<\/p>\n<p>21\/06 \u00e0s 9h &#8211; Explorando a Academia.Edu<br \/>Ministrantes: Karolaine Rodrigues e Laura Santos<\/p>\n<p>27\/07 \u00e0s 13h30 &#8211; Uso de Bases de Dados<br \/>Ministrante: Saulo Campos<\/p>\n<p>Agosto &#8211; Pl\u00e1gio Acad\u00eamico<br \/>Ministrantes: Caline Ribeiro e Valdeci Valeriano<\/p>\n<p>Setembro &#8211; Elaborando o Projeto de Pesquisa<br \/>Ministrantes: \u00cdtalo Macedo e M\u00e1rcia Soares<\/p>\n<p>Outubro &#8211; Construindo o Artigo Cient\u00edfico<br \/>Ministrantes: \u00cdtalo Macedo e Samuel Vinente<\/p>\n<p>24\/11\/2025 \u00e0s 13h30 &#8211; Direitos Autorais<br \/>Ministrante: Saulo Campos<\/p>\n<p>\u00a0<\/p>\n<p>Com informa\u00e7\u00f5es do Campus Hortol\u00e2ndia<\/p>\n<\/div>\n","protected":false},"excerpt":{"rendered":"<p>Atividades s\u00e3o realizadas mensalmente, on-line, pelo laborat\u00f3rio de Pol\u00edtica e Gest\u00e3o da Educa\u00e7\u00e3o Especial Est\u00e3o abertas as inscri\u00e7\u00f5es para as<\/p>\n","protected":false},"author":1,"featured_media":0,"comment_status":"","ping_status":"","sticky":false,"template":"","format":"standard","meta":{"colormag_page_container_layout":"default_layout","colormag_page_sidebar_layout":"default_layout","footnotes":""},"categories":[1],"tags":[],"class_list":["post-51206","post","type-post","status-publish","format-standard","hentry","category-sem-categoria"],"_links":{"self":[{"href":"https:\/\/euvivoaselecao.com.br\/index.php\/wp-json\/wp\/v2\/posts\/51206","targetHints":{"allow":["GET"]}}],"collection":[{"href":"https:\/\/euvivoaselecao.com.br\/index.php\/wp-json\/wp\/v2\/posts"}],"about":[{"href":"https:\/\/euvivoaselecao.com.br\/index.php\/wp-json\/wp\/v2\/types\/post"}],"author":[{"embeddable":true,"href":"https:\/\/euvivoaselecao.com.br\/index.php\/wp-json\/wp\/v2\/users\/1"}],"replies":[{"embeddable":true,"href":"https:\/\/euvivoaselecao.com.br\/index.php\/wp-json\/wp\/v2\/comments?post=51206"}],"version-history":[{"count":0,"href":"https:\/\/euvivoaselecao.com.br\/index.php\/wp-json\/wp\/v2\/posts\/51206\/revisions"}],"wp:attachment":[{"href":"https:\/\/euvivoaselecao.com.br\/index.php\/wp-json\/wp\/v2\/media?parent=51206"}],"wp:term":[{"taxonomy":"category","embeddable":true,"href":"https:\/\/euvivoaselecao.com.br\/index.php\/wp-json\/wp\/v2\/categories?post=51206"},{"taxonomy":"post_tag","embeddable":true,"href":"https:\/\/euvivoaselecao.com.br\/index.php\/wp-json\/wp\/v2\/tags?post=51206"}],"curies":[{"name":"wp","href":"https:\/\/api.w.org\/{rel}","templated":true}]}}