{"id":51235,"date":"2025-05-28T05:11:36","date_gmt":"2025-05-28T08:11:36","guid":{"rendered":"https:\/\/euvivoaselecao.com.br\/index.php\/2025\/05\/28\/agencia-minas-gerais-exportacoes-de-produtos-agropecuarios-atingem-468-do-total-do-estado\/"},"modified":"2025-05-28T05:11:36","modified_gmt":"2025-05-28T08:11:36","slug":"agencia-minas-gerais-exportacoes-de-produtos-agropecuarios-atingem-468-do-total-do-estado","status":"publish","type":"post","link":"https:\/\/euvivoaselecao.com.br\/index.php\/2025\/05\/28\/agencia-minas-gerais-exportacoes-de-produtos-agropecuarios-atingem-468-do-total-do-estado\/","title":{"rendered":"Ag\u00eancia Minas Gerais | Exporta\u00e7\u00f5es de produtos agropecu\u00e1rios atingem 46,8% do total do estado"},"content":{"rendered":"<p><\/p>\n<div>\n<p>As exporta\u00e7\u00f5es do agroneg\u00f3cio de Minas Gerais continuam registrando recordes e mantendo o setor cada vez mais \u00e0 frente da minera\u00e7\u00e3o em termos de vendas para o exterior. No primeiro quadrimestre deste ano, o agro representou 46,8% do total das exporta\u00e7\u00f5es do estado.<\/p>\n<p>A receita gerada pela comercializa\u00e7\u00e3o de produtos agropecu\u00e1rios atingiu US$ 6,5 bilh\u00f5es, com um volume exportado de 5 milh\u00f5es de toneladas, conforme levantamento organizado pela Secretaria de Estado de Agricultura, Pecu\u00e1ria e Abastecimento de Minas Gerais (Seapa).<\/p>\n<p>Esse resultado consolida o melhor resultado para o per\u00edodo da s\u00e9rie hist\u00f3rica, iniciada em 1997. Em compara\u00e7\u00e3o com o mesmo per\u00edodo do ano anterior, observou-se um crescimento de 26% na receita, embora o volume tenha registrado uma leve redu\u00e7\u00e3o de 6,2%.<\/p>\n<p>O governador em exerc\u00edcio, Mateus Sim\u00f5es, destaca que o desempenho do agro demonstra o tamanho do papel do campo no desenvolvimento da economia mineira e do apoio do Governo de Minas ao setor.<\/p>\n<table align=\"center\" border=\"0\" cellpadding=\"1\" cellspacing=\"1\" style=\"width: 100%;\">&#13;<\/p>\n<tbody>&#13;<\/p>\n<tr>&#13;<\/p>\n<td colspan=\"5\" style=\"text-align: center; vertical-align: middle;\">&#13;<\/p>\n<p style=\"text-align:center\">\n<p>&#13;\n\t\t\t<\/td>\n<p>&#13;<br \/>\n\t\t<\/tr>\n<p>&#13;<\/p>\n<tr>&#13;<\/p>\n<td style=\"text-align: center; vertical-align: middle;\">\u00a0<\/td>\n<p>&#13;<\/p>\n<td colspan=\"3\" rowspan=\"3\" style=\"text-align: center; vertical-align: middle;\">&#13;<br \/>\n\t\t\t&#13;\n\t\t\t<\/td>\n<p>&#13;<\/p>\n<td style=\"text-align: center; vertical-align: middle;\">\u00a0<\/td>\n<p>&#13;<br \/>\n\t\t<\/tr>\n<p>&#13;<\/p>\n<tr>&#13;<\/p>\n<td style=\"text-align: center; vertical-align: middle;\">\u00a0<\/td>\n<p>&#13;<\/p>\n<td style=\"text-align: center; vertical-align: middle;\">\u00a0<\/td>\n<p>&#13;<br \/>\n\t\t<\/tr>\n<p>&#13;<\/p>\n<tr>&#13;<\/p>\n<td style=\"text-align: center; vertical-align: middle;\">\u00a0<\/td>\n<p>&#13;<\/p>\n<td style=\"text-align: center; vertical-align: middle;\">\u00a0<\/td>\n<p>&#13;<br \/>\n\t\t<\/tr>\n<p>&#13;<\/p>\n<tr>&#13;<\/p>\n<td colspan=\"5\" style=\"text-align: center; vertical-align: middle;\">&#13;<\/p>\n<p style=\"text-align:center\">\n<p>&#13;\n\t\t\t<\/td>\n<p>&#13;<br \/>\n\t\t<\/tr>\n<p>&#13;<br \/>\n\t<\/tbody>\n<p>&#13;<br \/>\n<\/table>\n<p>\u00a0<\/p>\n<p><strong>Proje\u00e7\u00f5es em 2025<\/strong><\/p>\n<p>Com base nos dados do primeiro quadrimestre, e considerando o comportamento sazonal e as tend\u00eancias de pre\u00e7o, Minas Gerais pode encerrar 2025 com exporta\u00e7\u00f5es entre US$ 19,5 e US$ 20,5 bilh\u00f5es, o que consolida o estado como um dos maiores p\u00f3los agroexportadores do Brasil.\u00a0<\/p>\n<p>\u201cTeremos uma melhor estimativa a partir do fechamento do primeiro semestre, em julho. Esse ponto de inflex\u00e3o do calend\u00e1rio agr\u00edcola \u00e9 decisivo para avaliar o comportamento das culturas durante a entressafra, bem como os impactos de varia\u00e7\u00f5es clim\u00e1ticas extremas, log\u00edstica portu\u00e1ria, conflitos geopol\u00edticos e oscila\u00e7\u00f5es nos pre\u00e7os de insumos e de fretes internacionais\u201d, detalhou o secret\u00e1rio de\u00a0Estado de Agricultura, Pecu\u00e1ria e Abastecimento,\u00a0Thales Fernandes.<\/p>\n<p>Minas segue como o terceiro maior estado exportador de produtos agropecu\u00e1rios do Brasil, atr\u00e1s apenas de Mato Grosso e S\u00e3o Paulo. A produ\u00e7\u00e3o mineira foi embarcada para 160 pa\u00edses, com destaque para China (23%), Estados Unidos (13%), Alemanha (9%), It\u00e1lia (6%) e Jap\u00e3o (5%).<\/p>\n<p><strong>Destaques<\/strong><\/p>\n<p>O caf\u00e9 segue como o principal ator das exporta\u00e7\u00f5es, alcan\u00e7ando US$ 3,9 bilh\u00f5es em receita e um volume de 10 milh\u00f5es de sacas comercializadas. Houve um aumento de 70% no valor e redu\u00e7\u00e3o de 3% no volume, em rela\u00e7\u00e3o ao quadrimestre do ano anterior. A commodity foi respons\u00e1vel por 60% da receita total do agroneg\u00f3cio mineiro.<\/p>\n<p>A soja, representada pelos gr\u00e3os, farelo e \u00f3leo, registrou receita de US$ 1,1 bilh\u00e3o e volume de 2,9 milh\u00e3o de toneladas.<\/p>\n<figure class=\"image\" style=\"float:left\">&#13;<figcaption><sub><em>Seapa-MG \/ Divulga\u00e7\u00e3o<\/em><\/sub><\/figcaption>&#13;<br \/>\n<\/figure>\n<p>As carnes tiveram aumento de receita e de volume de exporta\u00e7\u00e3o nas tr\u00eas frentes: bovina, su\u00edna e de frango. Ao todo, houve um aumento de 21,4% na receita, totalizando US$ 533 milh\u00f5es e 158 mil toneladas enviadas para o exterior.<\/p>\n<p>A carne bovina somou US$ 374 milh\u00f5es e 78 mil toneladas embarcadas, com acr\u00e9scimos de 19% e 8%, na receita e volume, respectivamente. As vendas de carne su\u00edna somaram US$ 24 milh\u00f5es, com um volume de 11 mil toneladas, sendo que todos os pa\u00edses aumentaram suas compras. O frango totalizou US$ 128 milh\u00f5es, com um volume de 66 mil toneladas.<\/p>\n<p><strong>Outros produtos<\/strong><\/p>\n<p>Nesse quadrimestre, os produtos florestais (composto por\u00a0celulose, papel e madeira) ultrapassaram a receita do complexo sucroalcooleiro e firmaram-se como o quarto principal grupo de produtos exportados do agroneg\u00f3cio.<\/p>\n<p>A receita foi de US$ 339 milh\u00f5es e volume de 559 mil toneladas. A mudan\u00e7a se deu pela retra\u00e7\u00e3o dos produtos sucroalcooleiros no per\u00edodo, com queda de 42,5% na receita e de 38% no volume embarcado, totalizando US$ 334 milh\u00f5es e 711 mil toneladas.\u00a0<\/p>\n<\/p><\/div>\n","protected":false},"excerpt":{"rendered":"<p>As exporta\u00e7\u00f5es do agroneg\u00f3cio de Minas Gerais continuam registrando recordes e mantendo o setor cada vez mais \u00e0 frente da<\/p>\n","protected":false},"author":1,"featured_media":0,"comment_status":"","ping_status":"","sticky":false,"template":"","format":"standard","meta":{"colormag_page_container_layout":"default_layout","colormag_page_sidebar_layout":"default_layout","footnotes":""},"categories":[1],"tags":[],"class_list":["post-51235","post","type-post","status-publish","format-standard","hentry","category-sem-categoria"],"_links":{"self":[{"href":"https:\/\/euvivoaselecao.com.br\/index.php\/wp-json\/wp\/v2\/posts\/51235","targetHints":{"allow":["GET"]}}],"collection":[{"href":"https:\/\/euvivoaselecao.com.br\/index.php\/wp-json\/wp\/v2\/posts"}],"about":[{"href":"https:\/\/euvivoaselecao.com.br\/index.php\/wp-json\/wp\/v2\/types\/post"}],"author":[{"embeddable":true,"href":"https:\/\/euvivoaselecao.com.br\/index.php\/wp-json\/wp\/v2\/users\/1"}],"replies":[{"embeddable":true,"href":"https:\/\/euvivoaselecao.com.br\/index.php\/wp-json\/wp\/v2\/comments?post=51235"}],"version-history":[{"count":0,"href":"https:\/\/euvivoaselecao.com.br\/index.php\/wp-json\/wp\/v2\/posts\/51235\/revisions"}],"wp:attachment":[{"href":"https:\/\/euvivoaselecao.com.br\/index.php\/wp-json\/wp\/v2\/media?parent=51235"}],"wp:term":[{"taxonomy":"category","embeddable":true,"href":"https:\/\/euvivoaselecao.com.br\/index.php\/wp-json\/wp\/v2\/categories?post=51235"},{"taxonomy":"post_tag","embeddable":true,"href":"https:\/\/euvivoaselecao.com.br\/index.php\/wp-json\/wp\/v2\/tags?post=51235"}],"curies":[{"name":"wp","href":"https:\/\/api.w.org\/{rel}","templated":true}]}}