{"id":51236,"date":"2025-05-28T05:15:35","date_gmt":"2025-05-28T08:15:35","guid":{"rendered":"https:\/\/euvivoaselecao.com.br\/index.php\/2025\/05\/28\/semana-do-meio-ambiente-tera-15-eventos-em-sao-jose\/"},"modified":"2025-05-28T05:15:35","modified_gmt":"2025-05-28T08:15:35","slug":"semana-do-meio-ambiente-tera-15-eventos-em-sao-jose","status":"publish","type":"post","link":"https:\/\/euvivoaselecao.com.br\/index.php\/2025\/05\/28\/semana-do-meio-ambiente-tera-15-eventos-em-sao-jose\/","title":{"rendered":"Semana do Meio Ambiente ter\u00e1 15 eventos em S\u00e3o Jos\u00e9"},"content":{"rendered":"<p><\/p>\n<div>\n<p><b>Jos\u00e9 Roberto Amaral<\/b><br \/>&#13;<br \/>\n&#13;<br \/>\n                <span style=\"font-weight: bold;\">Secretaria de Urbanismo e Sustentabilidade<\/span><\/p>\n<p>A Semana do Meio Ambiente em S\u00e3o Jos\u00e9 dos Campos contar\u00e1 com 15 eventos diferentes, organizados pela Prefeitura, com o objetivo de conscientizar a popula\u00e7\u00e3o sobre a import\u00e2ncia da preserva\u00e7\u00e3o ambiental e da sustentabilidade.<\/p>\n<p>A programa\u00e7\u00e3o inclui a\u00e7\u00f5es pr\u00e1ticas, como limpeza de nascentes, plantio de mudas de \u00e1rvores, atividades com alunos da rede municipal de ensino, rodas de conversa, palestras, entre outras iniciativas.<\/p>\n<p>As atividades ter\u00e3o in\u00edcio nesta quinta-feira (29) e se estender\u00e3o at\u00e9 o dia 6 de junho, com eventos programados para todos os dias.<\/p>\n<p>A abertura oficial ocorrer\u00e1 neste domingo (1\u00ba de junho), no Parque Vicentina Aranha, no Espa\u00e7o Bambuzal.<\/p>\n<p><span class=\"intertitulo\">Cidade Carbono Neutro<\/span><\/p>\n<p>Um dos principais destaques da programa\u00e7\u00e3o ser\u00e1 a apresenta\u00e7\u00e3o do programa &#8220;Cidades Carbono Neutro&#8221;, que tem como objetivo reduzir as emiss\u00f5es de gases de efeito estufa e, simultaneamente, compensar ou neutralizar as emiss\u00f5es residuais.<\/p>\n<p>O evento ser\u00e1 realizado no audit\u00f3rio do Pa\u00e7o Municipal em 5 de junho, data em que se comemora o <strong>Dia Mundial do Meio Ambiente<\/strong>.<\/p>\n<p>Na ocasi\u00e3o, tamb\u00e9m ser\u00e3o anunciadas novas a\u00e7\u00f5es sustent\u00e1veis a serem implantadas no munic\u00edpio.<\/p>\n<p><span class=\"intertitulo\">Programa\u00e7\u00e3o completa<\/span><\/p>\n<p><strong>29 de maio (quinta-feira) 9h<\/strong><\/p>\n<p>Limpeza e plantio na nascente Pararangaba &#8211; PRN21<\/p>\n<p>Rua Rio Madeira, 303, Jardim Pararangaba<\/p>\n<p>\u00a0<\/p>\n<p><strong>30 de maio (sexta-feira) 9h<\/strong><\/p>\n<p>Conhecendo um Pomar Nativo Educativo<\/p>\n<p>Av. Antonio Galv\u00e3o Jr., 275, esquina com Av. Geraldo Fernandes da Silva, Galo Branco<\/p>\n<p>\u00a0<\/p>\n<p><strong>31 de maio (s\u00e1bado) 9h<\/strong><\/p>\n<p>As \u00e1rvores v\u00e3o ao Museu Interativo de Ci\u00eancias<\/p>\n<p>Rua Prof. Fel\u00edcio Savastano, S\/N, Vila Industrial<\/p>\n<p>\u00a0<\/p>\n<p><strong>1\u00ba de junho (domingo) 10h<\/strong><\/p>\n<p>Abertura oficial da Semana do Meio Ambiente 2025<\/p>\n<p>Parque Vicentina Aranha, Espa\u00e7o Bambuzal<\/p>\n<p>Rua Eng. Prudente Meireles de Morais, 302, Vila Adyanna<\/p>\n<p>\u00a0<\/p>\n<p><strong>2 de junho (segunda-feira) \u00a09h <\/strong><\/p>\n<p>Roda de conversa: Import\u00e2ncia do Eco-PEV no Urbanova<\/p>\n<p>Avenida Dr. Dilson Lara, 80, Residencial Montserrat<\/p>\n<p>\u00a0<\/p>\n<p><strong>2 de junho (segunda-feira) 14h<\/strong><\/p>\n<p>Palestra sobre plantio e manejo de \u00e1rvores &#8211; OAB S\u00e3o Jos\u00e9 dos Campos<\/p>\n<p>Rua Engenheiro Jo\u00e3o Fonseca, 108, Vila Adyanna<\/p>\n<p>\u00a0<\/p>\n<p><strong>2 de junho (segunda-feira) 15h<\/strong><\/p>\n<p>Webinar &#8211; A import\u00e2ncia dos Pontos de Entrega Volunt\u00e1ria (PEV) no prisma da Pol\u00edtica Nacional de Res\u00edduos S\u00f3lidos (PNRS)<\/p>\n<p>https:\/\/youtube.com\/@valleambiental12?si=wT4QJfkb4-wTbX8W<\/p>\n<p>\u00a0<\/p>\n<p><strong>2 de junho (segunda-feira) 15h<\/strong><\/p>\n<p>Webinar &#8211; A import\u00e2ncia dos Pontos de Entrega Volunt\u00e1ria (PEV) no prisma da Pol\u00edtica Nacional de Res\u00edduos S\u00f3lidos (PNRS)<\/p>\n<p>https:\/\/youtube.com\/@valleambiental12?si=wT4QJfkb4-wTbX8W<\/p>\n<p>\u00a0<\/p>\n<p><strong>3 de junho (ter\u00e7a-feira) 10h<\/strong><\/p>\n<p>Literatura e saberes origin\u00e1rios para a prote\u00e7\u00e3o da Biodiversidade em SFX<\/p>\n<p>Parque dos P\u00e1ssaros &#8211; S\u00e3o Francisco Xavier<\/p>\n<p>\u00a0<\/p>\n<p><strong>3 de junho (ter\u00e7a-feira) 9h<\/strong><\/p>\n<p>Plantio de \u00e1rvores para revitalizar o Centro da Cidade<\/p>\n<p>Rua Siqueira Campos, 845, Centro<\/p>\n<p>\u00a0<\/p>\n<p><strong>4 de junho (quarta-feira) 8h<\/strong><\/p>\n<p>Dia de Imers\u00e3o do Programa Revitaliza\u00e7\u00e3o de Nascentes<\/p>\n<p>CEFE &#8211; Av. Olivo Gomes, 250, Santana<\/p>\n<p>\u00a0<\/p>\n<p><strong>5 de junho (quinta-feira) 14h<\/strong><\/p>\n<p>Apresenta\u00e7\u00e3o do Programa Cidades Carbono Neutro<\/p>\n<p>Pa\u00e7o Municipal &#8211; audit\u00f3rio do 7\u00ba Andar &#8211; Rua Jos\u00e9 de Alencar, 123<\/p>\n<p>\u00a0<\/p>\n<p><strong>6 de junho (sexta-feira) 9h<\/strong><\/p>\n<p>Posse do Conselho Gestor do Parque Municipal do Cerrado<\/p>\n<p>Pa\u00e7o Municipal &#8211; audit\u00f3rio do 7\u00ba Andar &#8211; Rua Jos\u00e9 de Alencar, 123<\/p>\n<p>\u00a0<\/p>\n<p><strong>6 de junho (sexta-feira) 9h<\/strong><\/p>\n<p>Roda de Conversa sobre PANC<\/p>\n<p>CEFE &#8211; Centro de Forma\u00e7\u00e3o de Professores<\/p>\n<p>Av. Olivo Gomes, 250, Santana<\/p>\n<p>\u00a0<\/p>\n<p><strong>6 de junho (sexta-feira) 15h<\/strong><\/p>\n<p>Podcast &#8211; Conversando sobre os PEV<\/p>\n<p>https:\/\/youtube.com\/@valleambiental12?si=wT4QJfkb4-wTbX8W<\/p>\n<p>&#13;<br \/>\n                        <strong>MAIS NOT\u00cdCIAS<\/strong><br \/>&#13;<br \/>\n                        Secretaria de Urbanismo e Sustentabilidade&#13;\n                    <\/p>\n<\/p><\/div>\n","protected":false},"excerpt":{"rendered":"<p>Jos\u00e9 Roberto Amaral&#13; &#13; Secretaria de Urbanismo e Sustentabilidade A Semana do Meio Ambiente em S\u00e3o Jos\u00e9 dos Campos contar\u00e1<\/p>\n","protected":false},"author":1,"featured_media":0,"comment_status":"","ping_status":"","sticky":false,"template":"","format":"standard","meta":{"colormag_page_container_layout":"default_layout","colormag_page_sidebar_layout":"default_layout","footnotes":""},"categories":[1],"tags":[],"class_list":["post-51236","post","type-post","status-publish","format-standard","hentry","category-sem-categoria"],"_links":{"self":[{"href":"https:\/\/euvivoaselecao.com.br\/index.php\/wp-json\/wp\/v2\/posts\/51236","targetHints":{"allow":["GET"]}}],"collection":[{"href":"https:\/\/euvivoaselecao.com.br\/index.php\/wp-json\/wp\/v2\/posts"}],"about":[{"href":"https:\/\/euvivoaselecao.com.br\/index.php\/wp-json\/wp\/v2\/types\/post"}],"author":[{"embeddable":true,"href":"https:\/\/euvivoaselecao.com.br\/index.php\/wp-json\/wp\/v2\/users\/1"}],"replies":[{"embeddable":true,"href":"https:\/\/euvivoaselecao.com.br\/index.php\/wp-json\/wp\/v2\/comments?post=51236"}],"version-history":[{"count":0,"href":"https:\/\/euvivoaselecao.com.br\/index.php\/wp-json\/wp\/v2\/posts\/51236\/revisions"}],"wp:attachment":[{"href":"https:\/\/euvivoaselecao.com.br\/index.php\/wp-json\/wp\/v2\/media?parent=51236"}],"wp:term":[{"taxonomy":"category","embeddable":true,"href":"https:\/\/euvivoaselecao.com.br\/index.php\/wp-json\/wp\/v2\/categories?post=51236"},{"taxonomy":"post_tag","embeddable":true,"href":"https:\/\/euvivoaselecao.com.br\/index.php\/wp-json\/wp\/v2\/tags?post=51236"}],"curies":[{"name":"wp","href":"https:\/\/api.w.org\/{rel}","templated":true}]}}