{"id":51339,"date":"2025-05-29T02:15:38","date_gmt":"2025-05-29T05:15:38","guid":{"rendered":"https:\/\/euvivoaselecao.com.br\/index.php\/2025\/05\/29\/sao-jose-fecha-abril-com-saldo-positivo-de-quase-1-500-empregos\/"},"modified":"2025-05-29T02:15:38","modified_gmt":"2025-05-29T05:15:38","slug":"sao-jose-fecha-abril-com-saldo-positivo-de-quase-1-500-empregos","status":"publish","type":"post","link":"https:\/\/euvivoaselecao.com.br\/index.php\/2025\/05\/29\/sao-jose-fecha-abril-com-saldo-positivo-de-quase-1-500-empregos\/","title":{"rendered":"S\u00e3o Jos\u00e9 fecha abril com saldo positivo de quase 1.500 empregos"},"content":{"rendered":"<p><\/p>\n<div>\n<p><b>Jos\u00e9 Roberto Amaral<\/b><br \/>&#13;<br \/>\n&#13;<br \/>\n                <span style=\"font-weight: bold;\">Secretaria de Inova\u00e7\u00e3o e Desenvolvimento Econ\u00f4mico<\/span><\/p>\n<p>S\u00e3o Jos\u00e9 dos Campos registrou, em abril, um saldo positivo de 1.483 vagas com carteira assinada, segundo dados do Caged (Cadastro Geral de Empregados e Desempregados), divulgados pelo Minist\u00e9rio do Trabalho e Emprego nesta quarta-feira (28).<\/p>\n<p>Com esse resultado, o munic\u00edpio acumula um total de 7.377 empregos formais gerados nos \u00faltimos 12 meses. No acumulado de 2024, entre janeiro e abril, o saldo positivo chega a 4.128 postos de trabalho.<\/p>\n<p>De acordo com a metodologia do Caged, o saldo \u00e9 obtido a partir da diferen\u00e7a entre admiss\u00f5es e desligamentos no mercado formal.<\/p>\n<p><span class=\"intertitulo\">Setores<\/span><\/p>\n<p data-start=\"116\" data-end=\"227\">Em abril, S\u00e3o Jos\u00e9 dos Campos registrou saldo positivo de empregos formais em todos os setores da economia.<\/p>\n<p data-start=\"229\" data-end=\"356\">O setor de Servi\u00e7os liderou com folga, somando 803 vagas, sendo o principal respons\u00e1vel pelo resultado positivo no m\u00eas.<\/p>\n<p data-start=\"358\" data-end=\"597\" data-is-last-node=\"\" data-is-only-node=\"\">Tamb\u00e9m se destacaram o Com\u00e9rcio, com 289 postos, a Constru\u00e7\u00e3o, com 261, e a Ind\u00fastria, que fechou o m\u00eas com 124 novas vagas. O setor Agropecu\u00e1rio registrou saldo positivo de 6 empregos com carteira assinada.<\/p>\n<p><span class=\"intertitulo\">Qualifica\u00e7\u00e3o profissional<\/span><\/p>\n<p>Para ampliar as oportunidades de emprego e fomentar a gera\u00e7\u00e3o de renda, a Prefeitura de S\u00e3o Jos\u00e9 dos Campos tem investido em cursos de qualifica\u00e7\u00e3o profissional, oferecidos gratuitamente em formato presencial e EaD (Ensino a Dist\u00e2ncia).<\/p>\n<p>A expans\u00e3o da oferta de vagas e a cria\u00e7\u00e3o de novos cursos integram o Plano de Gest\u00e3o 2025\u20132028, com foco na capacita\u00e7\u00e3o da popula\u00e7\u00e3o para o mercado de trabalho.<\/p>\n<p>&#13;<br \/>\n                        <strong>MAIS NOT\u00cdCIAS<\/strong><br \/>&#13;<br \/>\n                        Secretaria de Inova\u00e7\u00e3o e Desenvolvimento Econ\u00f4mico&#13;\n                    <\/p>\n<\/p><\/div>\n","protected":false},"excerpt":{"rendered":"<p>Jos\u00e9 Roberto Amaral&#13; &#13; Secretaria de Inova\u00e7\u00e3o e Desenvolvimento Econ\u00f4mico S\u00e3o Jos\u00e9 dos Campos registrou, em abril, um saldo positivo<\/p>\n","protected":false},"author":1,"featured_media":0,"comment_status":"","ping_status":"","sticky":false,"template":"","format":"standard","meta":{"colormag_page_container_layout":"default_layout","colormag_page_sidebar_layout":"default_layout","footnotes":""},"categories":[1],"tags":[],"class_list":["post-51339","post","type-post","status-publish","format-standard","hentry","category-sem-categoria"],"_links":{"self":[{"href":"https:\/\/euvivoaselecao.com.br\/index.php\/wp-json\/wp\/v2\/posts\/51339","targetHints":{"allow":["GET"]}}],"collection":[{"href":"https:\/\/euvivoaselecao.com.br\/index.php\/wp-json\/wp\/v2\/posts"}],"about":[{"href":"https:\/\/euvivoaselecao.com.br\/index.php\/wp-json\/wp\/v2\/types\/post"}],"author":[{"embeddable":true,"href":"https:\/\/euvivoaselecao.com.br\/index.php\/wp-json\/wp\/v2\/users\/1"}],"replies":[{"embeddable":true,"href":"https:\/\/euvivoaselecao.com.br\/index.php\/wp-json\/wp\/v2\/comments?post=51339"}],"version-history":[{"count":0,"href":"https:\/\/euvivoaselecao.com.br\/index.php\/wp-json\/wp\/v2\/posts\/51339\/revisions"}],"wp:attachment":[{"href":"https:\/\/euvivoaselecao.com.br\/index.php\/wp-json\/wp\/v2\/media?parent=51339"}],"wp:term":[{"taxonomy":"category","embeddable":true,"href":"https:\/\/euvivoaselecao.com.br\/index.php\/wp-json\/wp\/v2\/categories?post=51339"},{"taxonomy":"post_tag","embeddable":true,"href":"https:\/\/euvivoaselecao.com.br\/index.php\/wp-json\/wp\/v2\/tags?post=51339"}],"curies":[{"name":"wp","href":"https:\/\/api.w.org\/{rel}","templated":true}]}}