{"id":51340,"date":"2025-05-29T02:17:48","date_gmt":"2025-05-29T05:17:48","guid":{"rendered":"https:\/\/euvivoaselecao.com.br\/index.php\/2025\/05\/29\/antes-de-morrer-silvio-santos-deixou-carta-emocionante-que-foi-achada-agora-por-filhas\/"},"modified":"2025-05-29T02:17:48","modified_gmt":"2025-05-29T05:17:48","slug":"antes-de-morrer-silvio-santos-deixou-carta-emocionante-que-foi-achada-agora-por-filhas","status":"publish","type":"post","link":"https:\/\/euvivoaselecao.com.br\/index.php\/2025\/05\/29\/antes-de-morrer-silvio-santos-deixou-carta-emocionante-que-foi-achada-agora-por-filhas\/","title":{"rendered":"Antes de morrer Silvio Santos deixou carta emocionante, que foi achada agora por filhas"},"content":{"rendered":"<p><\/p>\n<div wp_automatic_readability=\"360.29487947297\">\n<p><strong>Filhas Encontram Carta Escrita por Silvio Santos Antes de sua Morte: Os Segredos do \u00caxito do \u00cdcone da TV Brasileira<\/strong><\/p>\n<p>Nesta ter\u00e7a-feira, 27 de maio de 2025, a atual presidente do SBT, Daniela Beyruti, emocionou os funcion\u00e1rios da emissora ao compartilhar uma c\u00f3pia de uma carta deixada por seu pai, o eterno comunicador Silvio Santos. Escrita antes de sua morte, em agosto de 2024, a carta revela reflex\u00f5es profundas sobre a vida, o sucesso e os valores que nortearam a trajet\u00f3ria de um dos maiores \u00edcones da televis\u00e3o brasileira.<\/p>\n<h3>Um Legado em Palavras<\/h3>\n<p>Intitulada <strong>\u201cOs Segredos do \u00caxito\u201d<\/strong>, a carta escrita por Silvio Santos re\u00fane conselhos, ensinamentos e convic\u00e7\u00f5es que moldaram sua vis\u00e3o de mundo e sua impressionante carreira como apresentador e empres\u00e1rio. O conte\u00fado foi revelado durante uma reuni\u00e3o interna do SBT e causou forte como\u00e7\u00e3o entre os colaboradores.<\/p>\n<h3>\u201cAprender a Obedecer para Saber Mandar\u201d<\/h3>\n<p>Na carta, Silvio Santos afirma que <strong>ningu\u00e9m pode aprender a liderar sem antes saber obedecer<\/strong>. Para ele, a hierarquia e o respeito \u00e0s ordens superiores s\u00e3o fundamentais para formar bons l\u00edderes. \u201cNunca coloco em postos-chave homens que n\u00e3o sabem obedecer\u201d, escreveu.<\/p>\n<p><strong>Desfecho do Caso do Empres\u00e1rio Desaparecido em SP Revela Detalhes Chocantes e Pris\u00f5es<\/strong><\/p>\n<p><strong>PF investiga organiza\u00e7\u00f5es criminosas que planejavam matar autoridades<\/strong><\/p>\n<p>Ele tamb\u00e9m destacou a import\u00e2ncia da responsabilidade pessoal: \u201cEu acredito na sorte, mas tamb\u00e9m acredito que cada homem trabalha o seu pr\u00f3prio destino, bom ou mau\u201d.<\/p>\n<h3>Trabalho, Economia e F\u00e9<\/h3>\n<p>Silvio revelou que, desde jovem, adotou dois princ\u00edpios fundamentais: <strong>trabalhar muito e gastar pouco<\/strong>. Em suas palavras, o sucesso est\u00e1 intimamente ligado \u00e0 disciplina e \u00e0 prud\u00eancia financeira. \u201cSe uma pessoa se envaidece com o primeiro \u00eaxito, grande ou pequeno, est\u00e1 perdida. A vida \u00e9 uma luta que s\u00f3 deve terminar com a morte\u201d, afirmou o criador do SBT.<\/p>\n<p>Al\u00e9m disso, o apresentador destacou sua f\u00e9 inabal\u00e1vel em Deus, mas com uma ressalva importante: \u201cSempre tenho tido uma f\u00e9 inquebrant\u00e1vel em Deus, mas nunca espero que Ele fa\u00e7a o meu trabalho\u201d.<\/p>\n<h3>Cr\u00edticas Constroem Mais que Elogios<\/h3>\n<p>Em outro trecho marcante, Silvio Santos afirmou que aprendeu mais com os inimigos do que com os amigos. \u201cFecho os meus olhos \u00e0s adula\u00e7\u00f5es e os abro muito bem \u00e0s cr\u00edticas\u201d, escreveu. Segundo ele, as cr\u00edticas contribuem mais para o crescimento pessoal do que os elogios.<\/p>\n<p><strong>Foi a vez da m\u00e3e de Z\u00e9 Felipe quebrar o sil\u00eancio ap\u00f3s separa\u00e7\u00e3o com Virginia Fonseca<\/strong><\/p>\n<p><strong>Qual filme vai passar Sexta (30\/05) na Globo? SESS\u00c3O DA TARDE, Coruj\u00e3o \u2013 QUE HORAS COME\u00c7A, sinopse<\/strong><\/p>\n<p>Ele tamb\u00e9m revelou seu perfeccionismo: \u201cEu sei que s\u00f3 Deus \u00e9 perfeito, mas mesmo assim procuro fazer tudo com perfei\u00e7\u00e3o. \u00c9 uma obsess\u00e3o que eu n\u00e3o consigo curar\u201d.<\/p>\n<h3>Autoconfian\u00e7a e Humor<\/h3>\n<p>Silvio ainda admitiu confiar mais em si mesmo do que nos outros, e deixou um conselho sobre autoestima e humildade: <strong>\u201cO homem que n\u00e3o \u00e9 capaz de rir de si mesmo n\u00e3o ser\u00e1 capaz de fazer alguma coisa boa na vida\u201d<\/strong>.<\/p>\n<p>Essa filosofia de vida, baseada na f\u00e9, trabalho, disciplina e autoconhecimento, reflete os valores que ajudaram a construir um imp\u00e9rio midi\u00e1tico e uma hist\u00f3ria de vida inspiradora para milh\u00f5es de brasileiros.<\/p>\n<h3>Homenagens e Legado<\/h3>\n<p>Desde sua morte, Silvio Santos vem sendo homenageado de diversas formas, incluindo mudan\u00e7as em escolas de samba e projetos especiais no SBT. Agora, com a divulga\u00e7\u00e3o dessa carta, seu legado se fortalece ainda mais, n\u00e3o apenas como comunicador, mas como mentor e s\u00edmbolo de perseveran\u00e7a.<\/p>\n<p>A carta, entregue \u00e0s filhas ap\u00f3s sua morte, servir\u00e1 como guia e mem\u00f3ria viva dos princ\u00edpios que orientaram uma das figuras mais emblem\u00e1ticas da hist\u00f3ria da televis\u00e3o no Brasil.<\/p>\n<hr>\n<p><strong>Tags<\/strong>: Silvio Santos, SBT, Daniela Beyruti, carta de despedida, legado Silvio Santos, Os Segredos do \u00caxito, televis\u00e3o brasileira, F\u00e1bia Oliveira, Metr\u00f3poles.<\/p>\n<p>\u00a0<\/p>\n<p>Silvio Santos, \u00edcone da televis\u00e3o brasileira, faleceu \u00e0s 4:50 da madrugada deste s\u00e1bado (17 de agosto de 2024). O Hospital Albert Einstein, onde ele estava internado, revelou que a causa da morte foi broncopneumonia, decorrente de uma infec\u00e7\u00e3o por H1N1. O apresentador, que j\u00e1 havia enfrentado complica\u00e7\u00f5es anteriores de sa\u00fade, n\u00e3o resistiu ao agravamento do quadro.<\/p>\n<p>A morte de Silvio Santos encerra uma trajet\u00f3ria de mais de seis d\u00e9cadas dedicada \u00e0 televis\u00e3o e ao entretenimento, deixando um legado profundo na cultura popular brasileira. Conhecido por seu carisma e presen\u00e7a marcante, ele ser\u00e1 lembrado como um dos maiores comunicadores que o Brasil j\u00e1 teve.<\/p>\n<p>Silvio Santos, uma das maiores figuras da televis\u00e3o brasileira, faleceu na madrugada deste s\u00e1bado (17 de agosto de 2024) aos 93 anos. O fundador e propriet\u00e1rio do SBT estava internado no Hospital Albert Einstein, em S\u00e3o Paulo, desde o in\u00edcio de agosto, ap\u00f3s complica\u00e7\u00f5es de uma infec\u00e7\u00e3o por H1N1, e n\u00e3o resistiu ao agravamento do quadro.<\/p>\n<p>Senor Abravanel, nome verdadeiro de Silvio Santos, teve uma carreira de sucesso que se estendeu por mais de seis d\u00e9cadas. Ele come\u00e7ou como camel\u00f4 no Rio de Janeiro, vendendo capas para t\u00edtulos de eleitor, e logo viu seu talento para comunica\u00e7\u00e3o brilhar nas r\u00e1dios. Foi na televis\u00e3o, no entanto, que ele encontrou seu verdadeiro palco. Em 1962, Silvio Santos estreou seu ic\u00f4nico programa dominical, que se tornou uma tradi\u00e7\u00e3o nas casas brasileiras e est\u00e1 no ar at\u00e9 hoje.<\/p>\n<p>Em 1981, ele fundou o SBT, emissora que se tornaria a segunda maior do pa\u00eds, com uma programa\u00e7\u00e3o popular e diversa, que inclu\u00eda desde telenovelas mexicanas at\u00e9 o fen\u00f4meno mundial \u201cChaves\u201d. Ao longo dos anos, Silvio Santos lan\u00e7ou in\u00fameros talentos da TV, como Gugu Liberato, Eliana e Maisa, al\u00e9m de se tornar um dos apresentadores mais amados e respeitados do Brasil.<\/p>\n<p>Sua trajet\u00f3ria incluiu momentos marcantes, como a candidatura \u00e0 presid\u00eancia do Brasil em 1989, que, embora tenha sido barrada pela Justi\u00e7a Eleitoral, demonstrou sua popularidade e o carinho do p\u00fablico.<\/p>\n<p>Silvio Santos deixa um legado imenso na cultura e na comunica\u00e7\u00e3o brasileira, al\u00e9m de seis filhas, que agora continuar\u00e3o \u00e0 frente do SBT. Seu falecimento marca o fim de uma era na televis\u00e3o brasileira, e sua aus\u00eancia certamente ser\u00e1 sentida por milh\u00f5es de brasileiros que cresceram assistindo ao seu carisma inigual\u00e1vel.<\/p>\n<h2>Vel\u00f3rio de Fam\u00edlia Venezuelana que Morreu em Acidente A\u00e9reo Come\u00e7a em Carapicu\u00edba<\/h2>\n<p>O vel\u00f3rio de Josgleidys Gonzalez, seu filho Joslan, de quatro anos, e sua m\u00e3e Maria Parra, v\u00edtimas do acidente a\u00e9reo do voo 2283 da Voepass, teve in\u00edcio nesta sexta-feira, 16 de agosto, na Funer\u00e1ria S\u00e3o Paulo, localizada em Carapicu\u00edba, Grande S\u00e3o Paulo. A cerim\u00f4nia de despedida come\u00e7ou \u00e0s 11h e est\u00e1 prevista para se encerrar \u00e0s 18h.<\/p>\n<p>O voo 2283, que partiu de Cascavel (PR) com destino ao Aeroporto de Guarulhos, caiu na \u00faltima sexta-feira, 9 de agosto, antes de completar sua rota. A trag\u00e9dia resultou na morte de todos os 62 ocupantes da aeronave. A fam\u00edlia venezuelana estava a caminho de um novo come\u00e7o na Col\u00f4mbia, ap\u00f3s uma breve parada na Venezuela.<\/p>\n<h2>**Aus\u00eancia de Familiares no Vel\u00f3rio**<\/h2>\n<p>At\u00e9 o in\u00edcio da tarde, a presen\u00e7a de familiares no vel\u00f3rio ainda n\u00e3o havia sido registrada, conforme informado por um funcion\u00e1rio da funer\u00e1ria. A expectativa era que os parentes comparecessem para prestar as \u00faltimas homenagens. Ap\u00f3s a cerim\u00f4nia, os corpos ser\u00e3o cremados no Cremat\u00f3rio da Vila Alpina, em S\u00e3o Paulo, e as cinzas ser\u00e3o retornadas \u00e0 Venezuela.<\/p>\n<h2>**Desdobramentos da Trag\u00e9dia**<\/h2>\n<p>Stivie, pai de Joslan, compareceu ao vel\u00f3rio, mas, profundamente abalado pela perda, optou por n\u00e3o conversar com a imprensa. O luto \u00e9 palp\u00e1vel, e a comunidade local se une em solidariedade \u00e0s v\u00edtimas e seus entes queridos.<\/p>\n<p>O acidente e suas consequ\u00eancias t\u00eam gerado uma como\u00e7\u00e3o significativa, destacando a dor e a perda experimentadas pelas fam\u00edlias afetadas por esta trag\u00e9dia a\u00e9rea.<\/p>\n<h2>Avi\u00e3o da Voepass Faz Pouso T\u00e9cnico em MG Ap\u00f3s Quest\u00e3o T\u00e9cnica<\/h2>\n<p>Na noite de quinta-feira, 15 de agosto de 2024, um avi\u00e3o da companhia a\u00e9rea Voepass, que tinha como destino o Aeroporto Internacional de Guarulhos, em S\u00e3o Paulo, precisou fazer um pouso t\u00e9cnico em Uberl\u00e2ndia, Minas Gerais. A mudan\u00e7a de rota ocorreu ap\u00f3s a identifica\u00e7\u00e3o de uma quest\u00e3o t\u00e9cnica a bordo.<\/p>\n<h2>**Detalhes do Voo**<\/h2>\n<p>O voo PTB 2211, prefixo PS-VPA, partiu de Rio Verde, Goi\u00e1s, \u00e0s 18h03, e estava previsto para aterrissar em Guarulhos. No entanto, devido \u00e0 quest\u00e3o t\u00e9cnica identificada durante o trajeto, a aeronave, um modelo ATR 72-600, fez o pouso em Uberl\u00e2ndia \u00e0s 19h15. A Voepass informou que todos os sistemas operacionais da aeronave estavam funcionando no momento do pouso e que os 38 passageiros seriam reacomodados em outros voos para continuar at\u00e9 o destino final.<\/p>\n<p>Fontes do jornal O Globo indicaram que a raz\u00e3o do pouso de emerg\u00eancia pode ter sido uma pane el\u00e9trica. No entanto, a Voepass n\u00e3o confirmou essa informa\u00e7\u00e3o, limitando-se a afirmar que a aeronave pousou em seguran\u00e7a e que a mudan\u00e7a de rota foi uma medida preventiva.<\/p>\n<h2>**Hist\u00f3rico Recente**<\/h2>\n<p>Este incidente ocorre menos de uma semana ap\u00f3s um grave acidente envolvendo outra aeronave da Voepass. No dia 9 de agosto, um avi\u00e3o da companhia caiu em Vinhedo, S\u00e3o Paulo, resultando na morte de 62 pessoas. A aeronave, tamb\u00e9m um modelo ATR, havia decolado de Cascavel, Paran\u00e1, com destino a Guarulhos.<\/p>\n<p>Especialistas levantaram a hip\u00f3tese de que a forma\u00e7\u00e3o de gelo nas asas poderia ter sido a causa da queda, j\u00e1 que o modelo ATR 72-500 voa em altitudes propensas a esse fen\u00f4meno. O gelo acumulado nas asas pode comprometer a aerodin\u00e2mica, levando a uma perda de sustenta\u00e7\u00e3o.<\/p>\n<h2>**Comunicado da Voepass**<\/h2>\n<p>Em comunicado oficial, a Voepass reiterou seu compromisso com a seguran\u00e7a e informou que o incidente em Uberl\u00e2ndia foi tratado com todas as precau\u00e7\u00f5es necess\u00e1rias. A companhia afirmou que segue rigorosos padr\u00f5es de seguran\u00e7a e que a tripula\u00e7\u00e3o atuou de maneira exemplar ao realizar o pouso t\u00e9cnico.<\/p>\n<p>Enquanto aguardam mais informa\u00e7\u00f5es sobre o incidente, passageiros e familiares se mant\u00eam apreensivos, especialmente ap\u00f3s o recente acidente fatal da mesma companhia.<\/p>\n<p>A Voepass, que j\u00e1 est\u00e1 sob intenso escrut\u00ednio devido ao acidente anterior, precisa agora enfrentar mais uma situa\u00e7\u00e3o que coloca em quest\u00e3o a seguran\u00e7a de seus voos. As autoridades competentes devem investigar o incidente para garantir que medidas adequadas sejam tomadas para evitar futuras ocorr\u00eancias.<\/p>\n<h2><\/h2>\n<h2>\u00c1udios da Cabine do Avi\u00e3o Divulgados Expondo Tentativa de Evitar Queda e Gritos de Desespero**<\/h2>\n<p>No dia 9 de agosto de 2024, uma trag\u00e9dia abalou o Brasil quando um avi\u00e3o da Voepass, antiga Passaredo, caiu em Vinhedo, no interior de S\u00e3o Paulo, ap\u00f3s decolar de Cascavel, Paran\u00e1. A bordo estavam mais de 60 pessoas, todas vitimadas fatalmente, marcando o acidente como um dos mais letais na hist\u00f3ria da avia\u00e7\u00e3o brasileira.<\/p>\n<h2>**An\u00e1lise das Caixas-pretas**<\/h2>\n<p>Nesta quarta-feira, 14 de agosto, o Jornal Nacional revelou detalhes exclusivos da an\u00e1lise das caixas-pretas da aeronave, conduzida pelo Centro de Investiga\u00e7\u00e3o e Preven\u00e7\u00e3o de Acidentes Aeron\u00e1uticos (Cenipa), \u00f3rg\u00e3o vinculado \u00e0 For\u00e7a A\u00e9rea Brasileira. As grava\u00e7\u00f5es de \u00e1udio da cabine, obtidas pela equipe do JN, lan\u00e7am luz sobre os momentos finais antes da trag\u00e9dia.<\/p>\n<p>No \u00e1udio, o copiloto Humberto de Campos Alencar e Silva \u00e9 ouvido questionando o que estava ocorrendo ao perceber que o avi\u00e3o perdia altitude. Em seguida, ele pede ao piloto para aumentar a pot\u00eancia da aeronave, uma tentativa desesperada de impedir a queda iminente. Infelizmente, apesar dos esfor\u00e7os da tripula\u00e7\u00e3o, o avi\u00e3o continuou a descer at\u00e9 colidir com o solo.<\/p>\n<h2>**Gritos de P\u00e2nico**<\/h2>\n<p>O \u00e1udio tamb\u00e9m registra gritos que, segundo as autoridades, refletem o p\u00e2nico generalizado na cabine diante da situa\u00e7\u00e3o cr\u00edtica. Nos momentos finais, antes do impacto, ouvem-se os gritos e, por fim, o estrondo devastador da queda.<\/p>\n<h2>**Investiga\u00e7\u00e3o em Andamento**<\/h2>\n<p>As grava\u00e7\u00f5es das caixas-pretas, que totalizaram cerca de duas horas de transcri\u00e7\u00e3o, fornecem um vislumbre aterrorizante dos \u00faltimos momentos do voo. No entanto, de acordo com os investigadores, esses \u00e1udios por si s\u00f3 n\u00e3o s\u00e3o suficientes para determinar a causa exata do acidente.<\/p>\n<p>Um relat\u00f3rio oficial, com conclus\u00f5es mais detalhadas e a poss\u00edvel causa da trag\u00e9dia, deve ser divulgado nos pr\u00f3ximos 30 dias, ap\u00f3s a conclus\u00e3o da per\u00edcia. Enquanto isso, familiares e amigos das 62 v\u00edtimas aguardam respostas sobre o que levou a essa cat\u00e1strofe que abalou o pa\u00eds.<\/p>\n<p>\u00a0<\/p>\n<p>\u00a0<\/p>\n<p><!-- CONTENT END 3 --><\/p><\/div>\n","protected":false},"excerpt":{"rendered":"<p>Filhas Encontram Carta Escrita por Silvio Santos Antes de sua Morte: Os Segredos do \u00caxito do \u00cdcone da TV Brasileira<\/p>\n","protected":false},"author":2,"featured_media":0,"comment_status":"","ping_status":"","sticky":false,"template":"","format":"standard","meta":{"colormag_page_container_layout":"default_layout","colormag_page_sidebar_layout":"default_layout","footnotes":""},"categories":[],"tags":[],"class_list":["post-51340","post","type-post","status-publish","format-standard","hentry"],"_links":{"self":[{"href":"https:\/\/euvivoaselecao.com.br\/index.php\/wp-json\/wp\/v2\/posts\/51340","targetHints":{"allow":["GET"]}}],"collection":[{"href":"https:\/\/euvivoaselecao.com.br\/index.php\/wp-json\/wp\/v2\/posts"}],"about":[{"href":"https:\/\/euvivoaselecao.com.br\/index.php\/wp-json\/wp\/v2\/types\/post"}],"author":[{"embeddable":true,"href":"https:\/\/euvivoaselecao.com.br\/index.php\/wp-json\/wp\/v2\/users\/2"}],"replies":[{"embeddable":true,"href":"https:\/\/euvivoaselecao.com.br\/index.php\/wp-json\/wp\/v2\/comments?post=51340"}],"version-history":[{"count":0,"href":"https:\/\/euvivoaselecao.com.br\/index.php\/wp-json\/wp\/v2\/posts\/51340\/revisions"}],"wp:attachment":[{"href":"https:\/\/euvivoaselecao.com.br\/index.php\/wp-json\/wp\/v2\/media?parent=51340"}],"wp:term":[{"taxonomy":"category","embeddable":true,"href":"https:\/\/euvivoaselecao.com.br\/index.php\/wp-json\/wp\/v2\/categories?post=51340"},{"taxonomy":"post_tag","embeddable":true,"href":"https:\/\/euvivoaselecao.com.br\/index.php\/wp-json\/wp\/v2\/tags?post=51340"}],"curies":[{"name":"wp","href":"https:\/\/api.w.org\/{rel}","templated":true}]}}