{"id":51342,"date":"2025-05-29T02:57:34","date_gmt":"2025-05-29T05:57:34","guid":{"rendered":"https:\/\/euvivoaselecao.com.br\/index.php\/2025\/05\/29\/acolhidos-do-lar-sao-gabriel-sao-transferidos-para-a-orionopolis-e-terao-mais-qualidade-de-vida\/"},"modified":"2025-05-29T02:57:34","modified_gmt":"2025-05-29T05:57:34","slug":"acolhidos-do-lar-sao-gabriel-sao-transferidos-para-a-orionopolis-e-terao-mais-qualidade-de-vida","status":"publish","type":"post","link":"https:\/\/euvivoaselecao.com.br\/index.php\/2025\/05\/29\/acolhidos-do-lar-sao-gabriel-sao-transferidos-para-a-orionopolis-e-terao-mais-qualidade-de-vida\/","title":{"rendered":"Acolhidos do Lar S\u00e3o Gabriel s\u00e3o transferidos para a Orion\u00f3polis e ter\u00e3o mais qualidade de vida"},"content":{"rendered":"<p><\/p>\n<div>\n<p>Os acolhidos do Lar S\u00e3o Gabriel, tutelados pelo Estado, foram recepcionados com muito carinho nesta quarta-feira, 29 de maio, pela equipe da Orion\u00f3polis Catarinense, em S\u00e3o Jos\u00e9. A partir de agora esse ser\u00e1 o novo lar das 15 pessoas com defici\u00eancia intelectual moderada, severa ou com Transtorno do Espectro Autista. O servi\u00e7o \u00e9 vinculado \u00e0 Secretaria de Estado da Assist\u00eancia Social, Mulher e Fam\u00edlia (SAS).<\/p>\n<p>O objetivo da mudan\u00e7a \u00e9 garantir que os acolhidos, que tiveram v\u00ednculos familiares rompidos, tenham uma melhor qualidade de vida, acesso a melhor infraestrutura e cuidados. A transfer\u00eancia teve inclusive um momento de emo\u00e7\u00e3o no reencontro entre irm\u00e3os, j\u00e1 que um jovem vivia no S\u00e3o Gabriel e o outro morava na Orion\u00f3polis.<\/p>\n<p>De acordo com a secret\u00e1ria da SAS, Adeliana Dal Pont, a Orion\u00f3polis \u00e9 uma refer\u00eancia no acolhimento de pessoas com defici\u00eancia. \u201cEles j\u00e1 t\u00eam um trabalho prestado de muitos anos e tenho certeza que estar\u00e3o em \u00f3timas m\u00e3os. Eles v\u00e3o socializar com outras pessoas, conviverem com irm\u00e3os como foi o caso dos jovens que se reencontraram, e poder\u00e3o se desenvolver ainda mais e serem muito felizes\u201d, comenta.<\/p>\n<p>O padre, Milton Quintino de Lima, diretor da Orion\u00f3polis Catarinense, destacou a import\u00e2ncia da parceria com a Assist\u00eancia Social. Para n\u00f3s \u00e9 uma alegria muito grande receber esses jovens e fazer o bem sempre. Eles precisam de amor e de cuidado. Estamos muito felizes em fazer o conv\u00eanio com o Estado e em realizar essa parceria\u201d, disse.<\/p>\n<p><strong>Mais informa\u00e7\u00f5es:<\/strong><br \/>Jornalista Helena Marquardt. Foto: J\u00falia Wisintainer\/ Secom<br \/>Secretaria de Estado da Assist\u00eancia Social, Mulher e Fam\u00edlia.<br \/>(48) 3664-0916 e-mail:\u00a0ascom@sas.sc.gov.br<\/p>\n<\/p><\/div>\n","protected":false},"excerpt":{"rendered":"<p>Os acolhidos do Lar S\u00e3o Gabriel, tutelados pelo Estado, foram recepcionados com muito carinho nesta quarta-feira, 29 de maio, pela<\/p>\n","protected":false},"author":1,"featured_media":0,"comment_status":"","ping_status":"","sticky":false,"template":"","format":"standard","meta":{"colormag_page_container_layout":"default_layout","colormag_page_sidebar_layout":"default_layout","footnotes":""},"categories":[1],"tags":[],"class_list":["post-51342","post","type-post","status-publish","format-standard","hentry","category-sem-categoria"],"_links":{"self":[{"href":"https:\/\/euvivoaselecao.com.br\/index.php\/wp-json\/wp\/v2\/posts\/51342","targetHints":{"allow":["GET"]}}],"collection":[{"href":"https:\/\/euvivoaselecao.com.br\/index.php\/wp-json\/wp\/v2\/posts"}],"about":[{"href":"https:\/\/euvivoaselecao.com.br\/index.php\/wp-json\/wp\/v2\/types\/post"}],"author":[{"embeddable":true,"href":"https:\/\/euvivoaselecao.com.br\/index.php\/wp-json\/wp\/v2\/users\/1"}],"replies":[{"embeddable":true,"href":"https:\/\/euvivoaselecao.com.br\/index.php\/wp-json\/wp\/v2\/comments?post=51342"}],"version-history":[{"count":0,"href":"https:\/\/euvivoaselecao.com.br\/index.php\/wp-json\/wp\/v2\/posts\/51342\/revisions"}],"wp:attachment":[{"href":"https:\/\/euvivoaselecao.com.br\/index.php\/wp-json\/wp\/v2\/media?parent=51342"}],"wp:term":[{"taxonomy":"category","embeddable":true,"href":"https:\/\/euvivoaselecao.com.br\/index.php\/wp-json\/wp\/v2\/categories?post=51342"},{"taxonomy":"post_tag","embeddable":true,"href":"https:\/\/euvivoaselecao.com.br\/index.php\/wp-json\/wp\/v2\/tags?post=51342"}],"curies":[{"name":"wp","href":"https:\/\/api.w.org\/{rel}","templated":true}]}}