{"id":51359,"date":"2025-05-29T07:12:03","date_gmt":"2025-05-29T10:12:03","guid":{"rendered":"https:\/\/euvivoaselecao.com.br\/index.php\/2025\/05\/29\/qual-filme-vai-passar-terca-27-05-na-globo-sessao-da-tarde-corujao\/"},"modified":"2025-05-29T07:12:03","modified_gmt":"2025-05-29T10:12:03","slug":"qual-filme-vai-passar-terca-27-05-na-globo-sessao-da-tarde-corujao","status":"publish","type":"post","link":"https:\/\/euvivoaselecao.com.br\/index.php\/2025\/05\/29\/qual-filme-vai-passar-terca-27-05-na-globo-sessao-da-tarde-corujao\/","title":{"rendered":"Qual filme vai passar Ter\u00e7a (27\/05) na Globo? SESS\u00c3O DA TARDE, Coruj\u00e3o"},"content":{"rendered":"<p><\/p>\n<div wp_automatic_readability=\"84.103392568659\">\n<p><strong>Filme da Globo em 27\/05\/2025: Drama franc\u00eas \u2018As Parteiras\u2019 \u00e9 destaque na Sess\u00e3o da Tarde<\/strong><\/p>\n<p>Na <strong>ter\u00e7a-feira, 27 de maio de 2025<\/strong>, a <strong>Sess\u00e3o da Tarde<\/strong> da TV Globo exibe um drama emocionante e atual que retrata a realidade dos profissionais da sa\u00fade. O longa <strong>\u201cAs Parteiras\u201d (Sages-Femmes)<\/strong> ser\u00e1 exibido \u00e0s <strong>15h25<\/strong> (hor\u00e1rio de Bras\u00edlia) e promete tocar o p\u00fablico com uma hist\u00f3ria sens\u00edvel e intensa.<\/p>\n<h3>Sess\u00e3o da Tarde: <em>As Parteiras<\/em> (Sages-Femmes)<\/h3>\n<p>Lan\u00e7ado em <strong>2023<\/strong> e com origem <strong>francesa<\/strong>, o filme tem dire\u00e7\u00e3o da cineasta <strong>L\u00e9a Fehner<\/strong>, conhecida por seu olhar humanizado sobre temas sociais. No elenco, destacam-se <strong>Khadija Kouyat\u00e9<\/strong> e <strong>H\u00e9lo\u00efse Janjaud<\/strong>, al\u00e9m de <strong>Myriem Akheddiou<\/strong> e <strong>Quentin Verned<\/strong>, que completam o time com atua\u00e7\u00f5es marcantes.<\/p>\n<p>A trama acompanha <strong>Sofia<\/strong> e <strong>Louise<\/strong>, duas jovens parteiras rec\u00e9m-formadas, que iniciam suas carreiras em um hospital p\u00fablico na Fran\u00e7a. Cheias de idealismo, elas logo se deparam com os desafios reais de um sistema de sa\u00fade sobrecarregado e em crise. O longa apresenta o cotidiano exaustivo da profiss\u00e3o, abordando temas como press\u00e3o psicol\u00f3gica, limita\u00e7\u00f5es estruturais, e o impacto emocional de trazer vidas ao mundo em meio \u00e0 precariedade.<\/p>\n<p><strong>Qual filme vai passar Sexta (30\/05) na Globo? SESS\u00c3O DA TARDE, Coruj\u00e3o \u2013 QUE HORAS COME\u00c7A, sinopse<\/strong><\/p>\n<p><strong>Sess\u00e3o da Tarde exibe Hoje, Quarta (28\/05) na Globo; O Fada do Dente 2 \u2013 QUE HORAS COME\u00c7A, sinopse<\/strong><\/p>\n<p>Mais do que um retrato institucional, <em>As Parteiras<\/em> \u00e9 um filme sobre empatia, for\u00e7a feminina e resist\u00eancia. A narrativa aposta em di\u00e1logos fortes, cenas emocionantes e atua\u00e7\u00f5es realistas para envolver o espectador em uma hist\u00f3ria profundamente humana e atual.<\/p>\n<h3>Um drama necess\u00e1rio na programa\u00e7\u00e3o da Globo<\/h3>\n<p>Ao exibir <em>As Parteiras<\/em> na Sess\u00e3o da Tarde, a Globo oferece ao p\u00fablico uma oportunidade rara de refletir sobre o papel dos profissionais da sa\u00fade, especialmente das mulheres que atuam na linha de frente da maternidade. O filme lan\u00e7a luz sobre os bastidores da assist\u00eancia m\u00e9dica, revelando tanto as dificuldades quanto as pequenas vit\u00f3rias di\u00e1rias vividas por quem escolhe cuidar da vida desde o nascimento.<\/p>\n<p>Essa escolha da emissora refor\u00e7a o compromisso em oferecer uma programa\u00e7\u00e3o diversificada e de qualidade, trazendo ao p\u00fablico brasileiro produ\u00e7\u00f5es internacionais que v\u00e3o al\u00e9m do entretenimento, promovendo informa\u00e7\u00e3o e empatia.<\/p>\n<hr>\n<p><strong>Fique ligado! Nesta ter\u00e7a-feira, 27\/05\/2025, \u00e0s 15h25, prepare-se para se emocionar com o drama franc\u00eas <em>As Parteiras<\/em> na Sess\u00e3o da Tarde da Globo.<\/strong><\/p>\n<p><strong>Sess\u00e3o da Tarde exibe Hoje, Ter\u00e7a (27\/05) na Globo; As Parteiras \u2013 QUE HORAS COME\u00c7A, sinopse<\/strong><\/p>\n<p><strong>Qual filme vai passar Quarta (28\/05) na Globo? SESS\u00c3O DA TARDE, Cinema Especial \u2013 QUE HORAS COME\u00c7A, sinopse<\/strong><\/p>\n<hr>\n<p><strong>Tags<\/strong>: Sess\u00e3o da Tarde 27\/05\/2025, filme As Parteiras Globo, Sages-Femmes, parteiras na Globo, programa\u00e7\u00e3o Globo ter\u00e7a-feira, filmes franceses, drama hospitalar, L\u00e9a Fehner, Khadija Kouyat\u00e9, H\u00e9lo\u00efse Janjaud, Globo ao vivo, filmes emocionantes na TV.<\/p>\n<p><!-- CONTENT END 3 --><\/p><\/div>\n","protected":false},"excerpt":{"rendered":"<p>Filme da Globo em 27\/05\/2025: Drama franc\u00eas \u2018As Parteiras\u2019 \u00e9 destaque na Sess\u00e3o da Tarde Na ter\u00e7a-feira, 27 de maio<\/p>\n","protected":false},"author":2,"featured_media":0,"comment_status":"","ping_status":"","sticky":false,"template":"","format":"standard","meta":{"colormag_page_container_layout":"default_layout","colormag_page_sidebar_layout":"default_layout","footnotes":""},"categories":[],"tags":[],"class_list":["post-51359","post","type-post","status-publish","format-standard","hentry"],"_links":{"self":[{"href":"https:\/\/euvivoaselecao.com.br\/index.php\/wp-json\/wp\/v2\/posts\/51359","targetHints":{"allow":["GET"]}}],"collection":[{"href":"https:\/\/euvivoaselecao.com.br\/index.php\/wp-json\/wp\/v2\/posts"}],"about":[{"href":"https:\/\/euvivoaselecao.com.br\/index.php\/wp-json\/wp\/v2\/types\/post"}],"author":[{"embeddable":true,"href":"https:\/\/euvivoaselecao.com.br\/index.php\/wp-json\/wp\/v2\/users\/2"}],"replies":[{"embeddable":true,"href":"https:\/\/euvivoaselecao.com.br\/index.php\/wp-json\/wp\/v2\/comments?post=51359"}],"version-history":[{"count":0,"href":"https:\/\/euvivoaselecao.com.br\/index.php\/wp-json\/wp\/v2\/posts\/51359\/revisions"}],"wp:attachment":[{"href":"https:\/\/euvivoaselecao.com.br\/index.php\/wp-json\/wp\/v2\/media?parent=51359"}],"wp:term":[{"taxonomy":"category","embeddable":true,"href":"https:\/\/euvivoaselecao.com.br\/index.php\/wp-json\/wp\/v2\/categories?post=51359"},{"taxonomy":"post_tag","embeddable":true,"href":"https:\/\/euvivoaselecao.com.br\/index.php\/wp-json\/wp\/v2\/tags?post=51359"}],"curies":[{"name":"wp","href":"https:\/\/api.w.org\/{rel}","templated":true}]}}