{"id":51389,"date":"2025-05-29T14:17:43","date_gmt":"2025-05-29T17:17:43","guid":{"rendered":"https:\/\/euvivoaselecao.com.br\/index.php\/2025\/05\/29\/acao-conjunta-flagra-taxista-cobrando-us-150-de-turista-na-zona-oeste-prefeitura-da-cidade-do-rio-de-janeiro\/"},"modified":"2025-05-29T14:17:43","modified_gmt":"2025-05-29T17:17:43","slug":"acao-conjunta-flagra-taxista-cobrando-us-150-de-turista-na-zona-oeste-prefeitura-da-cidade-do-rio-de-janeiro","status":"publish","type":"post","link":"https:\/\/euvivoaselecao.com.br\/index.php\/2025\/05\/29\/acao-conjunta-flagra-taxista-cobrando-us-150-de-turista-na-zona-oeste-prefeitura-da-cidade-do-rio-de-janeiro\/","title":{"rendered":"A\u00e7\u00e3o conjunta flagra taxista cobrando US$ 150 de turista na Zona Oeste &#8211; Prefeitura da Cidade do Rio de Janeiro"},"content":{"rendered":"<p><\/p>\n<div id=\"main\">\n<div class=\"wrapper-breadcrumbs\" wp_automatic_readability=\"37.326752221125\">\n<p>Nesta quarta-feira (28), uma a\u00e7\u00e3o conjunta entre a Secretaria Municipal de Ordem P\u00fablica, por meio da Superintend\u00eancia de T\u00e1xi, e uma equipe do 18\u00ba BPM resultou na condu\u00e7\u00e3o de um motorista de t\u00e1xi \u00e0 delegacia, ap\u00f3s den\u00fancia de pr\u00e1tica abusiva contra um turista chileno, na Avenida Abelardo Bueno, na Zona Oeste da cidade.<\/p>\n<p>O turista, que havia solicitado uma corrida do Aeroporto do Gale\u00e3o at\u00e9 a Barra da Tijuca, relatou ter sido surpreendido com a cobran\u00e7a de 150 d\u00f3lares pelo trajeto \u2014 valor equivalente a cerca de R$ 778,00. Sentindo-se lesado, o passageiro interrompeu a corrida antes do destino final e solicitou apoio da equipe policial que atuava na regi\u00e3o.<\/p>\n<p>Durante a abordagem, constatou-se que o ve\u00edculo era conduzido por um motorista cadastrado, por\u00e9m acompanhado de um segundo indiv\u00edduo, que n\u00e3o possu\u00eda qualquer autoriza\u00e7\u00e3o para atuar no servi\u00e7o de transporte de passageiros. Ambos foram conduzidos \u00e0 32\u00aa Delegacia Policial (DP), e o caso foi posteriormente encaminhado \u00e0 Delegacia Especial de Apoio ao Turismo (DEAT), por envolver v\u00edtima estrangeira.<\/p>\n<p>A Superintend\u00eancia de T\u00e1xi informa que, por se tratar de um auxiliar irregular, a permiss\u00e3o do ve\u00edculo, a princ\u00edpio, n\u00e3o ser\u00e1 cassada. No entanto, o auxiliar perder\u00e1 o direito de exercer qualquer atividade como taxista no munic\u00edpio. A permiss\u00e3o foi imediatamente bloqueada e o ve\u00edculo, lacrado. A permission\u00e1ria respons\u00e1vel pelo t\u00e1xi ser\u00e1 convocada para prestar esclarecimentos.<\/p>\n<p>             <!-- Compartilhe ---><\/p>\n<p>\t\t\t <!-- TAGS --><\/p>\n<section class=\"category-tags\">\n<div class=\"marcacao-category\">\n<article class=\"category-post\">\n<p>Categoria: <\/p>\n<\/article>\n<li>29 de maio de 2025<\/li><\/div>\n<article class=\"tags\">\n\t\t\t\t\t\t\t\t\t<\/article>\n<\/section>\n<p>            <!-- Mais Not&iacute;cias --><\/p>\n<p>\t\t<!-- Conte&uacute;do SIDEBAR --><\/p><\/div>\n<\/p><\/div>\n","protected":false},"excerpt":{"rendered":"<p>Nesta quarta-feira (28), uma a\u00e7\u00e3o conjunta entre a Secretaria Municipal de Ordem P\u00fablica, por meio da Superintend\u00eancia de T\u00e1xi, e<\/p>\n","protected":false},"author":1,"featured_media":0,"comment_status":"","ping_status":"","sticky":false,"template":"","format":"standard","meta":{"colormag_page_container_layout":"default_layout","colormag_page_sidebar_layout":"default_layout","footnotes":""},"categories":[1],"tags":[],"class_list":["post-51389","post","type-post","status-publish","format-standard","hentry","category-sem-categoria"],"_links":{"self":[{"href":"https:\/\/euvivoaselecao.com.br\/index.php\/wp-json\/wp\/v2\/posts\/51389","targetHints":{"allow":["GET"]}}],"collection":[{"href":"https:\/\/euvivoaselecao.com.br\/index.php\/wp-json\/wp\/v2\/posts"}],"about":[{"href":"https:\/\/euvivoaselecao.com.br\/index.php\/wp-json\/wp\/v2\/types\/post"}],"author":[{"embeddable":true,"href":"https:\/\/euvivoaselecao.com.br\/index.php\/wp-json\/wp\/v2\/users\/1"}],"replies":[{"embeddable":true,"href":"https:\/\/euvivoaselecao.com.br\/index.php\/wp-json\/wp\/v2\/comments?post=51389"}],"version-history":[{"count":0,"href":"https:\/\/euvivoaselecao.com.br\/index.php\/wp-json\/wp\/v2\/posts\/51389\/revisions"}],"wp:attachment":[{"href":"https:\/\/euvivoaselecao.com.br\/index.php\/wp-json\/wp\/v2\/media?parent=51389"}],"wp:term":[{"taxonomy":"category","embeddable":true,"href":"https:\/\/euvivoaselecao.com.br\/index.php\/wp-json\/wp\/v2\/categories?post=51389"},{"taxonomy":"post_tag","embeddable":true,"href":"https:\/\/euvivoaselecao.com.br\/index.php\/wp-json\/wp\/v2\/tags?post=51389"}],"curies":[{"name":"wp","href":"https:\/\/api.w.org\/{rel}","templated":true}]}}