{"id":51390,"date":"2025-05-29T14:51:37","date_gmt":"2025-05-29T17:51:37","guid":{"rendered":"https:\/\/euvivoaselecao.com.br\/index.php\/2025\/05\/29\/26c-agencia-de-noticias-do-governo-de-mato-grosso-do-sul\/"},"modified":"2025-05-29T14:51:37","modified_gmt":"2025-05-29T17:51:37","slug":"26c-agencia-de-noticias-do-governo-de-mato-grosso-do-sul","status":"publish","type":"post","link":"https:\/\/euvivoaselecao.com.br\/index.php\/2025\/05\/29\/26c-agencia-de-noticias-do-governo-de-mato-grosso-do-sul\/","title":{"rendered":"2,6\u00b0C \u2013 Ag\u00eancia de Noticias do Governo de Mato Grosso do Sul"},"content":{"rendered":"<p><\/p>\n<div>\n<p>A esta\u00e7\u00e3o meteorol\u00f3gica instalada na semana passada na Fazenda Campo Z\u00e9lia, no munic\u00edpio de Corumb\u00e1, registrou a menor temperatura de Mato Grosso do Sul na madrugada dessa quinta-feira (29). A frente fria que encobre boa parte do continente trouxe chuvas e derrubou bruscamente as temperaturas. A m\u00ednima no Estado ficou em 2,6\u00b0C no Pantanal da Nhecol\u00e2ndia, anotada \u00e0s 6 horas de hoje (29).<\/p>\n<p>Os dados s\u00e3o do Cemtec\/MS (Centro de Monitoramento do Tempo e do Clima), \u00f3rg\u00e3o vinculado \u00e0 Secretaria de Meio Ambiente, Desenvolvimento, Ci\u00eancia, Tecnologia e Inova\u00e7\u00e3o (Semadesc), a partir de registros feitos pelas 40 esta\u00e7\u00f5es da rede estadual de meteorologia instaladas em todo territ\u00f3rio sul-mato-grossense.<\/p>\n<p>Na regi\u00e3o Sul do Estado a m\u00ednima n\u00e3o rompeu a casa de 5\u00b0C. Em Iguatemi ficou em 3,7\u00b0C, Aral Moreira 4\u00b0C, Amambai 4,1\u00b0C, Itapor\u00e3 e Ponta Por\u00e3 4,3\u00b0C e Dourados e Maracaju 4,7\u00b0C.<\/p>\n<p>As m\u00ednimas mais elevadas foram registradas nas regi\u00f5es Leste e Norte do Estado. Em Tr\u00eas Lagoas o term\u00f4metro chegou a 10,1\u00b0C; Sonora a 11,2\u00b0C, Coxim 11,4\u00b0C e Pedro Gomes 13,3\u00b0C.<\/p>\n<p>O frio deve continuar pelos pr\u00f3ximos dias enquanto a massa polar de ar frio permanecer sobre a regi\u00e3o, podendo ocorrer geada em algumas localidades. Na sexta-feira (30) s\u00e3o previstas m\u00ednimas de 4\u00b0C em Ponta Por\u00e3, Dourados e Iguatemi, mas no fim de semana as temperaturas j\u00e1 estar\u00e3o em eleva\u00e7\u00e3o, por\u00e9m ainda sem romper os 10\u00b0C na regi\u00e3o Sul do Estado, conforme Boletim Meteorol\u00f3gico do Cemtec\/MS.<\/p>\n<p><strong>Hipotermia<\/strong><\/p>\n<p>Al\u00e9m de todos os transtornos urbanos que o frio intenso causa, sobretudo junto a popula\u00e7\u00f5es em situa\u00e7\u00e3o de rua ou com abrigos prec\u00e1rios, os animais tamb\u00e9m ficam expostos e podem ser v\u00edtimas de hipotermia, uma condi\u00e7\u00e3o que ocorre quando a temperatura corporal central cai abaixo de 35 graus Celsius.<\/p>\n<p>No ano passado a hipotermia matou mais de 3 mil bovinos em 38 ocorr\u00eancias registradas em 14 munic\u00edpios sul-mato-grossenses. Em 2023 morreram pelo mesmo motivo 2.725 bovinos em fazendas. O risco, portanto, \u00e9 real e a Iagro (Ag\u00eancia Estadual de Vigil\u00e2ncia Sanit\u00e1ria Animal e Vegetal) \u00f3rg\u00e3o tamb\u00e9m vinculado \u00e0 Semadesc, lista alguns cuidados devem ser tomados para proteger o rebanho do frio.<\/p>\n<p>As medidas preventivas recomendas v\u00e3o desde: garantir suplementa\u00e7\u00e3o alimentar suficiente, especialmente nos per\u00edodos secos e durante as frentes frias; providenciar abrigos ou \u00e1reas protegidas para minimizar os efeitos de condi\u00e7\u00f5es clim\u00e1ticas extremas; manter o acompanhamento veterin\u00e1rio regular do rebanho; e seguir rigorosamente o calend\u00e1rio oficial de vacina\u00e7\u00e3o e manejo sanit\u00e1rio.<\/p>\n<p>A colabora\u00e7\u00e3o dos produtores \u00e9 essencial para manter a sanidade do rebanho, garantir a seguran\u00e7a sanit\u00e1ria e alimentar do Estado, bem como preservar a credibilidade do setor produtivo de Mato Grosso do Sul no mercado nacional e internacional.<\/p>\n<p>Em caso de mortalidade anormal de bovinos, a notifica\u00e7\u00e3o deve ser realizada pelos canais oficiais da Iagro descritos na\u00a0<span style=\"color: #0000ff;\"><strong>Nota T\u00e9cnica<\/strong>.<\/span><\/p>\n<section id=\"post-interno\">\n<\/section>\n<\/div>\n","protected":false},"excerpt":{"rendered":"<p>A esta\u00e7\u00e3o meteorol\u00f3gica instalada na semana passada na Fazenda Campo Z\u00e9lia, no munic\u00edpio de Corumb\u00e1, registrou a menor temperatura de<\/p>\n","protected":false},"author":1,"featured_media":0,"comment_status":"","ping_status":"","sticky":false,"template":"","format":"standard","meta":{"colormag_page_container_layout":"default_layout","colormag_page_sidebar_layout":"default_layout","footnotes":""},"categories":[1],"tags":[],"class_list":["post-51390","post","type-post","status-publish","format-standard","hentry","category-sem-categoria"],"_links":{"self":[{"href":"https:\/\/euvivoaselecao.com.br\/index.php\/wp-json\/wp\/v2\/posts\/51390","targetHints":{"allow":["GET"]}}],"collection":[{"href":"https:\/\/euvivoaselecao.com.br\/index.php\/wp-json\/wp\/v2\/posts"}],"about":[{"href":"https:\/\/euvivoaselecao.com.br\/index.php\/wp-json\/wp\/v2\/types\/post"}],"author":[{"embeddable":true,"href":"https:\/\/euvivoaselecao.com.br\/index.php\/wp-json\/wp\/v2\/users\/1"}],"replies":[{"embeddable":true,"href":"https:\/\/euvivoaselecao.com.br\/index.php\/wp-json\/wp\/v2\/comments?post=51390"}],"version-history":[{"count":0,"href":"https:\/\/euvivoaselecao.com.br\/index.php\/wp-json\/wp\/v2\/posts\/51390\/revisions"}],"wp:attachment":[{"href":"https:\/\/euvivoaselecao.com.br\/index.php\/wp-json\/wp\/v2\/media?parent=51390"}],"wp:term":[{"taxonomy":"category","embeddable":true,"href":"https:\/\/euvivoaselecao.com.br\/index.php\/wp-json\/wp\/v2\/categories?post=51390"},{"taxonomy":"post_tag","embeddable":true,"href":"https:\/\/euvivoaselecao.com.br\/index.php\/wp-json\/wp\/v2\/tags?post=51390"}],"curies":[{"name":"wp","href":"https:\/\/api.w.org\/{rel}","templated":true}]}}