{"id":51402,"date":"2025-05-29T16:57:36","date_gmt":"2025-05-29T19:57:36","guid":{"rendered":"https:\/\/euvivoaselecao.com.br\/index.php\/2025\/05\/29\/agencia-minas-gerais-programa-opera-mais-minas-impulsiona-cirurgias-eletivas-no-vale-do-rio-doce\/"},"modified":"2025-05-29T16:57:36","modified_gmt":"2025-05-29T19:57:36","slug":"agencia-minas-gerais-programa-opera-mais-minas-impulsiona-cirurgias-eletivas-no-vale-do-rio-doce","status":"publish","type":"post","link":"https:\/\/euvivoaselecao.com.br\/index.php\/2025\/05\/29\/agencia-minas-gerais-programa-opera-mais-minas-impulsiona-cirurgias-eletivas-no-vale-do-rio-doce\/","title":{"rendered":"Ag\u00eancia Minas Gerais | Programa Opera Mais Minas impulsiona cirurgias eletivas no Vale do Rio Doce"},"content":{"rendered":"<p><\/p>\n<div>\n<p>O programa Opera Mais Minas tem se consolidado como um pilar fundamental na redu\u00e7\u00e3o das filas de cirurgias eletivas na macrorregi\u00e3o de Sa\u00fade Leste, no Vale do Rio Doce. Desde janeiro de 2022 &#8211; data de in\u00edcio da pol\u00edtica &#8211; at\u00e9 abril de 2025, a iniciativa estadual viabilizou um total de 24.685 procedimentos cir\u00fargicos eletivos em 17 hospitais da regi\u00e3o.<\/p>\n<p>As cirurgias que lideram os procedimentos feitos pelo Opera Mais Minas, incluem remo\u00e7\u00e3o de ves\u00edcula biliar, com 1.598 procedimentos; corre\u00e7\u00e3o de h\u00e9rnias da virilha, registrando 1.483 cirurgias; vasectomia, somando 1.364; tratamento cir\u00fargico de varizes, com 964 procedimentos; corre\u00e7\u00e3o de h\u00e9rnia umbilical &#8211; 961 cirurgias; e retirada do \u00fatero, com 936 procedimentos.<\/p>\n<p>Os n\u00fameros refletem a capacidade do programa em otimizar a estrutura hospitalar, oferecendo acesso r\u00e1pido a tratamentos que melhoram a qualidade de vida e promovem a recupera\u00e7\u00e3o dos pacientes.<\/p>\n<p>Dirce Gama da Cruz Alves, de Mathias Lobato, que foi atendida pelo Opera Mais Minas em Itambacuri, comemora a realiza\u00e7\u00e3o da cirurgia. \u201cPassei por um procedimento cir\u00fargico e tudo transcorreu de maneira muito positiva. A cirurgia foi bem-sucedida, a recupera\u00e7\u00e3o est\u00e1 sendo tranquila e a cicatriza\u00e7\u00e3o ocorreu de forma excelente\u201d.<\/p>\n<p>A paciente diz que aprova plenamente a iniciativa. \u201cFiquei muito satisfeita com a forma como fui tratada, todos foram muito atenciosos, tanto o m\u00e9dico respons\u00e1vel quanto toda a equipe\u201d.<\/p>\n<p>O dirigente da Superintend\u00eancia Regional de Sa\u00fade de Governador Valadares, Romulo Gusm\u00e3o, destaca que \u201co Opera Mais Minas traz um novo panorama de acesso a cirurgias eletivas. Os hospitais est\u00e3o se modernizando para atender \u00e0s necessidades da nossa popula\u00e7\u00e3o&#8221;.<\/p>\n<p>&#8220;Esta \u00e9 uma pol\u00edtica que nos aproxima do sonho de tornar o SUS ideal uma realidade. As cirurgias eletivas, que foram um grande desafio e gargalo no sistema por muito tempo, agora est\u00e3o sendo enfrentadas com organiza\u00e7\u00e3o entre o estado e munic\u00edpios, entregando pol\u00edticas p\u00fablicas que agregam valor e promovem o bem-estar social para o cidad\u00e3o&#8221;, completou o dirigente.<\/p>\n<p><strong>Mais recursos, menos filas<\/strong><\/p>\n<p>Para o governador Romeu Zema, os investimentos s\u00e3o fruto de uma pol\u00edtica que cumpre um dos objetivos da atual gest\u00e3o: levar a sa\u00fade cada vez mais perto do cidad\u00e3o.<\/p>\n<p>\u201cCom o Opera Mais, conseguimos reduzir muito a press\u00e3o por cirurgias eletivas em todo o estado, diminuindo consideravelmente o n\u00famero de pessoas que aguardam pelos procedimentos\u201d, disse o governador, que refor\u00e7ou ainda que o tempo de espera por cirurgias tamb\u00e9m diminuiu com a implementa\u00e7\u00e3o da pol\u00edtica.<\/p>\n<p>Desde 2021, o Governo de Minas j\u00e1 repassou mais de R$ 40 milh\u00f5es em recursos para a pol\u00edtica Opera Mais Minas na regi\u00e3o do Vale do Rio Doce. Para o ano de 2025, est\u00e1 previsto um investimento adicional de mais de R$ 2,75 milh\u00f5es.<\/p>\n<p>Al\u00e9m disso, por meio do programa Valora Minas, o Estado destinou R$ 78.048.763,29 ao m\u00f3dulo Valor em Sa\u00fade desde dezembro de 2021. Dois hospitais da regi\u00e3o foram diretamente beneficiados: o Hospital Bom Samaritano, que recebeu R$ 19.727.339,88, e o Hospital Municipal de Governador Valadares, com repasse de R$ 58.321.423,40.<\/p>\n<p>O programa Valora Minas \u00e9 uma pol\u00edtica que visa melhorar a aten\u00e7\u00e3o hospitalar, expandir o acesso aos servi\u00e7os de sa\u00fade direcionando recursos financeiros para os hospitais com base em resultados e desempenho. O objetivo principal \u00e9 fortalecer a rede de aten\u00e7\u00e3o \u00e0 sa\u00fade do estado, especialmente no que diz respeito \u00e0 aten\u00e7\u00e3o hospitalar.<\/p>\n<\/p><\/div>\n","protected":false},"excerpt":{"rendered":"<p>O programa Opera Mais Minas tem se consolidado como um pilar fundamental na redu\u00e7\u00e3o das filas de cirurgias eletivas na<\/p>\n","protected":false},"author":1,"featured_media":0,"comment_status":"","ping_status":"","sticky":false,"template":"","format":"standard","meta":{"colormag_page_container_layout":"default_layout","colormag_page_sidebar_layout":"default_layout","footnotes":""},"categories":[1],"tags":[],"class_list":["post-51402","post","type-post","status-publish","format-standard","hentry","category-sem-categoria"],"_links":{"self":[{"href":"https:\/\/euvivoaselecao.com.br\/index.php\/wp-json\/wp\/v2\/posts\/51402","targetHints":{"allow":["GET"]}}],"collection":[{"href":"https:\/\/euvivoaselecao.com.br\/index.php\/wp-json\/wp\/v2\/posts"}],"about":[{"href":"https:\/\/euvivoaselecao.com.br\/index.php\/wp-json\/wp\/v2\/types\/post"}],"author":[{"embeddable":true,"href":"https:\/\/euvivoaselecao.com.br\/index.php\/wp-json\/wp\/v2\/users\/1"}],"replies":[{"embeddable":true,"href":"https:\/\/euvivoaselecao.com.br\/index.php\/wp-json\/wp\/v2\/comments?post=51402"}],"version-history":[{"count":0,"href":"https:\/\/euvivoaselecao.com.br\/index.php\/wp-json\/wp\/v2\/posts\/51402\/revisions"}],"wp:attachment":[{"href":"https:\/\/euvivoaselecao.com.br\/index.php\/wp-json\/wp\/v2\/media?parent=51402"}],"wp:term":[{"taxonomy":"category","embeddable":true,"href":"https:\/\/euvivoaselecao.com.br\/index.php\/wp-json\/wp\/v2\/categories?post=51402"},{"taxonomy":"post_tag","embeddable":true,"href":"https:\/\/euvivoaselecao.com.br\/index.php\/wp-json\/wp\/v2\/tags?post=51402"}],"curies":[{"name":"wp","href":"https:\/\/api.w.org\/{rel}","templated":true}]}}