{"id":51408,"date":"2025-05-29T18:21:40","date_gmt":"2025-05-29T21:21:40","guid":{"rendered":"https:\/\/euvivoaselecao.com.br\/index.php\/2025\/05\/29\/cicero-lucena-apresenta-avancos-de-joao-pessoa-no-2o-encontro-paraibano-de-camaras-municipais\/"},"modified":"2025-05-29T18:21:40","modified_gmt":"2025-05-29T21:21:40","slug":"cicero-lucena-apresenta-avancos-de-joao-pessoa-no-2o-encontro-paraibano-de-camaras-municipais","status":"publish","type":"post","link":"https:\/\/euvivoaselecao.com.br\/index.php\/2025\/05\/29\/cicero-lucena-apresenta-avancos-de-joao-pessoa-no-2o-encontro-paraibano-de-camaras-municipais\/","title":{"rendered":"C\u00edcero Lucena apresenta avan\u00e7os de Jo\u00e3o Pessoa no 2\u00ba Encontro Paraibano de C\u00e2maras Municipais"},"content":{"rendered":"<p><\/p>\n<div>\n<p>O prefeito C\u00edcero Lucena apresentou a palestra \u2018Jo\u00e3o Pessoa: mais que a queridinha do Brasil\u2019, nesta quinta-feira (29), durante o 2\u00ba Encontro Paraibano de C\u00e2maras Municipais, promovido pela C\u00e2mara Municipal de Jo\u00e3o Pessoa (CMJP). Na ocasi\u00e3o, o gestor destacou os avan\u00e7os e investimentos que t\u00eam feito da capital paraibana uma cidade mais humana, acess\u00edvel, inclusiva e preparada para o futuro.<\/p>\n<figure class=\"wp-block-gallery has-nested-images columns-default is-cropped wp-block-gallery-1 is-layout-flex wp-block-gallery-is-layout-flex\">\n<figure class=\"wp-block-image size-large\"><\/figure>\n<\/figure>\n<p>O 2\u00ba Encontro Paraibano de C\u00e2maras Municipais segue nesta sexta-feira (30), no Centro de Conven\u00e7\u00f5es de Jo\u00e3o Pessoa. Neste primeiro dia, o evento come\u00e7ou com a apresenta\u00e7\u00e3o de stand-up do humorista Z\u00e9 Lezin. Em seguida, o vereador e artista M\u00f4 Lima realizou a execu\u00e7\u00e3o do Hino Nacional tocando sanfona.<\/p>\n<p>Em sua palestra, C\u00edcero Lucena ressaltou o orgulho em governar a terceira capital mais antiga do Brasil, \u201conde o sol nasce primeiro\u201d, e reafirmou seu compromisso com uma gest\u00e3o voltada para o desenvolvimento humano e sustent\u00e1vel.<\/p>\n<p>Entre os destaques, ele refor\u00e7ou os investimentos robustos na Educa\u00e7\u00e3o. Segundo ele, 50% das escolas municipais j\u00e1 foram reconstru\u00eddas, com padr\u00e3o de qualidade, inclus\u00e3o digital e distribui\u00e7\u00e3o de tablets a partir do 3\u00ba ano. Professores foram equipados com Chromebooks e, nas salas de aula, programas de forma\u00e7\u00e3o em programa\u00e7\u00e3o capacitam alunos dos 8\u00ba e 9\u00ba anos, com mil deles atuando como monitores remunerados. Al\u00e9m disso, 200 tutores universit\u00e1rios d\u00e3o suporte a esses estudantes.<\/p>\n<p>\u201cA aten\u00e7\u00e3o especial \u00e0s crian\u00e7as autistas tamb\u00e9m \u00e9 um marco dessa gest\u00e3o. A rede municipal de ensino j\u00e1 atende mais de 3.750 crian\u00e7as com o suporte de 2.500 cuidadores. Nossas escolas se transformaram em ninhos de amor\u201d, ressaltou C\u00edcero Lucena, destacando a instala\u00e7\u00e3o de salas de crise e mesas digitais para melhor adapta\u00e7\u00e3o e acolhimento.<\/p>\n<figure class=\"wp-block-gallery has-nested-images columns-default is-cropped wp-block-gallery-2 is-layout-flex wp-block-gallery-is-layout-flex\">\n<figure class=\"wp-block-image\"><\/figure>\n<figure class=\"wp-block-image\"><\/figure>\n<\/figure>\n<p><strong>Sa\u00fade p\u00fablica de qualidade \u2013<\/strong> Jo\u00e3o Pessoa registra avan\u00e7os estruturantes. O Munic\u00edpio zerou a fila de cirurgias com o programa \u2018Opera Jo\u00e3o Pessoa\u2019, em parceria com o programa \u2018Opera Para\u00edba\u2019, do Governo do Estado. Tamb\u00e9m retomou cirurgias bari\u00e1tricas e criou um SPA no Hospital Municipal Santa Isabel para pacientes com obesidade. Outras a\u00e7\u00f5es incluem a cria\u00e7\u00e3o do Hospital Dia, servi\u00e7o pr\u00f3prio de hemodi\u00e1lise e atendimento emergencial para v\u00edtimas de infarto, com sistema de exames integrado ao Minist\u00e9rio da Sa\u00fade (MS).<\/p>\n<p>At\u00e9 outubro deste ano, a cidade deve alcan\u00e7ar 100% de cobertura com as Equipes de Sa\u00fade da Fam\u00edlia (ESFs), somando 242 equipes. Al\u00e9m disso, o novo modelo das \u2018Upinhas\u2019 \u2013 unidades que funcionar\u00e3o 24h \u2013 ser\u00e1 implantado nos cinco Distritos Sanit\u00e1rios da Capital, refor\u00e7ando a aten\u00e7\u00e3o prim\u00e1ria noturna.<\/p>\n<p><strong>Mobilidade, turismo e crescimento econ\u00f4mico<\/strong> \u2013 O prefeito destacou ainda o projeto \u2018Orla Sul\u2019, que integra mobilidade, turismo e lazer em parceria com o Governo do Estado. Os corredores urbanos est\u00e3o sendo transformados em parques lineares, refor\u00e7ando a proposta de uma cidade mais verde e integrada.<\/p>\n<p>Jo\u00e3o Pessoa tamb\u00e9m vive um momento de aquecimento econ\u00f4mico. O PIB cresceu 7,7%, com mais de 50 mil empregos gerados nos \u00faltimos tr\u00eas anos. Programas como o \u2018Eu Posso\u2019, em parceria com o Sebrae, oferecem microcr\u00e9dito e qualifica\u00e7\u00e3o a microempreendedores. Iniciativas como \u2018Viva o Centro\u2019 buscam revitalizar o Centro Hist\u00f3rico com incentivos fiscais e parceria estadual, o que j\u00e1 resultou no aumento de 83% da arrecada\u00e7\u00e3o municipal.<\/p>\n<p>Com apoio do Governo da Para\u00edba, a cidade vem se destacando no cen\u00e1rio tur\u00edstico nacional e internacional. O polo tur\u00edstico em implanta\u00e7\u00e3o prev\u00ea R$ 2 bilh\u00f5es em investimentos, com 14 mil novos leitos e previs\u00e3o de gera\u00e7\u00e3o de 25 mil empregos. Eventos como o Forr\u00f3 Ver\u00e3o, que reuniu milhares de pessoas, tamb\u00e9m refor\u00e7am a voca\u00e7\u00e3o cultural e tur\u00edstica da Capital.<\/p>\n<figure class=\"wp-block-gallery has-nested-images columns-default is-cropped wp-block-gallery-3 is-layout-flex wp-block-gallery-is-layout-flex\">\n<figure class=\"wp-block-image size-large\"><\/figure>\n<figure class=\"wp-block-image size-large\"><\/figure>\n<figure class=\"wp-block-image size-large\"><\/figure>\n<figure class=\"wp-block-image size-large\"><\/figure>\n<figure class=\"wp-block-image size-large\"><\/figure>\n<figure class=\"wp-block-image size-large\"><\/figure>\n<\/figure>\n<p><strong>Desenvolvimento social <\/strong>\u2013 O governador Jo\u00e3o Azev\u00eado destacou a import\u00e2ncia do protagonismo do gestor p\u00fablico na efetiva\u00e7\u00e3o das pol\u00edticas p\u00fablicas e no fortalecimento dos setores estrat\u00e9gicos do Estado. Segundo ele, quando o governo passa a investir de forma planejada em uma determinada \u00e1rea, atrai naturalmente novos investimentos, impulsionando o desenvolvimento.<\/p>\n<p>\u201cA Para\u00edba, hoje, se destaca por sua estabilidade econ\u00f4mica, equil\u00edbrio fiscal e seguran\u00e7a jur\u00eddica e pol\u00edtica \u2013 pilares que criam um ambiente prop\u00edcio para o crescimento sustent\u00e1vel. Indicadores como o \u00cdndice de Progresso Social t\u00eam mostrado que o estado est\u00e1 avan\u00e7ando n\u00e3o apenas economicamente, mas tamb\u00e9m na qualidade de vida dos paraibanos\u201d, ressaltou.<\/p>\n<p><strong>Reconhecimento e municipalismo<\/strong> \u2013 O ministro do Tribunal de Contas da Uni\u00e3o (TCU), Weder de Oliveira, que participou do evento, foi homenageado com o t\u00edtulo de Cidad\u00e3o Pessoense e destacou o potencial tur\u00edstico e econ\u00f4mico da Para\u00edba. Em sua palestra, defendeu o fortalecimento do municipalismo e a coopera\u00e7\u00e3o entre os entes federativos como pilares para o desenvolvimento do Pa\u00eds. \u201cA nossa Constitui\u00e7\u00e3o assegura o progresso nacional em \u00e1reas como sa\u00fade, educa\u00e7\u00e3o, habita\u00e7\u00e3o e social. Para isso, \u00e9 necess\u00e1rio o alinhamento entre governos federal, estadual e municipal\u201d, relatou.<\/p>\n<figure class=\"wp-block-gallery has-nested-images columns-default is-cropped wp-block-gallery-4 is-layout-flex wp-block-gallery-is-layout-flex\">\n<figure class=\"wp-block-image size-large\"><\/figure>\n<figure class=\"wp-block-image size-large\"><\/figure>\n<figure class=\"wp-block-image size-large\"><\/figure>\n<\/figure>\n<p>O presidente da CMJP, vereador Dinho Dowsley, agradeceu aos participantes e destacou a import\u00e2ncia do encontro para o fortalecimento do parlamento municipalista. \u201c\u00c9 uma satisfa\u00e7\u00e3o estar reunindo aqui tantos chefes e atores do Legislativo, n\u00e3o s\u00f3 da Para\u00edba, mas do Brasil inteiro, v\u00e1rios representantes de entidades s\u00e9rias de todo o Pa\u00eds. Jo\u00e3o Pessoa hoje est\u00e1 com prest\u00edgio, realizando um evento com mais de 1.600 inscritos, que j\u00e1 \u00e9 um sucesso\u201d, destacou.<\/p>\n<p>O evento ainda contou com a participa\u00e7\u00e3o do presidente do Tribunal de Contas do Estado da Para\u00edba (TCE-PB), conselheiro F\u00e1bio Nogueira; e da presidente da Uni\u00e3o de Vereadores do Brasil na Para\u00edba, Waleska Maimone.<\/p>\n<\/p><\/div>\n","protected":false},"excerpt":{"rendered":"<p>O prefeito C\u00edcero Lucena apresentou a palestra \u2018Jo\u00e3o Pessoa: mais que a queridinha do Brasil\u2019, nesta quinta-feira (29), durante o<\/p>\n","protected":false},"author":1,"featured_media":0,"comment_status":"","ping_status":"","sticky":false,"template":"","format":"standard","meta":{"colormag_page_container_layout":"default_layout","colormag_page_sidebar_layout":"default_layout","footnotes":""},"categories":[1],"tags":[],"class_list":["post-51408","post","type-post","status-publish","format-standard","hentry","category-sem-categoria"],"_links":{"self":[{"href":"https:\/\/euvivoaselecao.com.br\/index.php\/wp-json\/wp\/v2\/posts\/51408","targetHints":{"allow":["GET"]}}],"collection":[{"href":"https:\/\/euvivoaselecao.com.br\/index.php\/wp-json\/wp\/v2\/posts"}],"about":[{"href":"https:\/\/euvivoaselecao.com.br\/index.php\/wp-json\/wp\/v2\/types\/post"}],"author":[{"embeddable":true,"href":"https:\/\/euvivoaselecao.com.br\/index.php\/wp-json\/wp\/v2\/users\/1"}],"replies":[{"embeddable":true,"href":"https:\/\/euvivoaselecao.com.br\/index.php\/wp-json\/wp\/v2\/comments?post=51408"}],"version-history":[{"count":0,"href":"https:\/\/euvivoaselecao.com.br\/index.php\/wp-json\/wp\/v2\/posts\/51408\/revisions"}],"wp:attachment":[{"href":"https:\/\/euvivoaselecao.com.br\/index.php\/wp-json\/wp\/v2\/media?parent=51408"}],"wp:term":[{"taxonomy":"category","embeddable":true,"href":"https:\/\/euvivoaselecao.com.br\/index.php\/wp-json\/wp\/v2\/categories?post=51408"},{"taxonomy":"post_tag","embeddable":true,"href":"https:\/\/euvivoaselecao.com.br\/index.php\/wp-json\/wp\/v2\/tags?post=51408"}],"curies":[{"name":"wp","href":"https:\/\/api.w.org\/{rel}","templated":true}]}}