{"id":51430,"date":"2025-05-29T22:33:46","date_gmt":"2025-05-30T01:33:46","guid":{"rendered":"https:\/\/euvivoaselecao.com.br\/index.php\/2025\/05\/29\/riofilme-anuncia-programa-de-fomento-ao-audiovisual-carioca-2025-prefeitura-da-cidade-do-rio-de-janeiro\/"},"modified":"2025-05-29T22:33:46","modified_gmt":"2025-05-30T01:33:46","slug":"riofilme-anuncia-programa-de-fomento-ao-audiovisual-carioca-2025-prefeitura-da-cidade-do-rio-de-janeiro","status":"publish","type":"post","link":"https:\/\/euvivoaselecao.com.br\/index.php\/2025\/05\/29\/riofilme-anuncia-programa-de-fomento-ao-audiovisual-carioca-2025-prefeitura-da-cidade-do-rio-de-janeiro\/","title":{"rendered":"RioFilme\u00a0anuncia\u00a0Programa\u00a0de\u00a0Fomento\u00a0ao\u00a0Audiovisual Carioca 2025 &#8211; Prefeitura da Cidade do Rio de Janeiro"},"content":{"rendered":"<p><\/p>\n<div wp_automatic_readability=\"92.409048938135\">\n<p>A RioFilme, \u00f3rg\u00e3o da Secretaria Municipal de Cultura, anunciou, nesta quinta-feira (29\/5), no Rio2C, o cronograma e o detalhamento do Programa de Fomento ao Audiovisual Carioca da RioFilme, para 2025. Este ano, a Prefeitura vai investir o valor recorde de R$ 131,1 milh\u00f5es em recursos, a partir de um arranjo regional com o Governo Federal, via Ancine, e o Fundo setorial do Audiovisual. Deste total, j\u00e1 foram investidos e contratados R$ 31,1 milh\u00e3o em 92 projetos. O an\u00fancio aconteceu durante o painel \u201cO futuro do audiovisual brasileiro: Inclus\u00e3o, sustentabilidade e desenvolvimento econ\u00f4mico\u201d, realizado na Screeening Room do evento. O painel foi conduzido por Leonardo Edde, diretor-presidente da RioFilme, e teve como convidados o diretor- presidente da Ancine, Alex Braga, e o secret\u00e1rio executivo do Minist\u00e9rio da Cultura, Marcio Tavares.<\/p>\n<p>Leonardo Edde destacou a import\u00e2ncia da gest\u00e3o dos investimentos p\u00fablicos para que impactem de forma org\u00e2nica o setor e a economia do munic\u00edpio.<\/p>\n<blockquote wp_automatic_readability=\"19\">\n<p>\u2013\u00a0\u00a0Contamos com a vontade pol\u00edtica do nosso prefeito, porque sem ela n\u00e3o adianta investimentos. S\u00f3 assim geramos previsibilidade e confian\u00e7a, \u2013 a base dos neg\u00f3cios \u2013 , e tamb\u00e9m gera inova\u00e7\u00e3o e tecnologia de ponta para atrair outros investimentos. A prefeitura aposta e investe, mas n\u00e3o podemos nos limitar a essa fonte, \u00e9 preciso que isso se multiplique, atraindo outros investimentos, impactando a autoestima, gerando emprego, renda, desenvolvimento social, cultural e econ\u00f4mico.<\/p>\n<\/blockquote>\n<p>M\u00e1rcio Tavares sublinhou a import\u00e2ncia de ver materializado o resultado desse trabalho em conjunto, e afirmou que \u201cquando a gente encontra uma gest\u00e3o que v\u00ea o audiovisual como estrat\u00e9gia central para o desenvolvimento e forma\u00e7\u00e3o de uma ind\u00fastria e de forma\u00e7\u00e3o de linguagem e da cidadania, essa parceria ganha um outro vulto, que \u00e9 o que n\u00f3s estamos vendo no lan\u00e7amento deste edital pela RioFilme.<\/p>\n<p>Alex Braga comentou sobre os tr\u00eas pilares convergentes na parceria entre a RioFilme e a Ancice: transpar\u00eancia, em que ele destacou o Observat\u00f3rio do Audiovisual Carioca; previsibilidade e a cria\u00e7\u00e3o de uma estrat\u00e9gia de investimentos e destacou a import\u00e2ncia da parceria da Ag\u00eancia com o Rio de Janeiro.<\/p>\n<blockquote wp_automatic_readability=\"8\">\n<p>\u2013\u00a0\u00a0O Rio fala ao Brasil e fala ao mundo em nome do Brasil. Atrav\u00e9s do Rio, o pa\u00eds se identifica com a nossa cultura e identidade. Essa nossa parceria com a RioFilme parte de uma premissa fundamental para avan\u00e7ar o desenvolvimento da ind\u00fastria audiovisual.<\/p>\n<\/blockquote>\n<p>O cronograma do Programa de Fomento ao Audiovisual Carioca 2025, anunciado na manh\u00e3 de hoje, prev\u00ea que as inscri\u00e7\u00f5es sejam abertas em 25 de junho. Antes disso, os editais passar\u00e3o por Consulta P\u00fablica para as contribui\u00e7\u00f5es do setor. O per\u00edodo da consulta se inicia na segunda-feira (2\/6) e se estende at\u00e9 15 de junho. As contribui\u00e7\u00f5es poder\u00e3o ser feitas pelo endere\u00e7o eletr\u00f4nico: fomento.riofilme@prefeitura.rio.<\/p>\n<p><strong>O Programa de Fomento ao Audiovisual Carioca 2025 se organizou da seguinte\u00a0forma:<\/strong><\/p>\n<p>\u2013 R$ 8 milh\u00f5es para Distribui\u00e7\u00e3o de Longa-Metragem distribu\u00eddos entre 10 projetos com at\u00e9 R$1 milh\u00e3o<\/p>\n<p>\u2013 R$ 59 milh\u00f5es para Complementa\u00e7\u00e3o ou Produ\u00e7\u00e3o de Longa-Metragem de Fic\u00e7\u00e3o e Anima\u00e7\u00e3o distribu\u00eddos em R$ 39 milh\u00f5es para filmes com or\u00e7amento acima de R$ 5 milh\u00f5es (12 projetos que receber\u00e3o at\u00e9 R$ 4 milh\u00f5es) e R$ 20 milh\u00f5es para filmes com or\u00e7amento de at\u00e9 R$ 5 milh\u00f5es (dez projetos receber\u00e3o at\u00e9 R$ 2.5 milh\u00f5es)<\/p>\n<p>\u2013 R$ 16 milh\u00f5es para Complementa\u00e7\u00e3o ou Produ\u00e7\u00e3o de S\u00e9rie de Fic\u00e7\u00e3o e Anima\u00e7\u00e3o distribu\u00eddos entre seis projetos com at\u00e9 R$ 4 milh\u00f5es<\/p>\n<p>\u2013 R$ 12 milh\u00f5es para Complementa\u00e7\u00e3o ou Produ\u00e7\u00e3o de Document\u00e1rio para Cinema, TV e Streaming distribu\u00eddos entre 14 projetos que receber\u00e3o at\u00e9\u00a0 R$ 1 milh\u00e3o<\/p>\n<p>\u2013 R$ 5 milh\u00f5es para Desenvolvimento de Projetos para Cinema, TV e Streaming distribu\u00eddos da seguinte forma: R$ 1.5 milh\u00e3o para longas-metragens de fic\u00e7\u00e3o (R$ 250 mil para seis projetos); R$ 1.5 milh\u00e3o para s\u00e9ries de fic\u00e7\u00e3o (R$ 250 mil para seis projetos); R$ 1 milh\u00e3o para longas, telefilme e s\u00e9ries de Anima\u00e7\u00e3o (R$ 250 mil para quatro projetos) e R$ 1 milh\u00e3o para longas, s\u00e9ries e telefilmes de document\u00e1rio (R$ 250 mil para quatro projetos).<\/p>\n<p>Os editais tamb\u00e9m foram tema do painel: Encontro com a RioFilme \u2013 Programa de Fomento ao Audiovisual 2025,\u00a0 \u00a0em\u00a0\u00a0\u00a0que o diretor de Investimentos da RioFilme, Maur\u00edcio Hirata, conversou com Fabiana Trindade, representante da Secretaria de Financiamento da Ancine. A apresenta\u00e7\u00e3o foi realizada na Sala RioFilme tamb\u00e9m na tarde desta quinta-feira. No painel, Hirata detalhou os crit\u00e9rios e regras dos editais de 2025, bem como a pol\u00edtica afirmativa e pontua\u00e7\u00f5es adicionais que ser\u00e3o praticadas pela RioFilme.<\/p>\n<p>             <!-- Compartilhe ---><\/p>\n<p>\t\t\t <!-- TAGS --><\/p>\n<section class=\"category-tags\">\n<div class=\"marcacao-category\">\n<article class=\"category-post\">\n<p>Categoria: <\/p>\n<\/article>\n<li>29 de maio de 2025<\/li><\/div>\n<article class=\"tags\">\n\t\t\t\t\tMarca\u00e7\u00f5es: Ancine audiovisual Programa de Fomento ao Audiovisual Carioca recursos RioFilme<br \/><\/article>\n<\/section>\n<p>            <!-- Mais Not&iacute;cias --><\/p>\n<p>\t\t<!-- Conte&uacute;do SIDEBAR --><\/p><\/div>\n","protected":false},"excerpt":{"rendered":"<p>A RioFilme, \u00f3rg\u00e3o da Secretaria Municipal de Cultura, anunciou, nesta quinta-feira (29\/5), no Rio2C, o cronograma e o detalhamento do<\/p>\n","protected":false},"author":1,"featured_media":0,"comment_status":"","ping_status":"","sticky":false,"template":"","format":"standard","meta":{"colormag_page_container_layout":"default_layout","colormag_page_sidebar_layout":"default_layout","footnotes":""},"categories":[1],"tags":[],"class_list":["post-51430","post","type-post","status-publish","format-standard","hentry","category-sem-categoria"],"_links":{"self":[{"href":"https:\/\/euvivoaselecao.com.br\/index.php\/wp-json\/wp\/v2\/posts\/51430","targetHints":{"allow":["GET"]}}],"collection":[{"href":"https:\/\/euvivoaselecao.com.br\/index.php\/wp-json\/wp\/v2\/posts"}],"about":[{"href":"https:\/\/euvivoaselecao.com.br\/index.php\/wp-json\/wp\/v2\/types\/post"}],"author":[{"embeddable":true,"href":"https:\/\/euvivoaselecao.com.br\/index.php\/wp-json\/wp\/v2\/users\/1"}],"replies":[{"embeddable":true,"href":"https:\/\/euvivoaselecao.com.br\/index.php\/wp-json\/wp\/v2\/comments?post=51430"}],"version-history":[{"count":0,"href":"https:\/\/euvivoaselecao.com.br\/index.php\/wp-json\/wp\/v2\/posts\/51430\/revisions"}],"wp:attachment":[{"href":"https:\/\/euvivoaselecao.com.br\/index.php\/wp-json\/wp\/v2\/media?parent=51430"}],"wp:term":[{"taxonomy":"category","embeddable":true,"href":"https:\/\/euvivoaselecao.com.br\/index.php\/wp-json\/wp\/v2\/categories?post=51430"},{"taxonomy":"post_tag","embeddable":true,"href":"https:\/\/euvivoaselecao.com.br\/index.php\/wp-json\/wp\/v2\/tags?post=51430"}],"curies":[{"name":"wp","href":"https:\/\/api.w.org\/{rel}","templated":true}]}}