{"id":51434,"date":"2025-05-29T23:15:44","date_gmt":"2025-05-30T02:15:44","guid":{"rendered":"https:\/\/euvivoaselecao.com.br\/index.php\/2025\/05\/29\/secretaria-de-meio-realiza-acoes-durante-a-semana-do-meio-ambiente-prefeitura-estancia-turistica-guaratingueta\/"},"modified":"2025-05-29T23:15:44","modified_gmt":"2025-05-30T02:15:44","slug":"secretaria-de-meio-realiza-acoes-durante-a-semana-do-meio-ambiente-prefeitura-estancia-turistica-guaratingueta","status":"publish","type":"post","link":"https:\/\/euvivoaselecao.com.br\/index.php\/2025\/05\/29\/secretaria-de-meio-realiza-acoes-durante-a-semana-do-meio-ambiente-prefeitura-estancia-turistica-guaratingueta\/","title":{"rendered":"Secretaria de Meio realiza a\u00e7\u00f5es durante a Semana do Meio Ambiente \u2013 Prefeitura Est\u00e2ncia Tur\u00edstica Guaratinguet\u00e1"},"content":{"rendered":"<p><\/p>\n<div>\n<p>\u00a0<\/p>\n<p>No dia 5 de junho \u00e9 comemorado o Dia Mundial do Meio Ambiente e para lembrar essa importante data, a Secretaria de Meio Ambiente de Guaratinguet\u00e1 realiza diversas palestras, com o T\u00e9cnico Ambiental do setor, Thiago Tagiba. O intuito \u00e9 refor\u00e7ar os Objetivos de Desenvolvimento Sustent\u00e1vel (ODS).<\/p>\n<p>Essas atividades est\u00e3o alinhadas com as diretrizes do Programa Munic\u00edpio Verde Azul do Estado de S\u00e3o Paulo.<\/p>\n<p>Confira a programa\u00e7\u00e3o e as ODS atendidas:<\/p>\n<p>\ud83d\udccc 30\/05 \u2013 EMEF Santa Terezinha (Canas\/SP) \u2013 Palestra sobre queimadas urbanas com a participa\u00e7\u00e3o da Defesa Civil. O evento com entrada livre, ocorrer\u00e1 no Parque Anthero dos Santos, em dois per\u00edodos 9h e \u00e0s 13h.<br \/>\u2705 ODS 11 \u2013 Cidades e Comunidades Sustent\u00e1veis<br \/>\u2192 Meta 11.6: Reduzir o impacto ambiental negativo per capita das cidades, incluindo a qualidade do ar e gest\u00e3o de res\u00edduos.<br \/>\u2705 ODS 13 \u2013 A\u00e7\u00e3o Contra a Mudan\u00e7a Global do Clima<br \/>\u2192 Meta 13.3: Melhorar a educa\u00e7\u00e3o e conscientiza\u00e7\u00e3o sobre mudan\u00e7as clim\u00e1ticas.<br \/>\u2705 ODS 15 \u2013 Vida Terrestre<br \/>\u2192 Meta 15.1: Assegurar a conserva\u00e7\u00e3o de ecossistemas terrestres e evitar a degrada\u00e7\u00e3o do solo.<\/p>\n<p>\ud83d\udccc 05\/06 \u2013 Escola Mittidieri: Palestra sobre maus-tratos a animais dom\u00e9sticos.<br \/>\u2705 ODS 15 \u2013 Vida Terrestre<br \/>\u2192 Meta 15.5: Reduzir a degrada\u00e7\u00e3o de habitats e proteger a biodiversidade (incluindo animais dom\u00e9sticos).<br \/>\u2705 ODS 16 \u2013 Paz, Justi\u00e7a e Institui\u00e7\u00f5es Eficazes<br \/>\u2192 Meta 16.1: Reduzir todas as formas de viol\u00eancia (incluindo maus-tratos a animais).<br \/>\u2705 ODS 4 \u2013 Educa\u00e7\u00e3o de Qualidade<br \/>\u2192 Meta 4.7: Promover uma cultura de paz e sustentabilidade.<\/p>\n<p>\ud83d\udccc 06\/06 \u2013 FATEC: Palestra sobre arboriza\u00e7\u00e3o urbana para futuros gestores.<br \/>\u2705 ODS 11 \u2013 Cidades e Comunidades Sustent\u00e1veis<br \/>\u2192 Meta 11.7: Proporcionar acesso universal a espa\u00e7os verdes e p\u00fablicos seguros.<br \/>\u2705 ODS 13 \u2013 A\u00e7\u00e3o Contra a Mudan\u00e7a Global do Clima<br \/>\u2192 Meta 13.3: Conscientiza\u00e7\u00e3o sobre sustentabilidade ambiental.<br \/>\u2705 ODS 15 \u2013 Vida Terrestre<br \/>\u2192 Meta 15.2: Promover a gest\u00e3o sustent\u00e1vel de florestas e arboriza\u00e7\u00e3o.<\/p>\n<p>A Secretaria informa tamb\u00e9m que no dia 04\/06 ser\u00e1 realizado o Lan\u00e7amento do Edital de Chamamento n\u00b0 001\/2025 do Programa Produtor de \u00c1gua.<\/p>\n<p>A Prefeitura reafirma seu compromisso com a preserva\u00e7\u00e3o da natureza e o futuro sustent\u00e1vel de nossa cidade.<\/p>\n<\/p><\/div>\n","protected":false},"excerpt":{"rendered":"<p>\u00a0 No dia 5 de junho \u00e9 comemorado o Dia Mundial do Meio Ambiente e para lembrar essa importante data,<\/p>\n","protected":false},"author":1,"featured_media":0,"comment_status":"","ping_status":"","sticky":false,"template":"","format":"standard","meta":{"colormag_page_container_layout":"default_layout","colormag_page_sidebar_layout":"default_layout","footnotes":""},"categories":[1],"tags":[],"class_list":["post-51434","post","type-post","status-publish","format-standard","hentry","category-sem-categoria"],"_links":{"self":[{"href":"https:\/\/euvivoaselecao.com.br\/index.php\/wp-json\/wp\/v2\/posts\/51434","targetHints":{"allow":["GET"]}}],"collection":[{"href":"https:\/\/euvivoaselecao.com.br\/index.php\/wp-json\/wp\/v2\/posts"}],"about":[{"href":"https:\/\/euvivoaselecao.com.br\/index.php\/wp-json\/wp\/v2\/types\/post"}],"author":[{"embeddable":true,"href":"https:\/\/euvivoaselecao.com.br\/index.php\/wp-json\/wp\/v2\/users\/1"}],"replies":[{"embeddable":true,"href":"https:\/\/euvivoaselecao.com.br\/index.php\/wp-json\/wp\/v2\/comments?post=51434"}],"version-history":[{"count":0,"href":"https:\/\/euvivoaselecao.com.br\/index.php\/wp-json\/wp\/v2\/posts\/51434\/revisions"}],"wp:attachment":[{"href":"https:\/\/euvivoaselecao.com.br\/index.php\/wp-json\/wp\/v2\/media?parent=51434"}],"wp:term":[{"taxonomy":"category","embeddable":true,"href":"https:\/\/euvivoaselecao.com.br\/index.php\/wp-json\/wp\/v2\/categories?post=51434"},{"taxonomy":"post_tag","embeddable":true,"href":"https:\/\/euvivoaselecao.com.br\/index.php\/wp-json\/wp\/v2\/tags?post=51434"}],"curies":[{"name":"wp","href":"https:\/\/api.w.org\/{rel}","templated":true}]}}