{"id":51548,"date":"2025-05-31T00:28:45","date_gmt":"2025-05-31T03:28:45","guid":{"rendered":"https:\/\/euvivoaselecao.com.br\/index.php\/2025\/05\/31\/guaratingueta-avanca-na-regularizacao-do-polo-industrial-2-prefeitura-estancia-turistica-guaratingueta\/"},"modified":"2025-05-31T00:28:45","modified_gmt":"2025-05-31T03:28:45","slug":"guaratingueta-avanca-na-regularizacao-do-polo-industrial-2-prefeitura-estancia-turistica-guaratingueta","status":"publish","type":"post","link":"https:\/\/euvivoaselecao.com.br\/index.php\/2025\/05\/31\/guaratingueta-avanca-na-regularizacao-do-polo-industrial-2-prefeitura-estancia-turistica-guaratingueta\/","title":{"rendered":"Guaratinguet\u00e1 avan\u00e7a na regulariza\u00e7\u00e3o do Polo Industrial 2 \u2013 Prefeitura Est\u00e2ncia Tur\u00edstica Guaratinguet\u00e1"},"content":{"rendered":"<p><\/p>\n<div>\n<p>A Prefeitura de Guaratinguet\u00e1 entregou oficialmente ao Cart\u00f3rio de Registro de Im\u00f3veis, a documenta\u00e7\u00e3o necess\u00e1ria para a regulariza\u00e7\u00e3o das matr\u00edculas do Polo Industrial 2. O processo marca um importante passo para a valoriza\u00e7\u00e3o e o crescimento do setor industrial no munic\u00edpio.<\/p>\n<p>\u00a0<\/p>\n<p>A a\u00e7\u00e3o \u00e9 resultado do trabalho conjunto entre diversas secretarias e o cart\u00f3rio local, fortalecendo a seguran\u00e7a jur\u00eddica das \u00e1reas destinadas ao desenvolvimento econ\u00f4mico.<\/p>\n<p>\u00a0<\/p>\n<p>As empresas que j\u00e1 fazem parte do Polo Industrial 2 ser\u00e3o contempladas com a regulariza\u00e7\u00e3o das matr\u00edculas.<\/p>\n<\/p><\/div>\n","protected":false},"excerpt":{"rendered":"<p>A Prefeitura de Guaratinguet\u00e1 entregou oficialmente ao Cart\u00f3rio de Registro de Im\u00f3veis, a documenta\u00e7\u00e3o necess\u00e1ria para a regulariza\u00e7\u00e3o das matr\u00edculas<\/p>\n","protected":false},"author":1,"featured_media":0,"comment_status":"","ping_status":"","sticky":false,"template":"","format":"standard","meta":{"colormag_page_container_layout":"default_layout","colormag_page_sidebar_layout":"default_layout","footnotes":""},"categories":[1],"tags":[],"class_list":["post-51548","post","type-post","status-publish","format-standard","hentry","category-sem-categoria"],"_links":{"self":[{"href":"https:\/\/euvivoaselecao.com.br\/index.php\/wp-json\/wp\/v2\/posts\/51548","targetHints":{"allow":["GET"]}}],"collection":[{"href":"https:\/\/euvivoaselecao.com.br\/index.php\/wp-json\/wp\/v2\/posts"}],"about":[{"href":"https:\/\/euvivoaselecao.com.br\/index.php\/wp-json\/wp\/v2\/types\/post"}],"author":[{"embeddable":true,"href":"https:\/\/euvivoaselecao.com.br\/index.php\/wp-json\/wp\/v2\/users\/1"}],"replies":[{"embeddable":true,"href":"https:\/\/euvivoaselecao.com.br\/index.php\/wp-json\/wp\/v2\/comments?post=51548"}],"version-history":[{"count":0,"href":"https:\/\/euvivoaselecao.com.br\/index.php\/wp-json\/wp\/v2\/posts\/51548\/revisions"}],"wp:attachment":[{"href":"https:\/\/euvivoaselecao.com.br\/index.php\/wp-json\/wp\/v2\/media?parent=51548"}],"wp:term":[{"taxonomy":"category","embeddable":true,"href":"https:\/\/euvivoaselecao.com.br\/index.php\/wp-json\/wp\/v2\/categories?post=51548"},{"taxonomy":"post_tag","embeddable":true,"href":"https:\/\/euvivoaselecao.com.br\/index.php\/wp-json\/wp\/v2\/tags?post=51548"}],"curies":[{"name":"wp","href":"https:\/\/api.w.org\/{rel}","templated":true}]}}