{"id":51550,"date":"2025-05-31T00:56:49","date_gmt":"2025-05-31T03:56:49","guid":{"rendered":"https:\/\/euvivoaselecao.com.br\/index.php\/2025\/05\/31\/trecho-da-estrada-guandu-do-sape-sera-interditado-para-construcao-de-galerias-de-aguas-pluviais-prefeitura-da-cidade-do-rio-de-janeiro\/"},"modified":"2025-05-31T00:56:49","modified_gmt":"2025-05-31T03:56:49","slug":"trecho-da-estrada-guandu-do-sape-sera-interditado-para-construcao-de-galerias-de-aguas-pluviais-prefeitura-da-cidade-do-rio-de-janeiro","status":"publish","type":"post","link":"https:\/\/euvivoaselecao.com.br\/index.php\/2025\/05\/31\/trecho-da-estrada-guandu-do-sape-sera-interditado-para-construcao-de-galerias-de-aguas-pluviais-prefeitura-da-cidade-do-rio-de-janeiro\/","title":{"rendered":"Trecho da Estrada Guandu do Sap\u00ea ser\u00e1 interditado para constru\u00e7\u00e3o de galerias de \u00e1guas pluviais &#8211; Prefeitura da Cidade do Rio de Janeiro"},"content":{"rendered":"<p><\/p>\n<div wp_automatic_readability=\"9.11\">\n<p>A CET-Rio informa a interdi\u00e7\u00e3o de trecho da Estrada Guandu do Sap\u00ea, entre as ruas Itatitara e Ajurana, no sentido do Largo da Ma\u00e7onaria, a partir desta sexta-feira (30\/5), para a execu\u00e7\u00e3o de servi\u00e7os de constru\u00e7\u00e3o de galerias de \u00e1guas pluviais e obra do Anel Vi\u00e1rio de Campo Grande. O tr\u00e2nsito de ve\u00edculos ser\u00e1 desviado para as ruas Itatitara, Ajurana e Caminho Foz do Jord\u00e3o.<\/p>\n<p>Sinaliza\u00e7\u00e3o espec\u00edfica foi instalada para orientar e alertar os motoristas, e operadores da CET-Rio far\u00e3o o monitoramento das condi\u00e7\u00f5es do tr\u00e2nsito e, se necess\u00e1rio, ir\u00e3o atuar.<\/p>\n<p>             <!-- Compartilhe ---><\/p>\n<p>\t\t\t <!-- TAGS --><\/p>\n<section class=\"category-tags\">\n<div class=\"marcacao-category\">\n<article class=\"category-post\">\n<p>Categoria: <\/p>\n<\/article>\n<li>30 de maio de 2025<\/li><\/div>\n<article class=\"tags\">\n\t\t\t\t\tMarca\u00e7\u00f5es: anel vi\u00e1rio de campo grande CET-Rio constru\u00e7\u00e3o de galerias de \u00e1guas pluviais Estrada Guandu do Sap\u00ea Interdi\u00e7\u00e3o tr\u00e2nsito<br \/><\/article>\n<\/section>\n<p>            <!-- Mais Not&iacute;cias --><\/p>\n<p>\t\t<!-- Conte&uacute;do SIDEBAR --><\/p><\/div>\n","protected":false},"excerpt":{"rendered":"<p>A CET-Rio informa a interdi\u00e7\u00e3o de trecho da Estrada Guandu do Sap\u00ea, entre as ruas Itatitara e Ajurana, no sentido<\/p>\n","protected":false},"author":1,"featured_media":0,"comment_status":"","ping_status":"","sticky":false,"template":"","format":"standard","meta":{"colormag_page_container_layout":"default_layout","colormag_page_sidebar_layout":"default_layout","footnotes":""},"categories":[1],"tags":[],"class_list":["post-51550","post","type-post","status-publish","format-standard","hentry","category-sem-categoria"],"_links":{"self":[{"href":"https:\/\/euvivoaselecao.com.br\/index.php\/wp-json\/wp\/v2\/posts\/51550","targetHints":{"allow":["GET"]}}],"collection":[{"href":"https:\/\/euvivoaselecao.com.br\/index.php\/wp-json\/wp\/v2\/posts"}],"about":[{"href":"https:\/\/euvivoaselecao.com.br\/index.php\/wp-json\/wp\/v2\/types\/post"}],"author":[{"embeddable":true,"href":"https:\/\/euvivoaselecao.com.br\/index.php\/wp-json\/wp\/v2\/users\/1"}],"replies":[{"embeddable":true,"href":"https:\/\/euvivoaselecao.com.br\/index.php\/wp-json\/wp\/v2\/comments?post=51550"}],"version-history":[{"count":0,"href":"https:\/\/euvivoaselecao.com.br\/index.php\/wp-json\/wp\/v2\/posts\/51550\/revisions"}],"wp:attachment":[{"href":"https:\/\/euvivoaselecao.com.br\/index.php\/wp-json\/wp\/v2\/media?parent=51550"}],"wp:term":[{"taxonomy":"category","embeddable":true,"href":"https:\/\/euvivoaselecao.com.br\/index.php\/wp-json\/wp\/v2\/categories?post=51550"},{"taxonomy":"post_tag","embeddable":true,"href":"https:\/\/euvivoaselecao.com.br\/index.php\/wp-json\/wp\/v2\/tags?post=51550"}],"curies":[{"name":"wp","href":"https:\/\/api.w.org\/{rel}","templated":true}]}}