{"id":51595,"date":"2025-05-31T16:42:42","date_gmt":"2025-05-31T19:42:42","guid":{"rendered":"https:\/\/euvivoaselecao.com.br\/index.php\/2025\/05\/31\/agencia-minas-gerais-regiao-mineira-atingida-pela-tragedia-de-mariana-tera-r-15-bilhao-para-investimentos-em-saude-pelo-estado-e-municipios-2\/"},"modified":"2025-05-31T16:42:42","modified_gmt":"2025-05-31T19:42:42","slug":"agencia-minas-gerais-regiao-mineira-atingida-pela-tragedia-de-mariana-tera-r-15-bilhao-para-investimentos-em-saude-pelo-estado-e-municipios-2","status":"publish","type":"post","link":"https:\/\/euvivoaselecao.com.br\/index.php\/2025\/05\/31\/agencia-minas-gerais-regiao-mineira-atingida-pela-tragedia-de-mariana-tera-r-15-bilhao-para-investimentos-em-saude-pelo-estado-e-municipios-2\/","title":{"rendered":"Ag\u00eancia Minas Gerais | Regi\u00e3o mineira atingida pela trag\u00e9dia de Mariana ter\u00e1 R$ 1,5 bilh\u00e3o para investimentos em sa\u00fade pelo Estado e munic\u00edpios"},"content":{"rendered":"<p><\/p>\n<div>\n<p>A Secretaria de Estado de Planejamento e Gest\u00e3o (Seplag-MG) participou, nesta semana, da Oficina de Trabalho para Elabora\u00e7\u00e3o dos Planos de A\u00e7\u00e3o de Sa\u00fade. O evento, realizado em Bras\u00edlia pelo Minist\u00e9rio da Sa\u00fade, teve como objetivo iniciar a implementa\u00e7\u00e3o do Programa Especial de Sa\u00fade do Rio Doce pelos munic\u00edpios atingidos pelo rompimento da barragem de Mariana. O Estado de Minas Gerais ir\u00e1 executar R$ 424 milh\u00f5es em pol\u00edticas e a\u00e7\u00f5es de sa\u00fade.<\/p>\n<p>O Acordo de Mariana destinou R$ 12 bilh\u00f5es para fortalecer o Sistema \u00danico de Sa\u00fade (SUS) nos 49 munic\u00edpios diretamente afetados pelo rompimento. Desse total, 38 est\u00e3o em Minas Gerais e 11 no Esp\u00edrito Santo.\u00a0A oficina tamb\u00e9m contou com a presen\u00e7a de representantes da Secretaria de Estado de Sa\u00fade (SES-MG).<\/p>\n<p>\u201cOs danos provocados pelo rompimento ainda repercutem e est\u00e3o presentes na vida dos mineiros dos munic\u00edpios atingidos at\u00e9 hoje, mesmo depois de quase dez anos. O Acordo de Repara\u00e7\u00e3o foi pensando para promover diversas pol\u00edticas p\u00fablicas, e a sa\u00fade \u00e9 essencial entre as medidas de repara\u00e7\u00e3o. Avan\u00e7armos nessas tratativas traz uma nova esperan\u00e7a para a regi\u00e3o atingida\u201d, afirma a secret\u00e1ria de Estado de Planejamento e Gest\u00e3o, Silvia Listgarten.<\/p>\n<p><b>Recursos<\/b><\/p>\n<p>Dos R$ 12 bilh\u00f5es destinados para a sa\u00fade, R$30% (R$ 3,6 bilh\u00f5es) ir\u00e3o para pol\u00edticas e a\u00e7\u00f5es de sa\u00fade, sendo que, deste montante, R$ 424 milh\u00f5es ser\u00e3o executados pelo Estado de Minas Gerais, R$ 815,8 milh\u00f5es pelo Minist\u00e9rio da Sa\u00fade, R$ 300,2 milh\u00f5es pela Funda\u00e7\u00e3o Oswaldo Cruz (Fiocruz) e R$ 260 milh\u00f5es pelo Esp\u00edrito Santo.<\/p>\n<p>Al\u00e9m disso, R$ 1,8 bilh\u00e3o ser\u00e3o distribu\u00eddos entre os 49 munic\u00edpios atingidos, que ter\u00e3o autonomia para definir suas prioridades de sa\u00fade mediante a elabora\u00e7\u00e3o de plano de a\u00e7\u00e3o municipal. Para os 38 munic\u00edpios mineiros ser\u00e3o cerca de R$ 1,1 bilh\u00e3o em recursos para investimentos na \u00e1rea.<\/p>\n<p>J\u00e1 70% do valor total (R$ 8,4 bilh\u00f5es) ser\u00e3o aplicados em um fundo perp\u00e9tuo, e apenas os rendimentos poder\u00e3o ser utilizados, sendo no m\u00ednimo 50% do fundo destinado aos munic\u00edpios, e o restante aos entes federados. A cria\u00e7\u00e3o desse fundo visa garantir recursos para enfrentar os impactos prolongados e desconhecidos do desastre, que demandam interven\u00e7\u00e3o cont\u00ednua do setor sa\u00fade.<\/p>\n<p>Representantes dos munic\u00edpios atingidos tamb\u00e9m participaram. O objetivo foi orientar as gest\u00f5es municipais sobre como elaborar o plano de a\u00e7\u00e3o em sa\u00fade, que \u00e9 a forma de acessar o recurso municipal. A partir da pr\u00f3xima segunda-feira (2\/5), o Governo Federal disponibilizar\u00e1 uma ferramenta eletr\u00f4nica para que os munic\u00edpios possam submeter seus planos.<\/p>\n<p>A governan\u00e7a do programa \u00e9 realizada pelo Comit\u00ea Especial Tripartite (CET) e pela C\u00e2mara T\u00e9cnica, composta por representantes do Minist\u00e9rio da Sa\u00fade, das Secretarias de Estado de Sa\u00fade de Minas Gerais e Esp\u00edrito Santo, do Conselho Nacional de Sa\u00fade, do Conselho Distrital de Sa\u00fade Ind\u00edgena e dos munic\u00edpios afetados.<\/p>\n<p>\u00a0<\/p>\n<\/p><\/div>\n","protected":false},"excerpt":{"rendered":"<p>A Secretaria de Estado de Planejamento e Gest\u00e3o (Seplag-MG) participou, nesta semana, da Oficina de Trabalho para Elabora\u00e7\u00e3o dos Planos<\/p>\n","protected":false},"author":1,"featured_media":0,"comment_status":"","ping_status":"","sticky":false,"template":"","format":"standard","meta":{"colormag_page_container_layout":"default_layout","colormag_page_sidebar_layout":"default_layout","footnotes":""},"categories":[1],"tags":[],"class_list":["post-51595","post","type-post","status-publish","format-standard","hentry","category-sem-categoria"],"_links":{"self":[{"href":"https:\/\/euvivoaselecao.com.br\/index.php\/wp-json\/wp\/v2\/posts\/51595","targetHints":{"allow":["GET"]}}],"collection":[{"href":"https:\/\/euvivoaselecao.com.br\/index.php\/wp-json\/wp\/v2\/posts"}],"about":[{"href":"https:\/\/euvivoaselecao.com.br\/index.php\/wp-json\/wp\/v2\/types\/post"}],"author":[{"embeddable":true,"href":"https:\/\/euvivoaselecao.com.br\/index.php\/wp-json\/wp\/v2\/users\/1"}],"replies":[{"embeddable":true,"href":"https:\/\/euvivoaselecao.com.br\/index.php\/wp-json\/wp\/v2\/comments?post=51595"}],"version-history":[{"count":0,"href":"https:\/\/euvivoaselecao.com.br\/index.php\/wp-json\/wp\/v2\/posts\/51595\/revisions"}],"wp:attachment":[{"href":"https:\/\/euvivoaselecao.com.br\/index.php\/wp-json\/wp\/v2\/media?parent=51595"}],"wp:term":[{"taxonomy":"category","embeddable":true,"href":"https:\/\/euvivoaselecao.com.br\/index.php\/wp-json\/wp\/v2\/categories?post=51595"},{"taxonomy":"post_tag","embeddable":true,"href":"https:\/\/euvivoaselecao.com.br\/index.php\/wp-json\/wp\/v2\/tags?post=51595"}],"curies":[{"name":"wp","href":"https:\/\/api.w.org\/{rel}","templated":true}]}}