{"id":51596,"date":"2025-05-31T17:18:05","date_gmt":"2025-05-31T20:18:05","guid":{"rendered":"https:\/\/euvivoaselecao.com.br\/index.php\/2025\/05\/31\/prefeitura-do-rio-tem-inscricoes-abertas-para-o-servico-familia-acolhedora-saiba-como-se-cadastrar-prefeitura-da-cidade-do-rio-de-janeiro\/"},"modified":"2025-05-31T17:18:05","modified_gmt":"2025-05-31T20:18:05","slug":"prefeitura-do-rio-tem-inscricoes-abertas-para-o-servico-familia-acolhedora-saiba-como-se-cadastrar-prefeitura-da-cidade-do-rio-de-janeiro","status":"publish","type":"post","link":"https:\/\/euvivoaselecao.com.br\/index.php\/2025\/05\/31\/prefeitura-do-rio-tem-inscricoes-abertas-para-o-servico-familia-acolhedora-saiba-como-se-cadastrar-prefeitura-da-cidade-do-rio-de-janeiro\/","title":{"rendered":"Prefeitura do Rio tem inscri\u00e7\u00f5es abertas para o servi\u00e7o Fam\u00edlia Acolhedora. Saiba como se cadastrar &#8211; Prefeitura da Cidade do Rio de Janeiro"},"content":{"rendered":"<p><\/p>\n<div wp_automatic_readability=\"101.89148375768\">\n<div class=\"image-post\" wp_automatic_readability=\"32\">\n                     Maravilha (\u00e0 esquerda) com a acolhedora Andreia Amaral &#8211; Divulga\u00e7\u00e3o \/ SMAS                   <\/div>\n<p>Maravilha Manuel Sebasti\u00e3o, de 19 anos, entrou no servi\u00e7o Fam\u00edlia Acolhedora da Prefeitura do Rio aos 16. \u00d3rf\u00e3 de m\u00e3e, ela deixou Luanda, a capital de Angola, onde nasceu, para escapar da viol\u00eancia dom\u00e9stica, por parte de um tio, e da persegui\u00e7\u00e3o pol\u00edtica da qual seu pai foi v\u00edtima e que o obrigou a ir embora do pa\u00eds. Sozinha no mundo, escolheu o Brasil para tentar a sorte. No Rio de Janeiro, teve seu destino selado pela Justi\u00e7a: o acolhimento familiar. A partir da\u00ed, quando entrou para a rede de acolhidos da Secretaria Municipal de Assist\u00eancia Social do Rio (SMAS), veio a reviravolta em sua vida: ganhou um novo lar e um futuro para chamar de seu.<\/p>\n<blockquote wp_automatic_readability=\"16\">\n<p>-A minha hist\u00f3ria com Fam\u00edlia Acolhedora \u00e9 de transforma\u00e7\u00e3o. Recebi uma oportunidade. Aprendi a gostar de ler, estudei, ganhei uma profiss\u00e3o (\u00e9 bombeira civil), fui para a faculdade (passou no Enem e hoje \u00e9 aluna de Engenharia de Materiais na UFRJ). Minha vida \u00e9 totalmente nova, sou feliz, tenho uma estrutura familiar \u2013 destaca a angolana, carioca de cora\u00e7\u00e3o, que conseguiu trazer os dois irm\u00e3os mais novos para junto dela, na mesma fam\u00edlia acolhedora em que vive.<\/p>\n<\/blockquote>\n<p>A trajet\u00f3ria da menina Maravilha ilustra bem o que \u00e9 o acolhimento familiar, celebrado com um Dia Mundial neste s\u00e1bado, 31 de maio. Essa modalidade de acolhimento a crian\u00e7as e adolescentes v\u00edtimas de viola\u00e7\u00e3o de direitos \u2013 e afastados de suas fam\u00edlias de origem por medida judicial \u2013 \u00e9 recomendada como priorit\u00e1ria pelo Estatuto da Crian\u00e7a e do Adolescente (ECA), em rela\u00e7\u00e3o ao outro tipo, o institucional (em abrigo). Para que o servi\u00e7o cres\u00e7a e ofere\u00e7a novas perspectivas a mais pessoas com idades entre 0 e 18 anos, \u00e9 preciso que mais gente se interesse em ser acolhedora e se cadastre como candidata.<\/p>\n<blockquote wp_automatic_readability=\"11\">\n<p>\u2013 As inscri\u00e7\u00f5es para se tornar fam\u00edlia acolhedora est\u00e3o abertas. O cadastro \u00e9 simples, e qualquer configura\u00e7\u00e3o de fam\u00edlia \u00e9 aceita, inclusive adultos solteiros. As fam\u00edlias s\u00e3o livres para indicar sua disponibilidade ao acolhimento e podem prestar o servi\u00e7o enquanto tiverem condi\u00e7\u00f5es e interesse \u2013 explica a secret\u00e1ria municipal de Assist\u00eancia Social, Martha Rocha.<\/p>\n<\/blockquote>\n<figure id=\"attachment_114803\" aria-describedby=\"caption-attachment-114803\" style=\"width: 360px\" class=\"wp-caption alignnone\"><figcaption id=\"caption-attachment-114803\" class=\"wp-caption-text\">A equipe do programa Fam\u00edlia Acolhedora \u2013 Divulga\u00e7\u00e3o \/ SMAS<\/figcaption><\/figure>\n<p><b>Como fazer a inscri\u00e7\u00e3o<\/b><\/p>\n<p>Para se inscrever, o primeiro passo \u00e9 fazer o pr\u00e9-cadastro, dispon\u00edvel no link: https:\/\/linktr.ee\/facorj. Ou presencialmente, em uma das dez Coordenadorias de Assist\u00eancia Social (CAS) do Rio, nos seguintes bairros: Centro, Laranjeiras, Engenho Novo, Ramos, Madureira, Iraj\u00e1, Barra da Tijuca, Bangu, Campo Grande e Santa Cruz (confira os endere\u00e7os no site Carioca Digital: <em>https:\/\/carioca.rio\/servicos\/como-ser-uma-familia-acolhedora\/<\/em>). Ap\u00f3s o cadastramento, \u00e9 s\u00f3 esperar pelo contato da SMAS, para as fases de avalia\u00e7\u00e3o e habilita\u00e7\u00e3o da fam\u00edlia candidata a acolhedora.<\/p>\n<p>Ao se tornar acolhedora, a fam\u00edlia recebe acompanhamento por assistentes sociais e psic\u00f3logos, que atendem tamb\u00e9m os acolhidos e as fam\u00edlias de origem. O acolhedor ganha tamb\u00e9m uma Bolsa Aux\u00edlio, que deve ser utilizada para os cuidados com a crian\u00e7a ou o adolescente acolhido. O valor mensal \u00e9 de R$688 por crian\u00e7a ou adolescente e de R$1 mil por crian\u00e7a ou adolescente com necessidades especiais ou doen\u00e7a cr\u00f4nica. Atualmente, na cidade do Rio, segundo dados de mar\u00e7o deste ano, h\u00e1 114 fam\u00edlias cadastradas: 64 delas acolhem 106 crian\u00e7as e adolescentes.<\/p>\n<p><b>Experi\u00eancia transformadora<\/b><\/p>\n<p>Alessandra Queiroz recomenda a experi\u00eancia. A funcion\u00e1ria p\u00fablica estadual, de 50 anos, \u00e9 casada e tem um filho de dez anos. Hoje, a fam\u00edlia acolhe uma bebezinha de 10 meses, v\u00edtima de neglig\u00eancia por parte da m\u00e3e biol\u00f3gica, dependente qu\u00edmica. Esta \u00e9 a terceira viv\u00eancia dela no acolhimento. A primeira, em 2021, foi com um menino de 10 anos. A segunda foi tamb\u00e9m com uma beb\u00ea, adotada pouco tempo depois por outra fam\u00edlia.<\/p>\n<blockquote wp_automatic_readability=\"12\">\n<p>-A gente conseguiu uma rede de apoio de amigos, profissionais volunt\u00e1rios que hoje dizem ser dentistas, fisioterapeutas e pediatras acolhedores. Eles est\u00e3o com a gente nessa viagem de acolher, que nada mais \u00e9 do que alojar algu\u00e9m dentro do cora\u00e7\u00e3o. Por que n\u00e3o dar esse amor para quem n\u00e3o tem, para quem \u00e9 desassistido e carente de afeto e prote\u00e7\u00e3o? \u2013 diz Alessandra.<\/p>\n<\/blockquote>\n<p>Segundo ela, o acolhimento familiar \u00e9 um exerc\u00edcio de amor com desapego. A generosidade do ato, destaca a servidora p\u00fablica, est\u00e1 principalmente no car\u00e1ter transit\u00f3rio da conviv\u00eancia: o amor \u00e9 para sempre, mas quem acolhe sabe que est\u00e1 na vida daquela crian\u00e7a ou daquele adolescente por um tempo limitado, at\u00e9 que ele seja reinserido na sua fam\u00edlia original ou encaminhado para ado\u00e7\u00e3o.<\/p>\n<p><b>A\u00e7\u00e3o pelo Dia Mundial do Acolhimento Familiar<\/b><\/p>\n<p>Neste s\u00e1bado (31\/05), uma caminhada com piquenique na Quinta da Boa Vista reuniu acolhedores, acolhidos e profissionais da Secretaria Municipal de Assist\u00eancia Social, em comemora\u00e7\u00e3o ao Dia Mundial do Acolhimento Familiar.<\/p>\n<p>             <!-- Compartilhe ---><\/p>\n<p>\t\t\t <!-- TAGS --><\/p>\n<section class=\"category-tags\">\n<article class=\"tags\">\n\t\t\t\t\tMarca\u00e7\u00f5es: Acolhimento Assist\u00eancia social Prefeitura do Rio<br \/><\/article>\n<\/section>\n<p>            <!-- Mais Not&iacute;cias --><\/p>\n<p>\t\t<!-- Conte&uacute;do SIDEBAR --><\/p><\/div>\n","protected":false},"excerpt":{"rendered":"<p>Maravilha (\u00e0 esquerda) com a acolhedora Andreia Amaral &#8211; Divulga\u00e7\u00e3o \/ SMAS Maravilha Manuel Sebasti\u00e3o, de 19 anos, entrou no<\/p>\n","protected":false},"author":1,"featured_media":0,"comment_status":"","ping_status":"","sticky":false,"template":"","format":"standard","meta":{"colormag_page_container_layout":"default_layout","colormag_page_sidebar_layout":"default_layout","footnotes":""},"categories":[1],"tags":[],"class_list":["post-51596","post","type-post","status-publish","format-standard","hentry","category-sem-categoria"],"_links":{"self":[{"href":"https:\/\/euvivoaselecao.com.br\/index.php\/wp-json\/wp\/v2\/posts\/51596","targetHints":{"allow":["GET"]}}],"collection":[{"href":"https:\/\/euvivoaselecao.com.br\/index.php\/wp-json\/wp\/v2\/posts"}],"about":[{"href":"https:\/\/euvivoaselecao.com.br\/index.php\/wp-json\/wp\/v2\/types\/post"}],"author":[{"embeddable":true,"href":"https:\/\/euvivoaselecao.com.br\/index.php\/wp-json\/wp\/v2\/users\/1"}],"replies":[{"embeddable":true,"href":"https:\/\/euvivoaselecao.com.br\/index.php\/wp-json\/wp\/v2\/comments?post=51596"}],"version-history":[{"count":0,"href":"https:\/\/euvivoaselecao.com.br\/index.php\/wp-json\/wp\/v2\/posts\/51596\/revisions"}],"wp:attachment":[{"href":"https:\/\/euvivoaselecao.com.br\/index.php\/wp-json\/wp\/v2\/media?parent=51596"}],"wp:term":[{"taxonomy":"category","embeddable":true,"href":"https:\/\/euvivoaselecao.com.br\/index.php\/wp-json\/wp\/v2\/categories?post=51596"},{"taxonomy":"post_tag","embeddable":true,"href":"https:\/\/euvivoaselecao.com.br\/index.php\/wp-json\/wp\/v2\/tags?post=51596"}],"curies":[{"name":"wp","href":"https:\/\/api.w.org\/{rel}","templated":true}]}}