{"id":51602,"date":"2025-05-31T19:51:07","date_gmt":"2025-05-31T22:51:07","guid":{"rendered":"https:\/\/euvivoaselecao.com.br\/index.php\/2025\/05\/31\/agencia-minas-gerais-ciclo-de-debates-do-bdmg-discute-o-papel-da-responsabilidade-fiscal-no-crescimento-economico-e-social\/"},"modified":"2025-05-31T19:51:07","modified_gmt":"2025-05-31T22:51:07","slug":"agencia-minas-gerais-ciclo-de-debates-do-bdmg-discute-o-papel-da-responsabilidade-fiscal-no-crescimento-economico-e-social","status":"publish","type":"post","link":"https:\/\/euvivoaselecao.com.br\/index.php\/2025\/05\/31\/agencia-minas-gerais-ciclo-de-debates-do-bdmg-discute-o-papel-da-responsabilidade-fiscal-no-crescimento-economico-e-social\/","title":{"rendered":"Ag\u00eancia Minas Gerais | Ciclo de debates do BDMG discute o papel da responsabilidade fiscal no crescimento econ\u00f4mico e social"},"content":{"rendered":"<p><\/p>\n<div>\n<section class=\"news-related \/ col-md-4 col-lg-3 \/ margin-md-bottom-2 margin-left-1 \/ pull-right \/ hidden-xs hidden-sm\">\n<header>\n<p class=\"text-title-section \/ margin-bottom-1\">Relacionadas<\/p>\n<\/header>\n<p>\t\t\t\t\t\t\t<main><\/p>\n<hr class=\"row margin-md-bottom-2\"\/>\n\t\t\t\t\t\t\t<\/main><br \/>\n\t\t\t\t\t\t<\/section>\n<p>A import\u00e2ncia da responsabilidade fiscal no crescimento econ\u00f4mico e social e no controle das contas p\u00fablicas foi tema da edi\u00e7\u00e3o de ter\u00e7a-feira (27\/5) do Ciclo de Debates Econ\u00f4micos promovido pelo Banco de Desenvolvimento de Minas Gerais (BDMG), em Belo Horizonte. O ex-diretor do Banco Central, Alexandre Schwartsman, e a economista-chefe do Banco Inter, Rafaela Vit\u00f3ria, foram os convidados do debate.<\/p>\n<p>Durante a abertura, o presidente do BDMG, Gabriel Vi\u00e9gas Neto, destacou que discutir perspectivas, a\u00e7\u00f5es e medidas econ\u00f4micas transformadoras faz parte do trabalho de um banco de fomento.<\/p>\n<p>\u201cPara n\u00f3s, responsabilidade fiscal n\u00e3o significa apenas conten\u00e7\u00e3o, mas compromisso com a sustentabilidade das pol\u00edticas p\u00fablicas, com a efici\u00eancia do gasto e com a cria\u00e7\u00e3o de um ambiente favor\u00e1vel ao investimento, \u00e0 gera\u00e7\u00e3o de empregos e ao desenvolvimento social\u201d, afirmou.<\/p>\n<p>A abertura do evento ainda contou com a participa\u00e7\u00e3o da secret\u00e1ria de Estado de Desenvolvimento Econ\u00f4mico de Minas Gerais, Mila Corr\u00eaa da Costa.<\/p>\n<p>\u201c\u00c9 preciso real\u00e7ar esse tema, pois em todas as agendas que temos feito com o governador s\u00e3o constantes as abordagens sobre a quest\u00e3o fiscal. Lidamos com temas estrat\u00e9gicos, desafiadores e cruciais para desenvolver a nossa pol\u00edtica e \u00e9 indispens\u00e1vel lan\u00e7ar o olhar da responsabilidade fiscal nas mais diversas \u00e1reas\u201d, destacou.<\/p>\n<p><strong>Debate<\/strong><\/p>\n<p>Durante o encontro, o ex-diretor do Banco Central, Alexandre Schwartsman, destacou a import\u00e2ncia do controle das contas p\u00fablicas.<\/p>\n<p>\u201c\u00c9 uma quest\u00e3o essencial pensar na sustentabilidade do crescimento e da d\u00edvida p\u00fablica. Sem isso, teremos uma infla\u00e7\u00e3o muito mais alta do que gostar\u00edamos. O gasto do governo estimula a demanda, mas a capacidade de crescimento de um pa\u00eds est\u00e1 associada ao crescimento da for\u00e7a de trabalho somada ao crescimento da produtividade\u201d, afirmou.<\/p>\n<p>Ele ponderou que h\u00e1 uma transi\u00e7\u00e3o demogr\u00e1fica em curso no pa\u00eds com o envelhecimento da popula\u00e7\u00e3o e que o foco deveria ser estimular a produtividade. \u201cA capacidade de crescimento precisa vir da produtividade. O governo gastar mais pode at\u00e9 acelerar a economia al\u00e9m do seu potencial, mas tamb\u00e9m estimula as tens\u00f5es inflacion\u00e1rias que temos hoje\u201d, afirma.<\/p>\n<p>A economista-chefe do Banco Inter, Rafaela Vit\u00f3ria, defendeu que a ado\u00e7\u00e3o de medidas para o controle do endividamento e uma revis\u00e3o dos gastos p\u00fablicos.<\/p>\n<p>\u201cA infla\u00e7\u00e3o come\u00e7a a acelerar e \u00e9 necess\u00e1rio voltar a falar de ajuste fiscal. Fizemos um ajuste importante em 2016, via a cria\u00e7\u00e3o do teto de gastos, e que mostrou ser um caminho que pode ser feito\u201d, afirmou Rafaela Vit\u00f3ria. A economista-chefe do Banco Inter observou que cortar gastos no pa\u00eds \u00e9 um desafio, mas que precisa ser enfrentado com responsabilidade.<\/p>\n<p>O debate foi mediado pelo economista-chefe do BDMG, Izak Carlos da Silva, e contou com a presen\u00e7a de economistas, empres\u00e1rios, estudantes universit\u00e1rios, funcion\u00e1rios do banco, entre outros.\u00a0<\/p>\n<\/p><\/div>\n","protected":false},"excerpt":{"rendered":"<p>Relacionadas A import\u00e2ncia da responsabilidade fiscal no crescimento econ\u00f4mico e social e no controle das contas p\u00fablicas foi tema da<\/p>\n","protected":false},"author":1,"featured_media":0,"comment_status":"","ping_status":"","sticky":false,"template":"","format":"standard","meta":{"colormag_page_container_layout":"default_layout","colormag_page_sidebar_layout":"default_layout","footnotes":""},"categories":[1],"tags":[],"class_list":["post-51602","post","type-post","status-publish","format-standard","hentry","category-sem-categoria"],"_links":{"self":[{"href":"https:\/\/euvivoaselecao.com.br\/index.php\/wp-json\/wp\/v2\/posts\/51602","targetHints":{"allow":["GET"]}}],"collection":[{"href":"https:\/\/euvivoaselecao.com.br\/index.php\/wp-json\/wp\/v2\/posts"}],"about":[{"href":"https:\/\/euvivoaselecao.com.br\/index.php\/wp-json\/wp\/v2\/types\/post"}],"author":[{"embeddable":true,"href":"https:\/\/euvivoaselecao.com.br\/index.php\/wp-json\/wp\/v2\/users\/1"}],"replies":[{"embeddable":true,"href":"https:\/\/euvivoaselecao.com.br\/index.php\/wp-json\/wp\/v2\/comments?post=51602"}],"version-history":[{"count":0,"href":"https:\/\/euvivoaselecao.com.br\/index.php\/wp-json\/wp\/v2\/posts\/51602\/revisions"}],"wp:attachment":[{"href":"https:\/\/euvivoaselecao.com.br\/index.php\/wp-json\/wp\/v2\/media?parent=51602"}],"wp:term":[{"taxonomy":"category","embeddable":true,"href":"https:\/\/euvivoaselecao.com.br\/index.php\/wp-json\/wp\/v2\/categories?post=51602"},{"taxonomy":"post_tag","embeddable":true,"href":"https:\/\/euvivoaselecao.com.br\/index.php\/wp-json\/wp\/v2\/tags?post=51602"}],"curies":[{"name":"wp","href":"https:\/\/api.w.org\/{rel}","templated":true}]}}