{"id":51623,"date":"2025-06-01T01:42:47","date_gmt":"2025-06-01T04:42:47","guid":{"rendered":"https:\/\/euvivoaselecao.com.br\/index.php\/2025\/06\/01\/celesc-conquista-prata-no-rodeio-internacional-de-eletricistas-e-se-consolida-entre-as-melhores-do-brasil\/"},"modified":"2025-06-01T01:42:47","modified_gmt":"2025-06-01T04:42:47","slug":"celesc-conquista-prata-no-rodeio-internacional-de-eletricistas-e-se-consolida-entre-as-melhores-do-brasil","status":"publish","type":"post","link":"https:\/\/euvivoaselecao.com.br\/index.php\/2025\/06\/01\/celesc-conquista-prata-no-rodeio-internacional-de-eletricistas-e-se-consolida-entre-as-melhores-do-brasil\/","title":{"rendered":"Celesc conquista prata no Rodeio Internacional de Eletricistas e se consolida entre as melhores do Brasil"},"content":{"rendered":"<p><\/p>\n<div>\n<p><em>Foto: Divulga\u00e7\u00e3o\/Celesc<\/em><\/p>\n<p>A Celesc foi destaque no maior evento de distribui\u00e7\u00e3o de energia el\u00e9trica da Am\u00e9rica Latina. A companhia conquistou o 2\u00ba lugar no Rodeio Internacional de Eletricistas, realizado durante o SENDI 2025, em Belo Horizonte (MG), entre os dias 27 e 30 de maio.<\/p>\n<p>Al\u00e9m da medalha de prata no desafio internacional, a Celesc garantiu o 4\u00ba lugar geral no 9\u00ba Rodeio Nacional de Eletricistas, que reuniu 27 equipes de distribuidoras de todo o pa\u00eds. No total, foram cinco medalhas conquistadas: duas de ouro, duas de prata e uma de bronze \u2014 um resultado que refor\u00e7a a excel\u00eancia t\u00e9cnica e o preparo dos eletricistas catarinenses.<\/p>\n<p>Ao contr\u00e1rio dos rodeios tradicionais, o Rodeio de Eletricistas testa habilidades pr\u00e1ticas em postes, equipamentos e estruturas que representam redes reais de distribui\u00e7\u00e3o de energia. \u00c9 a maior competi\u00e7\u00e3o do g\u00eanero no Brasil, avaliando precis\u00e3o, agilidade e, sobretudo, ader\u00eancia aos rigorosos procedimentos de seguran\u00e7a, de acordo com os padr\u00f5es da concession\u00e1ria anfitri\u00e3 \u2013 neste ano, a Cemig.<\/p>\n<p>\u201cO Rodeio valoriza o trabalho dos nossos eletricistas e mostra o quanto eles s\u00e3o respeitados e qualificados. Essa conquista representa todos que fazem a diferen\u00e7a na Celesc todos os dias\u201d, destacou o presidente da empresa, Tarc\u00edsio Rosa, presente na cerim\u00f4nia de premia\u00e7\u00e3o.<\/p>\n<p><strong>Destaque internacional<\/strong><\/p>\n<p>Na prova internacional, a dupla formada por Izael Aparecido Oliveira (ARJSL) e Jo\u00e3o Paulo de Oliveira (ARLAG) conquistou ouro na escalada com esporas e prata na classifica\u00e7\u00e3o geral. Eles enfrentaram dois desafios t\u00e9cnicos: a escalada de poste com esporas carregando um ovo cru na boca (sem quebr\u00e1-lo) e o resgate simulado de um colega acidentado.<\/p>\n<p>\u201cTreinamos bastante e demos o nosso melhor. Representar Santa Catarina e a Celesc \u00e9 um orgulho enorme\u201d, celebrou Jo\u00e3o Paulo.<\/p>\n<p><strong>Desempenho nacional<\/strong><\/p>\n<p>No rodeio nacional, que avaliou tarefas como energiza\u00e7\u00e3o, desenergiza\u00e7\u00e3o e substitui\u00e7\u00e3o de componentes da rede, a Celesc competiu com as equipes Celesc Segura e Celesc D2, ambas premiadas.<\/p>\n<p>A empresa tamb\u00e9m teve participa\u00e7\u00e3o de destaque no hasteamento simb\u00f3lico da bandeira com a presen\u00e7a de Ana Paula do Esp\u00edrito Santo Becker e Silvia Hafner Pozzobom.<\/p>\n<p>\u201cFoi um momento hist\u00f3rico. Como profissional da seguran\u00e7a do trabalho, foi uma constru\u00e7\u00e3o pessoal e profissional important\u00edssima\u201d, disse Ana Paula. \u201cRepresentar a Celesc neste evento foi emocionante\u201d, completou Silvia.<\/p>\n<p><strong>Representantes da Celesc no Rodeio Nacional<\/strong><\/p>\n<p>Equipe 1 \u2013 Celesc Segura<br \/>Renan Franco Marins (ARCRI)<br \/>Ant\u00f4nio Marcos Nepomuceno (ARMAF)<br \/>Ezequiel Souza (ARJOA)<br \/>Joel da Silva (ARJOI)<br \/>Padrinho: Alexandro Cerutti (ARBLU)<\/p>\n<p>Equipe 2 \u2013 Celesc D2<br \/>Andr\u00e9 de Barba (ARCON)<br \/>Diego F. dos Santos (ARVID)<br \/>Fabiano Goes (ARMAF)<br \/>Geovani Geazzoni Alberton (ARFLO)<br \/>Padrinho: Jaison Nunes Velho (ARITA)<\/p>\n<p><strong>Ju\u00edzes<\/strong><\/p>\n<p>Edson Machado (ARCON)<br \/>Fernando Pinto (ARVID)<br \/>Luiz Carlos Suchy (ARSBS)<br \/>Tobias Alves (ARLAG)<\/p>\n<p><strong>Comiss\u00e3o T\u00e9cnica Estadual<\/strong><\/p>\n<p>Ana Beatriz Apolin\u00e1rio Cordioli (DPGP)<br \/>Eduardo Soldateli (DPSS\/DVST)<br \/>Jocemar Iareck (DVOM\/SPOD)<br \/>Alexandro Cerutti (ARBLU\/BA IND)<br \/>Amilton Freitas Cardoso Jr (DVCL\/SPTC)<br \/>Jaison Nunes Velho (DVOM\/SPOD)<br \/>Sidnei Luis Blanck (UCPA)<\/p>\n<\/p><\/div>\n","protected":false},"excerpt":{"rendered":"<p>Foto: Divulga\u00e7\u00e3o\/Celesc A Celesc foi destaque no maior evento de distribui\u00e7\u00e3o de energia el\u00e9trica da Am\u00e9rica Latina. A companhia conquistou<\/p>\n","protected":false},"author":1,"featured_media":0,"comment_status":"","ping_status":"","sticky":false,"template":"","format":"standard","meta":{"colormag_page_container_layout":"default_layout","colormag_page_sidebar_layout":"default_layout","footnotes":""},"categories":[1],"tags":[],"class_list":["post-51623","post","type-post","status-publish","format-standard","hentry","category-sem-categoria"],"_links":{"self":[{"href":"https:\/\/euvivoaselecao.com.br\/index.php\/wp-json\/wp\/v2\/posts\/51623","targetHints":{"allow":["GET"]}}],"collection":[{"href":"https:\/\/euvivoaselecao.com.br\/index.php\/wp-json\/wp\/v2\/posts"}],"about":[{"href":"https:\/\/euvivoaselecao.com.br\/index.php\/wp-json\/wp\/v2\/types\/post"}],"author":[{"embeddable":true,"href":"https:\/\/euvivoaselecao.com.br\/index.php\/wp-json\/wp\/v2\/users\/1"}],"replies":[{"embeddable":true,"href":"https:\/\/euvivoaselecao.com.br\/index.php\/wp-json\/wp\/v2\/comments?post=51623"}],"version-history":[{"count":0,"href":"https:\/\/euvivoaselecao.com.br\/index.php\/wp-json\/wp\/v2\/posts\/51623\/revisions"}],"wp:attachment":[{"href":"https:\/\/euvivoaselecao.com.br\/index.php\/wp-json\/wp\/v2\/media?parent=51623"}],"wp:term":[{"taxonomy":"category","embeddable":true,"href":"https:\/\/euvivoaselecao.com.br\/index.php\/wp-json\/wp\/v2\/categories?post=51623"},{"taxonomy":"post_tag","embeddable":true,"href":"https:\/\/euvivoaselecao.com.br\/index.php\/wp-json\/wp\/v2\/tags?post=51623"}],"curies":[{"name":"wp","href":"https:\/\/api.w.org\/{rel}","templated":true}]}}