{"id":51634,"date":"2025-06-01T05:54:58","date_gmt":"2025-06-01T08:54:58","guid":{"rendered":"https:\/\/euvivoaselecao.com.br\/index.php\/2025\/06\/01\/apoio-social-reconstroi-vidas-de-ex-moradores-de-rua\/"},"modified":"2025-06-01T05:54:58","modified_gmt":"2025-06-01T08:54:58","slug":"apoio-social-reconstroi-vidas-de-ex-moradores-de-rua","status":"publish","type":"post","link":"https:\/\/euvivoaselecao.com.br\/index.php\/2025\/06\/01\/apoio-social-reconstroi-vidas-de-ex-moradores-de-rua\/","title":{"rendered":"Apoio social reconstr\u00f3i vidas de ex-moradores de rua"},"content":{"rendered":"<p><\/p>\n<div>\n<p><b>Cl\u00e1udio Souza<\/b><br \/>&#13;<br \/>\n&#13;<br \/>\n                <span style=\"font-weight: bold;\">Secretaria de Apoio Social ao Cidad\u00e3o<\/span><\/p>\n<p><em>Colabora\u00e7\u00e3o do estagi\u00e1rio Jo\u00e3o V\u00edtor Trindade<\/em><\/p>\n<p>Sexta-feira, 10h30, em frente \u00e0 Igreja Matriz, no cora\u00e7\u00e3o de S\u00e3o Jos\u00e9 dos Campos.<\/p>\n<p>No primeiro dia da Opera\u00e7\u00e3o Inverno de refor\u00e7o das rondas sociais e acolhimento aos moradores em situa\u00e7\u00e3o de rua durante o frio, os educadores sociais foram surpreendidos pela aproxima\u00e7\u00e3o do aut\u00f4nomo Wagner Rog\u00e9rio Duarte, de 44 anos.<\/p>\n<p>Com o cl\u00e1ssico evang\u00e9lico &#8220;Bom Dia, Esp\u00edrito Santo&#8221; (de Benny Hinn) nas m\u00e3os, ele chegou com um sorriso no rosto e a paz no cora\u00e7\u00e3o de quem reconstruiu sua vida ap\u00f3s receber ajuda do apoio social da Prefeitura.<\/p>\n<p>Duarte se identificou e, ao come\u00e7ar a contar sua hist\u00f3ria, foi reconhecido pelos educadores sociais &#8211;alguns deles o ajudaram quando mais precisou.<\/p>\n<p>Ap\u00f3s sofrer por mais de 10 anos nas ruas, convivendo com os males causados pela bebida, cigarro e drogas e afastado de sua fam\u00edlia, em 2022 aceitou o acolhimento constantemente oferecido pelas equipes da Prefeitura.<\/p>\n<p>Ficou durante cinco meses em dois abrigos municipais e hoje mora no centro da cidade com o aux\u00edlio aluguel tempor\u00e1rio mensal disponibilizado pela Prefeitura.<\/p>\n<p>Aut\u00f4nomo, voltou a trabalhar e reconciliou-se com os dois filhos, quatro netos e sete irm\u00e3os. Mais importante do que tudo, reconstruiu sua hist\u00f3ria de vida (saiba mais na entrevista abaixo).<\/p>\n<\/p>\n<p><sup><em>Opera\u00e7\u00e3o Inverno ter\u00e1 rondas e acolhimento intensificados | Foto: Cl\u00e1udio Vieira\/PMSJC<\/em><\/sup><\/p>\n<p><span class=\"intertitulo\">Vida nova<\/span><\/p>\n<p>Duarte n\u00e3o perde as contas: ao ser perguntado h\u00e1 quanto tempo est\u00e1 fora das ruas e livre dos v\u00edcios, responde prontamente: dois anos, quatro meses e 24 dias.<\/p>\n<p>&#8220;A Prefeitura ajuda muito, em v\u00e1rias situa\u00e7\u00f5es. Quem quer ajuda, consegue. Se quiserem mudar de vida, a oportunidade est\u00e1 aqui. \u00c9 o apoio social da Prefeitura&#8221;, disse Duarte.<\/p>\n<p>&#8220;Eu chegava perto e as pessoas se afastavam de mim. Hoje, dou meu testemunho e perguntam se podem me dar um abra\u00e7o. Isto me alegra muito&#8221;, completou.<\/p>\n<\/p>\n<p><em><sup>A campanha N\u00e3o D\u00ea Esmola, D\u00ea Cidadania tamb\u00e9m foi refor\u00e7ada | Foto: Cl\u00e1udio Vieira\/PMSJC<\/sup><\/em><\/p>\n<p><span class=\"intertitulo\">Recompensa<\/span><\/p>\n<p>O depoimento acabou como sempre na nova vida de Duarte: com olhos marejados, abra\u00e7os e a certeza de que vale a pena ajudar quem mais precisa.<\/p>\n<p>&#8220;Ganhei meu dia. \u00c9 para isto que vamos para as ruas todos os dias, para ajudar quem precisa. Fiquei muito feliz de encontrar algu\u00e9m que mudou de vida com o apoio que oferecemos&#8221;, afirmou o educador social Kallil Melo, que tem 45 anos e atua na fun\u00e7\u00e3o h\u00e1 um ano.<\/p>\n<\/p>\n<p><sup><em>Conscientiza\u00e7\u00e3o de que a Prefeitura oferece ajuda integral | Foto: Cl\u00e1udio Vieira\/PMSJC<\/em><\/sup><\/p>\n<p><span class=\"intertitulo\">Ajuda aceita<\/span><\/p>\n<p>O caminho do resgate que transformou a vida de Duarte come\u00e7ou a ser trilhado nesta sexta (30) por R.O.P., que tem 42 anos e vive nas ruas de S\u00e3o Jos\u00e9 h\u00e1 12 anos.<\/p>\n<p>Ele aceitou o acolhimento das equipes da Prefeitura, como j\u00e1 tinha feito em outras ocasi\u00f5es.<\/p>\n<p>&#8220;Est\u00e1 muito frio. N\u00e3o quero ficar na rua. J\u00e1 fui outras vezes para os abrigos e fui muito bem tratado. A Prefeitura sempre est\u00e1 nos ajudando&#8221;.<\/p>\n<p><span class=\"intertitulo\">Saiba mais<\/span><\/p>\n<p><strong>Opera\u00e7\u00e3o Inverno<\/strong><\/p>\n<p><strong>In\u00edcio:<\/strong> Nesta sexta-feira (30)<\/p>\n<p><strong>T\u00e9rmino:<\/strong> No final de agosto, quando as temperaturas come\u00e7am a esquetar<\/p>\n<p><strong>A\u00e7\u00f5es:<\/strong><\/p>\n<p>\u2022 Intensifica\u00e7\u00e3o das a\u00e7\u00f5es de abordagem social e de acolhimento \u00e0s pessoas em situa\u00e7\u00e3o de rua em todas as regi\u00f5es da cidade nos dias mais frios<\/p>\n<p>\u2022\u00a0Refor\u00e7adas das equipes que realizam as rondas sociais durante as noites e madrugadas<\/p>\n<p>\u2022\u00a0A Prefeitura disponibilizou mais 40 vagas tempor\u00e1rias nos abrigos municipais, sendo 30 para homens e 10 para mulheres, no sistema pernoite. Elas se somar\u00e3o \u00e0s 348 j\u00e1 existentes.<\/p>\n<p><strong>O que a Prefeitura oferece:<\/strong><\/p>\n<p><strong>Rondas sociais:<\/strong><\/p>\n<p>\u2022 S\u00e3o realizadas 24 horas por dia, todos os dias, inclusive aos s\u00e1bados, domingos e feriados<\/p>\n<p>\u2022\u00a0S\u00e3o 17 ve\u00edculos e vans e 51 profissionais &#8211;educadores sociais e motoristas<\/p>\n<p>\u2022\u00a0A pessoa que aceita ajuda \u00e9 levada ao Centro Pop, onde \u00e9 feita a triagem e o encaminhamento para o local adequado<\/p>\n<p><strong>Abrigos:<\/strong><\/p>\n<p>\u2022 Os abrigos municipais est\u00e3o preparados para receber todos que est\u00e3o em situa\u00e7\u00e3o de rua, com acomoda\u00e7\u00f5es confort\u00e1veis, e equipes multidisciplinares que realizam acolhimento humanizado.<\/p>\n<p>\u2022 S\u00e3o seis abrigos para esta popula\u00e7\u00e3o: tr\u00eas masculinos, um feminino\/\/LGBTQIA+, um AVD (Abrigo Vida Di\u00e1ria) e um Fam\u00edlia, com um total de 348 vagas.<\/p>\n<p>\u2022 Os tr\u00eas masculinos possuem canis e gatis para que os abrigados possam estar junto de seus pets.<\/p>\n<p>\u2022 Os idosos ficam nos tr\u00eas abrigos masculinos e, dependendo da necessidade e da disponibilidade, no AVD (Abrigo Vida Di\u00e1ria).<\/p>\n<p>\u2022 J\u00e1 as pessoas com defici\u00eancia que s\u00e3o acolhidas tamb\u00e9m s\u00e3o encaminhadas para o AVD.<\/p>\n<p>\u2022\u00a0A Prefeitura disponibiliza oficinas e cursos de culin\u00e1ria, artesanato e corte de cabelo, entre outros, com o objetivo de ajudar os ex-moradores em situa\u00e7\u00e3o de rua a voltarem para o mercado de trabalho, resgatarem suas cidadanias e dignidades e escreverem novos projetos de vida.<\/p>\n<p>\u2022\u00a0Os abrigos tamb\u00e9m oferecem atividades esportivas e culturais, al\u00e9m de palestras e rodas de conversa, com a finalidade de ampliar a socializa\u00e7\u00e3o entre os acolhidos.<\/p>\n<p><strong>Campanha N\u00e3o D\u00ea Esmola, D\u00ea Cidadania:<\/strong><\/p>\n<p>\u2022 A Prefeitura mant\u00e9m a campanha N\u00e3o D\u00ea Esmola, D\u00ea Cidadania. Na fase atual da mobiliza\u00e7\u00e3o, as equipes est\u00e3o enfatizando que t\u00eam vagas nos abrigos municipais para quem quer deixar as ruas e tamb\u00e9m oportunidades de emprego no PAT (Posto de Atendimento ao Trabalhador).<\/p>\n<p>\u2022 De car\u00e1ter permanente, a campanha tem ampliado a divulga\u00e7\u00e3o sobre o atendimento oferecido pela Prefeitura \u00e0s pessoas em situa\u00e7\u00e3o de vulnerabilidade social. A iniciativa visa desestimular os mun\u00edcipes a doar dinheiro, pois essa pr\u00e1tica faz com que essas pessoas recusem o acolhimento e permane\u00e7am na rua.<\/p>\n<p>\u2022 A\u00e7\u00f5es t\u00eam sido realizadas por toda a cidade para orientar a popula\u00e7\u00e3o sobre a melhor forma de ajudar as pessoas em situa\u00e7\u00e3o de rua. O objetivo \u00e9 engajar a popula\u00e7\u00e3o, principalmente nos sem\u00e1foros, onde \u00e9 mais comum a oferta de dinheiro.<\/p>\n<p>\u2022 O trabalho de conscientiza\u00e7\u00e3o se estendeu aos estabelecimentos comerciais, com cartazes sendo afixados nas lojas, e \u00e0s feiras livres, com a entrega de folders e materiais informativos. Estas a\u00e7\u00f5es tamb\u00e9m contam com windbanners para dar mais visibilidade \u00e0 campanha.<\/p>\n<p><strong>Ajuda da popula\u00e7\u00e3o<\/strong><\/p>\n<p>\u2022 A popula\u00e7\u00e3o pode ajudar a Prefeitura neste trabalho, acionando as equipes da Administra\u00e7\u00e3o municipal atrav\u00e9s do telefone 153 (Guarda Civil Municipal) &#8211;as liga\u00e7\u00f5es s\u00e3o gratuitas&#8211; sempre que se depararem com pessoas em situa\u00e7\u00e3o de rua.<\/p>\n<p>\u2022 Desta maneira, os mun\u00edcipes contribuem para que estas pessoas possam ser encaminhadas para os equipamentos e servi\u00e7os apropriados disponibilizados pela Prefeitura evitando, com isto, o fortalecimento do vinculo das mesmas com a rua.<\/p>\n<p><span class=\"intertitulo\">Entrevista<\/span><\/p>\n<table border=\"0\" width=\"1888\" height=\"1120\">&#13;<\/p>\n<tbody>&#13;<\/p>\n<tr>&#13;<\/p>\n<td>&#13;<\/p>\n<p>&#13;<\/p>\n<p><sup><em>Duarte com a equipe de educadores sociais da Prefeitura: ajuda a quem mais precisa | Foto: PMSJC<\/em><\/sup><\/p>\n<p>&#13;<\/p>\n<p><strong>Entrevista com Wagner Rog\u00e9rio Duarte<\/strong><\/p>\n<p>&#13;<\/p>\n<p><em>Aut\u00f4nomo e ex-morador de rua em S\u00e3o Jos\u00e9<\/em><\/p>\n<p>&#13;<\/p>\n<p><strong>Como a Prefeitura de S\u00e3o Jos\u00e9 te ajudou a deixar as ruas e reconstruir sua hist\u00f3ria de vida?<\/strong><\/p>\n<p>&#13;<\/p>\n<p>Eu me encontrava em situa\u00e7\u00e3o de rua, sem rumo. Para o mundo, eu era um caso perdido. S\u00f3 n\u00e3o era perdido para Deus, mas precisava de ajuda e a Prefeitura me me deu a m\u00e3o quando necessitei.<\/p>\n<p>&#13;<\/p>\n<p><strong>Como o senhor aceitou o acolhimento?<\/strong><\/p>\n<p>&#13;<\/p>\n<p>Aceitei o acolhimento depois de mais de 10 anos nas ruas. N\u00e3o queria nada com nada. Fui para um abrigo, onde fiquei tr\u00eas meses, e depois para outro, onde fiquei dois meses. A\u00ed fui aben\u00e7oado pela Prefeitura com o aux\u00edlio moradia tempor\u00e1rio, deixando os abrigos. Hoje moro no centro. J\u00e1 estou h\u00e1 dois anos, quatro meses e 24 dias sem subst\u00e2ncia nenhuma. Eu tomava dois litros de pinga por dia e fumava crack. Fui dependente das drogas por seis anos.<\/p>\n<p>&#13;<\/p>\n<p><strong>Voltou a trabalhar?<\/strong><\/p>\n<p>&#13;<\/p>\n<p>Sim, como aut\u00f4nomo. Fa\u00e7o alguns bicos para sobreviver.<\/p>\n<p>&#13;<\/p>\n<p><strong>Sua vida mudou?<\/strong><\/p>\n<p>&#13;<\/p>\n<p>Completamente. At\u00e9 o ar que eu respiro est\u00e1 mais doce.<\/p>\n<p>&#13;<\/p>\n<p><strong>Qual foi a contribui\u00e7\u00e3o da Prefeitura?<\/strong><\/p>\n<p>&#13;<\/p>\n<p>A Prefeitura me ajudou bastante. S\u00f3 tinha um objetivo: levantar cedo para procurar bebida, cigarro e drogas. Comer nem pensar. Hoje, o meu foco \u00e9 levantar cedo convidando o Esp\u00edrito Santo para tomar um caf\u00e9. \u00c9 o meu amigo e sou muito grato por isto.<\/p>\n<p>&#13;<\/p>\n<p>Voltei a me aproximar da minha fam\u00edlia. Antigamente, nem fam\u00edlia eu tinha. Para a minha fam\u00edlia, eu estava morto devido \u00e0 situa\u00e7\u00e3o em que me encontrava nas ruas. Hoje, convivo com meu casal de filhos, com meus quatro netos e com meus sete irm\u00e3os. Tenho contato com todos eles, gra\u00e7as a Deus e a voc\u00eas da Prefeitura.<\/p>\n<p>&#13;<\/p>\n<p><strong>Ent\u00e3o, sua vida foi reconstru\u00edda?<\/strong><\/p>\n<p>&#13;<\/p>\n<p>Sim. Tanto com minha fam\u00edlia como com a sociedade. As pessoas me olhavam nas ruas de jeito um diferente. Eu chegava perto e as pessoas se afastavam. Hoje, as pessoas v\u00eam at\u00e9 mim.<\/p>\n<p>&#13;<\/p>\n<p><strong>Quem precisa de ajuda para sair das ruas pode contar com a Prefeitura de S\u00e3o Jos\u00e9?<\/strong><\/p>\n<p>&#13;<\/p>\n<p>A Prefeitura ajuda muito, em v\u00e1rias situa\u00e7\u00f5es. Quem quer ajuda, consegue. N\u00e3o vou falar que sou melhor do que quem est\u00e1 nas ruas porque minha hist\u00f3ria n\u00e3o \u00e9 diferente das hist\u00f3rias deles. Eu passei por tudo que eles passaram e passam. Mas, se quiserem mudar de vida, a oportunidade est\u00e1 aqui. \u00c9 o apoio social da Prefeitura.<\/p>\n<p>&#13;<\/p>\n<p>Meu recado para eles \u00e9: aceitem ajuda do apoio social. O primeiro passo \u00e9 aceitar que perdeu e que esta vida n\u00e3o nos pertence mais. Aceitando ajuda, a situa\u00e7\u00e3o vai mudar. N\u00e3o \u00e9 da noite para o dia. \u00c9 com o tempo.<\/p>\n<p>&#13;<\/p>\n<p>Hoje, sou visto pela popula\u00e7\u00e3o de modo diferente. Dou meu testemunho para as pessoas e elas me perguntam se podem me dar um abra\u00e7o. Isto me alegra muito.<\/p>\n<p>&#13;\n<\/td>\n<p>&#13;<br \/>\n<\/tr>\n<p>&#13;<br \/>\n<\/tbody>\n<p>&#13;<br \/>\n<\/table>\n<p>\u00a0<\/p>\n<p>&#13;<br \/>\n                        <strong>MAIS NOT\u00cdCIAS<\/strong><br \/>&#13;<br \/>\n                        Secretaria de Apoio Social ao Cidad\u00e3o&#13;\n                    <\/p>\n<\/p><\/div>\n","protected":false},"excerpt":{"rendered":"<p>Cl\u00e1udio Souza&#13; &#13; Secretaria de Apoio Social ao Cidad\u00e3o Colabora\u00e7\u00e3o do estagi\u00e1rio Jo\u00e3o V\u00edtor Trindade Sexta-feira, 10h30, em frente \u00e0<\/p>\n","protected":false},"author":1,"featured_media":0,"comment_status":"","ping_status":"","sticky":false,"template":"","format":"standard","meta":{"colormag_page_container_layout":"default_layout","colormag_page_sidebar_layout":"default_layout","footnotes":""},"categories":[1],"tags":[],"class_list":["post-51634","post","type-post","status-publish","format-standard","hentry","category-sem-categoria"],"_links":{"self":[{"href":"https:\/\/euvivoaselecao.com.br\/index.php\/wp-json\/wp\/v2\/posts\/51634","targetHints":{"allow":["GET"]}}],"collection":[{"href":"https:\/\/euvivoaselecao.com.br\/index.php\/wp-json\/wp\/v2\/posts"}],"about":[{"href":"https:\/\/euvivoaselecao.com.br\/index.php\/wp-json\/wp\/v2\/types\/post"}],"author":[{"embeddable":true,"href":"https:\/\/euvivoaselecao.com.br\/index.php\/wp-json\/wp\/v2\/users\/1"}],"replies":[{"embeddable":true,"href":"https:\/\/euvivoaselecao.com.br\/index.php\/wp-json\/wp\/v2\/comments?post=51634"}],"version-history":[{"count":0,"href":"https:\/\/euvivoaselecao.com.br\/index.php\/wp-json\/wp\/v2\/posts\/51634\/revisions"}],"wp:attachment":[{"href":"https:\/\/euvivoaselecao.com.br\/index.php\/wp-json\/wp\/v2\/media?parent=51634"}],"wp:term":[{"taxonomy":"category","embeddable":true,"href":"https:\/\/euvivoaselecao.com.br\/index.php\/wp-json\/wp\/v2\/categories?post=51634"},{"taxonomy":"post_tag","embeddable":true,"href":"https:\/\/euvivoaselecao.com.br\/index.php\/wp-json\/wp\/v2\/tags?post=51634"}],"curies":[{"name":"wp","href":"https:\/\/api.w.org\/{rel}","templated":true}]}}