{"id":51661,"date":"2025-06-01T14:20:37","date_gmt":"2025-06-01T17:20:37","guid":{"rendered":"https:\/\/euvivoaselecao.com.br\/index.php\/2025\/06\/01\/confira-outros-topicos-da-entrevista-coletiva-de-fernando-diniz-apos-vasco-0-x-2-red-bull-bragantino\/"},"modified":"2025-06-01T14:20:37","modified_gmt":"2025-06-01T17:20:37","slug":"confira-outros-topicos-da-entrevista-coletiva-de-fernando-diniz-apos-vasco-0-x-2-red-bull-bragantino","status":"publish","type":"post","link":"https:\/\/euvivoaselecao.com.br\/index.php\/2025\/06\/01\/confira-outros-topicos-da-entrevista-coletiva-de-fernando-diniz-apos-vasco-0-x-2-red-bull-bragantino\/","title":{"rendered":"Confira outros t\u00f3picos da entrevista coletiva de Fernando Diniz ap\u00f3s Vasco 0 x 2 Red Bull Bragantino"},"content":{"rendered":"<p><\/p>\n<p>Confira outros t\u00f3picos da entrevista coletiva de Fernando Diniz ap\u00f3s Vasco 0 x 2 Red Bull Bragantino<\/p>\n<div>O t\u00e9cnico Fernando Diniz demonstrou preocupa\u00e7\u00e3o com o momento do Vasco no Brasileiro. Neste s\u00e1bado, a equipe perdeu por 2 a 0 para o Bragantino, e tem chances de entrar na zona de rebaixamento nesta rodada, a depender dos jogos que ser\u00e3o realizados no domingo.<\/p>\n<p>Ao fim do jogo, o treinador analisou o desempenho de sua equipe:\n<\/p>\n<p>\u2013 O sinal de alerta est\u00e1 ligado desde que cheguei. A situa\u00e7\u00e3o no Brasileiro \u00e9 delicada. O time tem 10 pontos em 11 partidas. Voc\u00eas v\u00e3o perguntar sobre o jogo, o que prejudicou dois gols extremamente f\u00e1ceis de serem evitados. A gente treinou muito. Um escanteio no primeiro pau, um lateral que a gente entregou e terminou no escanteio no lado oposto. T\u00ednhamos alertado que eles sempre mudam a dire\u00e7\u00e3o da bola. O segundo gol era ainda mais f\u00e1cil de ser evitado. Eles sempre colocam dois caras na \u00e1rea e n\u00e3o marcamos \u2013 afirmou Diniz.\n<\/p>\n<p>\u2013 De maneira geral o time n\u00e3o jogou mal na bola. Finalizamos 20 vezes, tivemos chances de finalizamos, mas precisamos ser efetivos (\u2026) N\u00f3s facilitamos demais \u2013 completou.\n<\/p>\n<p>O Vasco sofreu os dois gols ainda no primeiro tempo, e alternou bons e maus momentos na partida. Apesar do resultado, o time construiu mais chances de finaliza\u00e7\u00f5es (20 x 3), mas, na maior parte do tempo, o Massa Bruta esteve mais confort\u00e1vel com o andamento do jogo.\n<\/p>\n<p>A derrota deixa o Vasco em uma situa\u00e7\u00e3o delicada na rodada. A equipe de Fernando Diniz permanece com 10 pontos em 15\u00ba lugar. Para n\u00e3o terminar a rodada no Z-4, precisa contar com derrotas de Fortaleza e Vit\u00f3ria, al\u00e9m de torcer para que Santos e Juventude n\u00e3o ganhem (confira a tabela).\n<\/p>\n<p>\u2013 O Vasco est\u00e1 evoluindo. O que me preocupa \u00e9 o resultado. N\u00e3o adianta finalizar 20 vezes e perder o jogo. A torcida quer vit\u00f3ria e a gente precisa de vit\u00f3ria. Na tabela de classifica\u00e7\u00e3o n\u00e3o est\u00e1 l\u00e1 quem joga bem. Mas a gente n\u00e3o vai aumentar nossa chance ganhando mal, vamos aumentar ganhando bem. O jogo de hoje foi muito claro. O Bragantino teve tr\u00eas chances e fez dois gols.\n<\/p>\n<p><b>Veja outras respostas:<\/b>\n<\/p>\n<p><b>Qual \u00e9 o problema do Vasco? \u00c9 psicol\u00f3gico?<\/b>\n<\/p>\n<p>\u2013 N\u00e3o acho que o problema do Vasco seja esse. Quando eu ganho, fiz um monte de coisa. Quando perde, tem problema. Eu sou respons\u00e1vel desde quando cheguei. O time n\u00e3o fez uma partida ruim. Os caras treinam e muito, mas os caras cometeram falhas que n\u00e3o podem cometer. No segundo tempo n\u00f3s melhoramos. N\u00e3o conseguimos ser um time mais agressivo. O Vasco est\u00e1 evoluindo. O que me preocupa \u00e9 o resultado. N\u00e3o adianta finalizar 20 vezes e perder o jogo. A torcida quer vit\u00f3ria e a gente precisa de vit\u00f3ria. Na tabela de classifica\u00e7\u00e3o n\u00e3o est\u00e1 l\u00e1 quem joga bem. Mas a gente n\u00e3o vai aumentar nossa chance ganhando mal, vamos aumentar ganhando bem. O jogo de hoje foi muito claro. O Bragantino teve tr\u00eas chances e fez dois gols.\n<\/p>\n<p><b>Por que n\u00e3o fez todas as substitui\u00e7\u00f5es? N\u00e3o substitui porque n\u00e3o tem confian\u00e7a no banco?<\/b>\n<\/p>\n<p>\u2013 Uma das coisas que \u00e9 fato \u00e9 que n\u00e3o conhe\u00e7o de plenitude o elenco, mas duas das substitui\u00e7\u00f5es foram mais para o final. N\u00e3o d\u00e1 para fazer cinco substitui\u00e7\u00f5es faltando 30 minutos, a\u00ed se machuca algu\u00e9m eu n\u00e3o posso mais mexer no time. Eu percebo o jogador que est\u00e1 cansado, mas voc\u00ea tem que fazer uma conta\u2026 Tem jogador que conhece mais o estilo t\u00e1tico.\n<\/p>\n<p>\u2013 Em rela\u00e7\u00e3o ao Vegetti, n\u00e3o \u00e9 que eu confio menos nos outros, eu confio muito nele. Ele tem muito gol, muito carisma, ele \u00e9 confiante. A gente teria muito cruzamento no segundo tempo, ent\u00e3o ele dificilmente sairia. Se tiv\u00e9ssemos outro jogador com a caracter\u00edstica dele no banco n\u00f3s ter\u00edamos dois centroavantes em campo provavelmente. A chance mais f\u00e1cil para a gente fazer um gol hoje seria um gol de cabe\u00e7a, ou um rebote depois de uma cabe\u00e7ada. N\u00e3o \u00e9 desconfian\u00e7a, \u00e9 confian\u00e7a no Vegetti.\n<\/p>\n<p>\u2013 O segundo atacante que n\u00f3s temos hoje \u00e9 o Alex Teixeira. \u00c9 a hora que discutimos o resultado. O Rayan n\u00e3o \u00e9 atacante, mas j\u00e1 fez isso v\u00e1rias vezes na base. A\u00ed colocamos o Alex, e t\u00ednhamos Rayan e Vegetti. Era um time para preencher a \u00e1rea e aproveitar melhor os cruzamentos. Infelizmente n\u00e3o aproveitamos nenhuma chance.\n<\/p>\n<p><b>Parada para a Copa<\/b>\n<\/p>\n<p>\u2013 Ela vem em um bom momento para dar mais condi\u00e7\u00e3o ao time. Vamos trabalhar com extrema dedica\u00e7\u00e3o para o time ficar mais forte e ganhar recurso em todos os aspectos do jogo. Aspecto f\u00edsico, emocional e t\u00e1tico\u2026 Vai servir em tudo.\n<\/p>\n<p><b>Pode alcan\u00e7ar coisas positivas no 2\u00ba semestre?<\/b>\n<\/p>\n<p>\u2013 Acredito muito no time. O time vai melhorar. Na minha conta pode colocar desde que eu assumi. Eu cheguei para o time ganhar jogo. Se comparar o jogo do Fluminnese com jogo n\u00f3s fomos muito melhores, mas temos que fazer gols. Se voc\u00ea olha que um time fez 20 finaliza\u00e7\u00f5es e outro quatro, voc\u00ea acha que n\u00f3s vencemos. Tem que fazer gol e n\u00e3o levar os gols evit\u00e1veis que levamos.\n<\/p>\n<p><b>Piton e Jo\u00e3o Victor<\/b>\n<\/p>\n<p>\u2013 O segundo gol do Bragantino foi um erro muito coletivo. Todo mundo sabe que a gente errou um monte de coisa. Era uma falta, abrimos o centro do campo, n\u00e3o fizemos press\u00e3o adequada. O jogador recebeu a bola livre, o Piton fez o movimento correto de ir para as costas, a gente tinha que preencher a \u00e1rea e demoramos de fazer o movimento defensivo. N\u00e3o gosto de individualizar. Foi algo coletivo.\n<\/p>\n<p><b>Paulo Henrique sentiu algo?<\/b>\n<\/p>\n<p>\u2013 N\u00e3o sentiu, porque sen\u00e3o ele n\u00e3o teria sido melhor no segundo tempo. Ele jogou muito melhor.\n<\/p>\n<p><b>O que falta defensivamente?<\/b>\n<\/p>\n<p>\u2013 Vamos analisar o jogo. O que aconteceu de falta de recomposi\u00e7\u00e3o foi no primeiro tempo, por isso levamos gols. \u00c9 que perde o jogo e fazem an\u00e1lises tortas. N\u00f3s tivemos problemas de recomposi\u00e7\u00e3o no primeiro tempo e levamos gols. O segundo gol foi uma falta de recomposi\u00e7\u00e3o muito clara, os jogadores n\u00e3o estavam cansados. N\u00f3s melhoramos no segundo tempo. O time j\u00e1 sabe que tem que recompor. N\u00f3s fomos extremamente eficientes contra o Melgar mesmo com 3 a 0. O time j\u00e1 entendeu que precisa recompor r\u00e1pido, quando voc\u00ea leva 1 a 0 muda esse cen\u00e1rio. No fundo, o time j\u00e1 entendeu o que precisa fazer, mas precisa ser mais consistente. Fizemos contra Fortaleza e Melgar, mas hoje deixamos de fazer.\n<\/p>\n<p><b>Tch\u00ea Tch\u00ea e Coutinho n\u00e3o conseguem recompor?<\/b>\n<\/p>\n<p>\u2013 Eles n\u00e3o fizeram contra o Fortaleza? Contra o Melgar? Fizeram o tempo todo contra o Melgar e com muita dedica\u00e7\u00e3o. \u00c9 algo simples. \u00c9 ter boa vontade para correr para tr\u00e1s. Se cansar a gente troca. Qualquer um pode fazer. \u00c9 correr para tr\u00e1s. Um time com caracter\u00edstica mais ofensiva tem que se dedicar, e eles t\u00eam se dedicado.\n<\/p>\n<p><b>Houve falta de movimenta\u00e7\u00e3o do time?<\/b>\n<\/p>\n<p>\u2013 Desde o primeiro tempo, o jogo estava se configurando mais para invers\u00e3o de corredor do que priorizar um lado do campo. Foi pedido desde o primeiro tempo. O time estava preparado. O Bragantino marca em bloco o tempo todo. No come\u00e7o do jogo, n\u00e3o d\u00e1 para configurar. No primeiro minutos, perdemos a bola e tomamos o gol com dois minutos. Aos poucos, mudamos um pouco a forma de atuar e usamos mais os corredores. O Paulo Henrique, conversamos no intervalo orientar para coloc\u00e1-lo mais no jogo, em uma posi\u00e7\u00e3o \u00e0 frente. N\u00e3o era algo que precisava de intervalo para corrigir. O Paulo estava mais encolhido, \u00e9 algo que ele fica naturalmente. De todos os jogos, esse foi o que ele ficou mais encolhido sem muita necessidade no primeiro tempo. No segundo, ele jogou mais dentro das caracter\u00edsticas que ele atua. N\u00e3o que em determinado momento a gente n\u00e3o possa encolher algum dos laterais, mas hoje n\u00e3o era a ideia.\n<\/p>\n<p><b>Camisas 5<\/b>\n<\/p>\n<p>\u2013 Gosto dos tr\u00eas jogadores (Hugo, Jair, Mateus). \u00c9 um trabalho muito curto. O Hugo ficou fora de duas partidas, o Mateus come\u00e7ou contra o Fluminense, mas como segundo. O Jair jogou bem contra o Melgar, \u00e9 muito t\u00e9cnico. Dif\u00edcil falar de uma dificuldade. A gente vai achar um jogador, no melhor momento vai aparecer. N\u00e3o d\u00e1 para saber se \u00e9 uma dificuldade. O Hugo n\u00e3o jogou por suspens\u00f5es. Entrou 3 jogos e ficou 2 suspensos. Gosto de qualquer um, at\u00e9 o Tch\u00ea Tch\u00ea pode jogar de cinco, ele jogou de cinco comigo no S\u00e3o Paulo.\n<\/p>\n<p><b>Personalidade do Coutinho<\/b>\n<\/p>\n<p>\u2013 \u00c9 um presente termos o Coutinho aqui. \u00c9 um dos jogadores mais talentosos que j\u00e1 trabalhei. Ele tem chamado a responsabilidade. A gente teve dificuldade de terminar as jogadas hoje. Ele tem a personalidade um pouco mais retra\u00edda, mas \u00e9 dele. Isso n\u00e3o deixa ele sem participar dos jogos, ele foi o principal jogador do Liverpool por dois anos. Ele tem sido comigo um jogador que chama a responsabilidade. Estou contente com ele.\n<\/p>\n<p>Fonte: ge<\/p>\n<\/div>\n<p><script async defer crossorigin=\"anonymous\" src=\"https:\/\/connect.facebook.net\/pt_BR\/sdk.js#xfbml=1&amp;version=v12.0&amp;appId=114327694422&amp;autoLogAppEvents=1\" nonce=\"4kp7RAsD\"><\/script><\/p>\n","protected":false},"excerpt":{"rendered":"<p>Confira outros t\u00f3picos da entrevista coletiva de Fernando Diniz ap\u00f3s Vasco 0 x 2 Red Bull Bragantino O t\u00e9cnico Fernando<\/p>\n","protected":false},"author":1,"featured_media":0,"comment_status":"","ping_status":"","sticky":false,"template":"","format":"standard","meta":{"colormag_page_container_layout":"default_layout","colormag_page_sidebar_layout":"default_layout","footnotes":""},"categories":[1],"tags":[],"class_list":["post-51661","post","type-post","status-publish","format-standard","hentry","category-sem-categoria"],"_links":{"self":[{"href":"https:\/\/euvivoaselecao.com.br\/index.php\/wp-json\/wp\/v2\/posts\/51661","targetHints":{"allow":["GET"]}}],"collection":[{"href":"https:\/\/euvivoaselecao.com.br\/index.php\/wp-json\/wp\/v2\/posts"}],"about":[{"href":"https:\/\/euvivoaselecao.com.br\/index.php\/wp-json\/wp\/v2\/types\/post"}],"author":[{"embeddable":true,"href":"https:\/\/euvivoaselecao.com.br\/index.php\/wp-json\/wp\/v2\/users\/1"}],"replies":[{"embeddable":true,"href":"https:\/\/euvivoaselecao.com.br\/index.php\/wp-json\/wp\/v2\/comments?post=51661"}],"version-history":[{"count":0,"href":"https:\/\/euvivoaselecao.com.br\/index.php\/wp-json\/wp\/v2\/posts\/51661\/revisions"}],"wp:attachment":[{"href":"https:\/\/euvivoaselecao.com.br\/index.php\/wp-json\/wp\/v2\/media?parent=51661"}],"wp:term":[{"taxonomy":"category","embeddable":true,"href":"https:\/\/euvivoaselecao.com.br\/index.php\/wp-json\/wp\/v2\/categories?post=51661"},{"taxonomy":"post_tag","embeddable":true,"href":"https:\/\/euvivoaselecao.com.br\/index.php\/wp-json\/wp\/v2\/tags?post=51661"}],"curies":[{"name":"wp","href":"https:\/\/api.w.org\/{rel}","templated":true}]}}