{"id":51709,"date":"2025-06-02T05:42:44","date_gmt":"2025-06-02T08:42:44","guid":{"rendered":"https:\/\/euvivoaselecao.com.br\/index.php\/2025\/06\/02\/sedest-abre-inscricoes-para-curso-de-maquinas-pesadas-a-partir-do-dia-9\/"},"modified":"2025-06-02T05:42:44","modified_gmt":"2025-06-02T08:42:44","slug":"sedest-abre-inscricoes-para-curso-de-maquinas-pesadas-a-partir-do-dia-9","status":"publish","type":"post","link":"https:\/\/euvivoaselecao.com.br\/index.php\/2025\/06\/02\/sedest-abre-inscricoes-para-curso-de-maquinas-pesadas-a-partir-do-dia-9\/","title":{"rendered":"Sedest abre inscri\u00e7\u00f5es para curso de m\u00e1quinas pesadas a partir do dia 9"},"content":{"rendered":"<p><\/p>\n<div>\n<h5 class=\"text-primary\">Capacita\u00e7\u00e3o<\/h5>\n<p>                        <!-- Mostra o t&iacute;tulo como um link para o link permanente do post --><\/p>\n<h2 class=\"mb-3\">Sedest abre inscri\u00e7\u00f5es para curso de m\u00e1quinas pesadas a partir do dia 9<\/h2>\n<p class=\"text-secondary font-italic mb-3 p-0\">&#13;<br \/>\n                            <i class=\"fa fa-calendar\"\/> 01\/06\/2025 | &#13;<br \/>\n                            <i class=\"fa fa-clock-o\"\/> 11:00 |&#13;<br \/>\n                            <i class=\"fa fa-eye\"\/> 249                        <\/p>\n<p>                        <!-- Mostra o conte&uacute;do do post em uma DIV --><\/p>\n<div class=\"\">\n<p>A Secretaria de Desenvolvimento Econ\u00f4mico e Trabalho de Jo\u00e3o Pessoa (Sedest) est\u00e1 com mais uma grande oportunidade para quem busca capacita\u00e7\u00e3o profissional. Do dia 9 ao dia 11 de junho estar\u00e3o abertas as inscri\u00e7\u00f5es para o curso gratuito de operador de m\u00e1quinas pesadas.<\/p>\n<p>As inscri\u00e7\u00f5es acontecem exclusivamente pelo WhatsApp. Os interessados podem acessar diretamente o chat clicando no link https:\/\/chat.whatsapp.com\/F9Z7rONVerJ9nUDh4vp6CB ou pelo n\u00famero (81) 9 8562-3656. As aulas e as apostilas do curso s\u00e3o gratuitas.<\/p>\n<figure class=\"wp-block-gallery has-nested-images columns-default is-cropped wp-block-gallery-1 is-layout-flex wp-block-gallery-is-layout-flex\">\n<figure class=\"wp-block-image size-large\"><\/figure>\n<figure class=\"wp-block-image size-large\"><\/figure>\n<\/figure>\n<p>\u201cA forma\u00e7\u00e3o de operadores de m\u00e1quinas pesadas chega em um momento estrat\u00e9gico, atendendo a uma demanda crescente por m\u00e3o de obra especializada nesse setor. Estamos investindo em capacita\u00e7\u00f5es que realmente fazem a diferen\u00e7a na vida das pessoas. Este curso, em especial, tem um foco pr\u00e1tico que aproxima o aluno da realidade do canteiro de obras, preparando-o n\u00e3o apenas para operar os equipamentos, mas para atuar com seguran\u00e7a, responsabilidade e compet\u00eancia desde o primeiro dia de trabalho\u201d, destacou Bruno Farias, secret\u00e1rio de Desenvolvimento Econ\u00f4mico e Trabalho da Capital.<\/p>\n<p>A atividade \u00e9 oferecida dentro do conjunto de a\u00e7\u00f5es do programa Eu Posso Aprender, promovido pela Sedest, em parceria com a Quality Cursos. A capacita\u00e7\u00e3o \u00e9 voltada para quem pretende trabalhar operando m\u00e1quinas como empilhadeira, motoniveladora, trator agr\u00edcola, p\u00e1 carregadeira, retroescavadeira e escavadeira hidr\u00e1ulica.<\/p>\n<p>Jo\u00e3o Bosco, secret\u00e1rio executivo de Desenvolvimento Econ\u00f4mico e Trabalho, ressaltou que esse curso representa uma a\u00e7\u00e3o importante da Prefeitura na prepara\u00e7\u00e3o de m\u00e3o de obra qualificada para o mercado de trabalho. \u201cEssa \u00e9 uma a\u00e7\u00e3o que, para al\u00e9m da qualifica\u00e7\u00e3o, representa a abertura de portas para muitos que buscam uma oportunidade no mercado de trabalho. Estamos falando de transforma\u00e7\u00e3o de vidas. Como gestor, me orgulho em dizer que estamos cumprindo nosso papel social, investindo em gente e construindo uma cidade com mais dignidade e oportunidades para todos\u201d, afirmou.<\/p>\n<p>Podem participar homens e mulheres maiores de 18 anos. N\u00e3o h\u00e1 exig\u00eancia de escolaridade. As aulas ser\u00e3o iniciadas no dia 11 de junho.<\/p>\n<\/p><\/div>\n<\/p><\/div>\n","protected":false},"excerpt":{"rendered":"<p>Capacita\u00e7\u00e3o Sedest abre inscri\u00e7\u00f5es para curso de m\u00e1quinas pesadas a partir do dia 9 &#13; 01\/06\/2025 | &#13; 11:00 |&#13;<\/p>\n","protected":false},"author":1,"featured_media":0,"comment_status":"","ping_status":"","sticky":false,"template":"","format":"standard","meta":{"colormag_page_container_layout":"default_layout","colormag_page_sidebar_layout":"default_layout","footnotes":""},"categories":[1],"tags":[],"class_list":["post-51709","post","type-post","status-publish","format-standard","hentry","category-sem-categoria"],"_links":{"self":[{"href":"https:\/\/euvivoaselecao.com.br\/index.php\/wp-json\/wp\/v2\/posts\/51709","targetHints":{"allow":["GET"]}}],"collection":[{"href":"https:\/\/euvivoaselecao.com.br\/index.php\/wp-json\/wp\/v2\/posts"}],"about":[{"href":"https:\/\/euvivoaselecao.com.br\/index.php\/wp-json\/wp\/v2\/types\/post"}],"author":[{"embeddable":true,"href":"https:\/\/euvivoaselecao.com.br\/index.php\/wp-json\/wp\/v2\/users\/1"}],"replies":[{"embeddable":true,"href":"https:\/\/euvivoaselecao.com.br\/index.php\/wp-json\/wp\/v2\/comments?post=51709"}],"version-history":[{"count":0,"href":"https:\/\/euvivoaselecao.com.br\/index.php\/wp-json\/wp\/v2\/posts\/51709\/revisions"}],"wp:attachment":[{"href":"https:\/\/euvivoaselecao.com.br\/index.php\/wp-json\/wp\/v2\/media?parent=51709"}],"wp:term":[{"taxonomy":"category","embeddable":true,"href":"https:\/\/euvivoaselecao.com.br\/index.php\/wp-json\/wp\/v2\/categories?post=51709"},{"taxonomy":"post_tag","embeddable":true,"href":"https:\/\/euvivoaselecao.com.br\/index.php\/wp-json\/wp\/v2\/tags?post=51709"}],"curies":[{"name":"wp","href":"https:\/\/api.w.org\/{rel}","templated":true}]}}