{"id":51726,"date":"2025-06-02T10:37:57","date_gmt":"2025-06-02T13:37:57","guid":{"rendered":"https:\/\/euvivoaselecao.com.br\/index.php\/2025\/06\/02\/fundacao-campeoes-do-amanha-abre-inscricoes-gratuitas-para-basquete-jiu-jitsu-e-volei-no-ginasio-o-ronaldao\/"},"modified":"2025-06-02T10:37:57","modified_gmt":"2025-06-02T13:37:57","slug":"fundacao-campeoes-do-amanha-abre-inscricoes-gratuitas-para-basquete-jiu-jitsu-e-volei-no-ginasio-o-ronaldao","status":"publish","type":"post","link":"https:\/\/euvivoaselecao.com.br\/index.php\/2025\/06\/02\/fundacao-campeoes-do-amanha-abre-inscricoes-gratuitas-para-basquete-jiu-jitsu-e-volei-no-ginasio-o-ronaldao\/","title":{"rendered":"Funda\u00e7\u00e3o Campe\u00f5es do Amanh\u00e3 abre inscri\u00e7\u00f5es gratuitas para basquete, jiu-jitsu e v\u00f4lei no gin\u00e1sio O Ronald\u00e3o"},"content":{"rendered":"<p><\/p>\n<div>\n<p>Pela primeira vez na hist\u00f3ria, o gin\u00e1sio O Ronald\u00e3o, no Cristo, em Jo\u00e3o Pessoa, ser\u00e1 sede de um projeto social com aulas gratuitas. A Funda\u00e7\u00e3o Campe\u00f5es do Amanh\u00e3, da Prefeitura da Capital, em parceria com a Secretaria de Juventude, Esporte e Lazer do Estado (Sejel), abre, nesta ter\u00e7a-feira (3), 350 vagas para basquete, jiu-jitsu e v\u00f4lei. As inscri\u00e7\u00f5es para as turmas, que atendem crian\u00e7as e adolescentes entre 8 e 17 anos, v\u00e3o at\u00e9 a pr\u00f3xima sexta-feira (6), no pr\u00f3prio local. \u00a0<\/p>\n<figure class=\"wp-block-gallery has-nested-images columns-default is-cropped wp-block-gallery-1 is-layout-flex wp-block-gallery-is-layout-flex\">\n<figure class=\"wp-block-image size-full\"><\/figure>\n<figure class=\"wp-block-image size-full\"><\/figure>\n<\/figure>\n<p>\u201cEstamos fazendo uma parceria in\u00e9dita com o Governo do Estado. \u00c9 o Campe\u00f5es do Amanh\u00e3 chegando ao Ronald\u00e3o, que \u00e9 um equipamento maravilhoso. Vamos incluir tr\u00eas modalidades ofertando isso para a popula\u00e7\u00e3o de Jo\u00e3o Pessoa e ficamos muito felizes. \u00c9 a primeira parceria que estamos fazendo com o Governo do Estado, que ser\u00e1 o in\u00edcio de muitas, com toda certeza\u201d, afirmou o presidente da Funda\u00e7\u00e3o Campe\u00f5es do Amanh\u00e3, Kaio M\u00e1rcio.<\/p>\n<p>Os hor\u00e1rios para garantir uma vaga em um dos esportes ser\u00e1 nos turnos da manh\u00e3 e da tarde, no Ronald\u00e3o: 8h \u00e0s 11h e 13h \u00e0s 17h. O pai\/respons\u00e1vel precisa apresentar um documento de identifica\u00e7\u00e3o com foto e um comprovante de resid\u00eancia. O secret\u00e1rio de Juventude, Esporte e Lazer do Estado (Sejel), Lindolfo Pires, comemorou a parceria.<\/p>\n<p>\u201cO gin\u00e1sio Ronald\u00e3o, que recebeu a maior reforma de sua hist\u00f3ria recentemente, com investimento de mais de 12 milh\u00f5es, est\u00e1 mostrando que literalmente est\u00e1 de portas abertas \u00e0 popula\u00e7\u00e3o. Essa parceria s\u00f3 tende a revelar novos talentos nas modalidades\u00a0oferecidas. Tenho certeza que ser\u00e1 uma grande oportunidade\u201d, disse\u00a0Lindolfo\u00a0Pires.<\/p>\n<p>Neste primeiro momento v\u00e3o ser ofertadas 200 vagas para o basquete, 120 para o jiu-jitsu e 30 para o v\u00f4lei. <\/p>\n<p><strong>Os hor\u00e1rios das modalidades s\u00e3o:<\/strong><\/p>\n<p><strong>Basquete<\/strong><\/p>\n<p>Ter\u00e7a e quinta-feira \u2013 8h \u00e0s 9h (10 a 14 anos)<\/p>\n<p>Ter\u00e7a e quinta-feira \u2013 9h \u00e0s 10h (15 a 17 anos)<\/p>\n<p>Quinta e sexta-feira \u2013 16h \u00e0s 17h (10 a 14 anos)<\/p>\n<p>Quinta e sexta-feira \u2013 17h \u00e0s 18h (15 a 17 anos)<\/p>\n<p><strong>Jiu-jitsu<\/strong><\/p>\n<p>Segunda, ter\u00e7a e quinta-feira \u2013 9h30 \u00e0s 10h30 (12 a 17 anos)<\/p>\n<p>Ter\u00e7a e quinta-feira \u2013 8h30 \u00e0s 9h30 (8 a 11 anos)<\/p>\n<p>Segunda, ter\u00e7a e quinta-feira \u2013 19h \u00e0s 20h (12 a 17 anos)<\/p>\n<p>Ter\u00e7a e quinta-feira \u2013 18h \u00e0s 19h (8 a 11 anos)<\/p>\n<p><strong>V\u00f4lei<\/strong><\/p>\n<p>Ter\u00e7a e quinta-feira \u2013 14h \u00e0s 15h (turma para iniciante na faixa et\u00e1ria do projeto)<\/p>\n<\/p><\/div>\n","protected":false},"excerpt":{"rendered":"<p>Pela primeira vez na hist\u00f3ria, o gin\u00e1sio O Ronald\u00e3o, no Cristo, em Jo\u00e3o Pessoa, ser\u00e1 sede de um projeto social<\/p>\n","protected":false},"author":1,"featured_media":0,"comment_status":"","ping_status":"","sticky":false,"template":"","format":"standard","meta":{"colormag_page_container_layout":"default_layout","colormag_page_sidebar_layout":"default_layout","footnotes":""},"categories":[1],"tags":[],"class_list":["post-51726","post","type-post","status-publish","format-standard","hentry","category-sem-categoria"],"_links":{"self":[{"href":"https:\/\/euvivoaselecao.com.br\/index.php\/wp-json\/wp\/v2\/posts\/51726","targetHints":{"allow":["GET"]}}],"collection":[{"href":"https:\/\/euvivoaselecao.com.br\/index.php\/wp-json\/wp\/v2\/posts"}],"about":[{"href":"https:\/\/euvivoaselecao.com.br\/index.php\/wp-json\/wp\/v2\/types\/post"}],"author":[{"embeddable":true,"href":"https:\/\/euvivoaselecao.com.br\/index.php\/wp-json\/wp\/v2\/users\/1"}],"replies":[{"embeddable":true,"href":"https:\/\/euvivoaselecao.com.br\/index.php\/wp-json\/wp\/v2\/comments?post=51726"}],"version-history":[{"count":0,"href":"https:\/\/euvivoaselecao.com.br\/index.php\/wp-json\/wp\/v2\/posts\/51726\/revisions"}],"wp:attachment":[{"href":"https:\/\/euvivoaselecao.com.br\/index.php\/wp-json\/wp\/v2\/media?parent=51726"}],"wp:term":[{"taxonomy":"category","embeddable":true,"href":"https:\/\/euvivoaselecao.com.br\/index.php\/wp-json\/wp\/v2\/categories?post=51726"},{"taxonomy":"post_tag","embeddable":true,"href":"https:\/\/euvivoaselecao.com.br\/index.php\/wp-json\/wp\/v2\/tags?post=51726"}],"curies":[{"name":"wp","href":"https:\/\/api.w.org\/{rel}","templated":true}]}}