{"id":51765,"date":"2025-06-02T20:50:11","date_gmt":"2025-06-02T23:50:11","guid":{"rendered":"https:\/\/euvivoaselecao.com.br\/index.php\/2025\/06\/02\/zona-oeste-recebe-esta-semana-o-trabalha-rio-prefeitura-da-cidade-do-rio-de-janeiro\/"},"modified":"2025-06-02T20:50:11","modified_gmt":"2025-06-02T23:50:11","slug":"zona-oeste-recebe-esta-semana-o-trabalha-rio-prefeitura-da-cidade-do-rio-de-janeiro","status":"publish","type":"post","link":"https:\/\/euvivoaselecao.com.br\/index.php\/2025\/06\/02\/zona-oeste-recebe-esta-semana-o-trabalha-rio-prefeitura-da-cidade-do-rio-de-janeiro\/","title":{"rendered":"Zona Oeste recebe esta semana o Trabalha Rio &#8211; Prefeitura da Cidade do Rio de Janeiro"},"content":{"rendered":"<p><\/p>\n<div id=\"main\">\n<div class=\"wrapper-breadcrumbs\" wp_automatic_readability=\"27.253121452894\">\n<div class=\"image-post\" wp_automatic_readability=\"32\">\n                     Trabalhadores cadastram seus curr\u00edculos &#8211; Roberto Moreyra\/SMTE                  <\/div>\n<p>A van do Trabalha Rio estar\u00e1 esta semana na Zona Oeste. Nesta ter\u00e7a-feira (3\/6), o programa de cadastramento de curr\u00edculos e encaminhamento para vagas de emprego da Secretaria Municipal de Trabalho e Renda (SMTE) estar\u00e1 na Uni\u00e3o Bangu, na Rua da Chita, 638. O atendimento, mediante senhas, ser\u00e1 realizado das 10h \u00e0s 14h.<\/p>\n<p>Na quarta-feira (4\/6), ser\u00e1 a vez de Campo Grande receber a visita da van do Trabalha Rio. A equipe estar\u00e1 a postos das 10h \u00e0s 14h para atender os trabalhadores e trabalhadoras, na Estrada do Mendanha, 4.240.<\/p>\n<blockquote wp_automatic_readability=\"11\">\n<p>\u2013 Por meio das a\u00e7\u00f5es itinerantes do Trabalha Rio temos encaminhado v\u00e1rios profissionais para vagas de emprego em diferentes empresas. N\u00f3s temos um banco de curr\u00edculos com os mais variados perfis e quero, aqui, convidar as empresas a conhec\u00ea-lo \u2013 afirmou o secret\u00e1rio municipal de Trabalho e Renda, Manoel Vieira.<\/p>\n<\/blockquote>\n<p>J\u00e1 na quinta-feira (5\/6), o programa da SMTE estar\u00e1 na Associa\u00e7\u00e3o de Moradores Conjunto Habitacional Liberdade, na Av. Canal M.E 54 (reta da Jo\u00e3o XXIII), em Santa Cruz. O Trabalha Rio far\u00e1 atendimento das 10h \u00e0s 14h, de acordo com o n\u00famero de senhas distribu\u00eddas.<\/p>\n<p>             <!-- Compartilhe ---><\/p>\n<p>\t\t\t <!-- TAGS --><\/p>\n<section class=\"category-tags\">\n<article class=\"tags\">\n\t\t\t\t\tMarca\u00e7\u00f5es: atendimento cadastramento de curr\u00edculos Trabalha Rio van<br \/><\/article>\n<\/section>\n<p>            <!-- Mais Not&iacute;cias --><\/p>\n<p>\t\t<!-- Conte&uacute;do SIDEBAR --><\/p><\/div>\n<\/p><\/div>\n","protected":false},"excerpt":{"rendered":"<p>Trabalhadores cadastram seus curr\u00edculos &#8211; Roberto Moreyra\/SMTE A van do Trabalha Rio estar\u00e1 esta semana na Zona Oeste. Nesta ter\u00e7a-feira<\/p>\n","protected":false},"author":1,"featured_media":0,"comment_status":"","ping_status":"","sticky":false,"template":"","format":"standard","meta":{"colormag_page_container_layout":"default_layout","colormag_page_sidebar_layout":"default_layout","footnotes":""},"categories":[1],"tags":[],"class_list":["post-51765","post","type-post","status-publish","format-standard","hentry","category-sem-categoria"],"_links":{"self":[{"href":"https:\/\/euvivoaselecao.com.br\/index.php\/wp-json\/wp\/v2\/posts\/51765","targetHints":{"allow":["GET"]}}],"collection":[{"href":"https:\/\/euvivoaselecao.com.br\/index.php\/wp-json\/wp\/v2\/posts"}],"about":[{"href":"https:\/\/euvivoaselecao.com.br\/index.php\/wp-json\/wp\/v2\/types\/post"}],"author":[{"embeddable":true,"href":"https:\/\/euvivoaselecao.com.br\/index.php\/wp-json\/wp\/v2\/users\/1"}],"replies":[{"embeddable":true,"href":"https:\/\/euvivoaselecao.com.br\/index.php\/wp-json\/wp\/v2\/comments?post=51765"}],"version-history":[{"count":0,"href":"https:\/\/euvivoaselecao.com.br\/index.php\/wp-json\/wp\/v2\/posts\/51765\/revisions"}],"wp:attachment":[{"href":"https:\/\/euvivoaselecao.com.br\/index.php\/wp-json\/wp\/v2\/media?parent=51765"}],"wp:term":[{"taxonomy":"category","embeddable":true,"href":"https:\/\/euvivoaselecao.com.br\/index.php\/wp-json\/wp\/v2\/categories?post=51765"},{"taxonomy":"post_tag","embeddable":true,"href":"https:\/\/euvivoaselecao.com.br\/index.php\/wp-json\/wp\/v2\/tags?post=51765"}],"curies":[{"name":"wp","href":"https:\/\/api.w.org\/{rel}","templated":true}]}}