{"id":51793,"date":"2025-06-03T03:00:42","date_gmt":"2025-06-03T06:00:42","guid":{"rendered":"https:\/\/euvivoaselecao.com.br\/index.php\/2025\/06\/03\/ceo-carlos-amodeo-diz-que-vasco-tenta-rescisao-antecipada-de-payet\/"},"modified":"2025-06-03T03:00:42","modified_gmt":"2025-06-03T06:00:42","slug":"ceo-carlos-amodeo-diz-que-vasco-tenta-rescisao-antecipada-de-payet","status":"publish","type":"post","link":"https:\/\/euvivoaselecao.com.br\/index.php\/2025\/06\/03\/ceo-carlos-amodeo-diz-que-vasco-tenta-rescisao-antecipada-de-payet\/","title":{"rendered":"CEO Carlos Amodeo diz que Vasco tenta rescis\u00e3o antecipada de Payet"},"content":{"rendered":"<p><\/p>\n<div>\n<div>Diogo Dantas @diogodantas<\/p>\n<p>CEO do Vasco Carlos Amodeo informa que rescis\u00e3o antecipada de Payet antes do fim do contrato em julho est\u00e1 sendo finalizada pelo clube<\/p>\n<p><center><\/center><\/p>\n<p>Fonte: X do jornalista Diogo Dantas\/O Globo\n<\/p>\n<p><b>Vasco busca antecipar rescis\u00e3o do contrato de Payet<\/b>\n<\/p>\n<p>O Vasco busca antecipar a rescis\u00e3o do contrato de Dimitri Payet, que tem v\u00ednculo at\u00e9 o fim de julho. A informa\u00e7\u00e3o foi divulgada pelo CEO Carlos Amodeo em entrevista no sorteio dos confrontos das oitavas de final da Copa do Brasil nesta segunda-feira, na sede da CBF.\n<\/p>\n<p>\u201cPayet encerra no dia 31 de julho. Estamos em contato com o jogador para um t\u00e9rmino antecipado de comum acordo\u201d, revelou.\n<\/p>\n<p>\u2013 Vamos ter uma parada at\u00e9 dia 12 do m\u00eas subsequente. O contrato vence 15 dias depois. Estamos em contato com os agentes para encerrar o contrato de trabalho \u2013 completou ele.\n<\/p>\n<p>Payet est\u00e1 em reta final de uma recupera\u00e7\u00e3o no joelho e recentemente foi liberado pelo clube para viajar \u00e0 Fran\u00e7a para resolver \u201cquest\u00f5es particulares\u201d.\n<\/p>\n<p>Fonte: ge<\/p>\n<\/div>\n<div class=\"sharedaddy sd-block sd-like jetpack-likes-widget-wrapper jetpack-likes-widget-unloaded\" id=\"like-post-wrapper-173292096-75891-683e90992bdbd\" data-src=\"https:\/\/widgets.wp.com\/likes\/?ver=14.6#blog_id=173292096&amp;post_id=75891&amp;origin=vasconet.com.br&amp;obj_id=173292096-75891-683e90992bdbd\" data-name=\"like-post-frame-173292096-75891-683e90992bdbd\" data-title=\"Curtir ou reblogar\">\n<h3 class=\"sd-title\">Curtir isso:<\/h3>\n<p><span class=\"button\"><span>Curtir<\/span><\/span> <span class=\"loading\">Carregando&#8230;<\/span><\/p>\n<p><span class=\"sd-text-color\"><\/span><\/div>\n<\/p>\n<h3 class=\"jp-relatedposts-headline\"><em>Relacionado<\/em><\/h3>\n<p><!-- CONTENT END 2 -->\n<\/div>\n<p><script async defer crossorigin=\"anonymous\" src=\"https:\/\/connect.facebook.net\/pt_BR\/sdk.js#xfbml=1&amp;version=v12.0&amp;appId=114327694422&amp;autoLogAppEvents=1\" nonce=\"4kp7RAsD\"><\/script><\/p>\n","protected":false},"excerpt":{"rendered":"<p>Diogo Dantas @diogodantas CEO do Vasco Carlos Amodeo informa que rescis\u00e3o antecipada de Payet antes do fim do contrato em<\/p>\n","protected":false},"author":1,"featured_media":0,"comment_status":"","ping_status":"","sticky":false,"template":"","format":"standard","meta":{"colormag_page_container_layout":"default_layout","colormag_page_sidebar_layout":"default_layout","footnotes":""},"categories":[1],"tags":[],"class_list":["post-51793","post","type-post","status-publish","format-standard","hentry","category-sem-categoria"],"_links":{"self":[{"href":"https:\/\/euvivoaselecao.com.br\/index.php\/wp-json\/wp\/v2\/posts\/51793","targetHints":{"allow":["GET"]}}],"collection":[{"href":"https:\/\/euvivoaselecao.com.br\/index.php\/wp-json\/wp\/v2\/posts"}],"about":[{"href":"https:\/\/euvivoaselecao.com.br\/index.php\/wp-json\/wp\/v2\/types\/post"}],"author":[{"embeddable":true,"href":"https:\/\/euvivoaselecao.com.br\/index.php\/wp-json\/wp\/v2\/users\/1"}],"replies":[{"embeddable":true,"href":"https:\/\/euvivoaselecao.com.br\/index.php\/wp-json\/wp\/v2\/comments?post=51793"}],"version-history":[{"count":0,"href":"https:\/\/euvivoaselecao.com.br\/index.php\/wp-json\/wp\/v2\/posts\/51793\/revisions"}],"wp:attachment":[{"href":"https:\/\/euvivoaselecao.com.br\/index.php\/wp-json\/wp\/v2\/media?parent=51793"}],"wp:term":[{"taxonomy":"category","embeddable":true,"href":"https:\/\/euvivoaselecao.com.br\/index.php\/wp-json\/wp\/v2\/categories?post=51793"},{"taxonomy":"post_tag","embeddable":true,"href":"https:\/\/euvivoaselecao.com.br\/index.php\/wp-json\/wp\/v2\/tags?post=51793"}],"curies":[{"name":"wp","href":"https:\/\/api.w.org\/{rel}","templated":true}]}}