{"id":51823,"date":"2025-06-03T13:27:27","date_gmt":"2025-06-03T16:27:27","guid":{"rendered":"https:\/\/euvivoaselecao.com.br\/index.php\/2025\/06\/03\/sao-jose-representa-o-brasil-no-mundial-de-bocha-adaptada\/"},"modified":"2025-06-03T13:27:27","modified_gmt":"2025-06-03T16:27:27","slug":"sao-jose-representa-o-brasil-no-mundial-de-bocha-adaptada","status":"publish","type":"post","link":"https:\/\/euvivoaselecao.com.br\/index.php\/2025\/06\/03\/sao-jose-representa-o-brasil-no-mundial-de-bocha-adaptada\/","title":{"rendered":"S\u00e3o Jos\u00e9 representa o Brasil no Mundial de Bocha Adaptada"},"content":{"rendered":"<p><\/p>\n<div>\n<p><b>Lucas Lemes<\/b><br \/>&#13;<br \/>\n&#13;<br \/>\n                <span style=\"font-weight: bold;\">Secretaria de Esporte e Qualidade de Vida<\/span><\/p>\n<p>Ap\u00f3s a conquista hist\u00f3rica do Mundial de Clubes de Goalball, o Instituto Athlon, que recebe apoio da Prefeitura de S\u00e3o Jos\u00e9 dos Campos, volta a representar o Brasil em mais uma competi\u00e7\u00e3o internacional.<\/p>\n<p>Desta vez,\u00a0atletas e profissionais joseenses integram a delega\u00e7\u00e3o brasileira que disputar\u00e1 a <em>Beijing 2025 World Boccia Cup<\/em>, entre os dias 7 e 15 de junho, em Pequim, na China.<\/p>\n<p>A competi\u00e7\u00e3o \u00e9 uma das etapas mais importantes do calend\u00e1rio mundial da modalidade e tem papel estrat\u00e9gico na prepara\u00e7\u00e3o rumo aos Jogos Paral\u00edmpicos de Los Angeles 2028.<\/p>\n<p>Disputada na cidade que sediou os Jogos Paral\u00edmpicos de 2008, a Copa do Mundo de Bocha re\u00fane as principais sele\u00e7\u00f5es do mundo em um torneio de alto n\u00edvel t\u00e9cnico.<\/p>\n<p>Ao todo, a Sele\u00e7\u00e3o Brasileira de Bocha Adaptada \u00e9 composta por cinco integrantes do Instituo Athlon convocados: as atletas Evani Calado e\u00a0La\u00edssa Guerreira; Renata da Silva e Edna Silva (assistentes esportivas); e o t\u00e9cnico Jos\u00e9 Guardia, Zezinho.<\/p>\n<\/p>\n<p><sup>Equipe joseense de bocha adaptada representar\u00e1 a sele\u00e7\u00e3o brasileira em Pequim | Foto: Divulga\u00e7\u00e3o<\/sup><\/p>\n<p>A jovem La\u00edssa Guerreira, da classe BC4, \u00e9 uma das promessas do Brasil. Campe\u00e3 mundial juvenil em 2023 e bicampe\u00e3 das Paralimp\u00edadas Escolares, ela \u00e9 um dos s\u00edmbolos da nova gera\u00e7\u00e3o da bocha paral\u00edmpica.<\/p>\n<p>\u201cSempre admirei os atletas da Sele\u00e7\u00e3o Brasileira e sonhava em um dia estar ao lado deles. Estou amadurecendo como pessoa e como atleta\u201d, diz La\u00edssa para o Canal CPB.<\/p>\n<p>Ao seu lado, Evani Calado leva sua experi\u00eancia e competitividade, refor\u00e7ando a for\u00e7a feminina da equipe. J\u00e1 a presen\u00e7a do t\u00e9cnico Jos\u00e9 Guardia (Zezinho) e das assistentes Renata da Silva e Edna Silva comprova o reconhecimento da qualidade t\u00e9cnica do Instituto Athlon na forma\u00e7\u00e3o de talentos e profissionais que fazem a diferen\u00e7a em n\u00edvel internacional.<\/p>\n<p>A equipe passou por um ciclo intensivo de treinamentos no Centro de Treinamento Paral\u00edmpico, em S\u00e3o Paulo. O foco foi o aprimoramento t\u00e1tico e estrat\u00e9gico para enfrentar advers\u00e1rios de elite, especialmente das pot\u00eancias asi\u00e1ticas, conhecidas por seu jogo t\u00e9cnico e veloz.<\/p>\n<p>&#13;<br \/>\n                        <strong>MAIS NOT\u00cdCIAS<\/strong><br \/>&#13;<br \/>\n                        Secretaria de Esporte e Qualidade de Vida&#13;\n                    <\/p>\n<\/p><\/div>\n","protected":false},"excerpt":{"rendered":"<p>Lucas Lemes&#13; &#13; Secretaria de Esporte e Qualidade de Vida Ap\u00f3s a conquista hist\u00f3rica do Mundial de Clubes de Goalball,<\/p>\n","protected":false},"author":1,"featured_media":0,"comment_status":"","ping_status":"","sticky":false,"template":"","format":"standard","meta":{"colormag_page_container_layout":"default_layout","colormag_page_sidebar_layout":"default_layout","footnotes":""},"categories":[1],"tags":[],"class_list":["post-51823","post","type-post","status-publish","format-standard","hentry","category-sem-categoria"],"_links":{"self":[{"href":"https:\/\/euvivoaselecao.com.br\/index.php\/wp-json\/wp\/v2\/posts\/51823","targetHints":{"allow":["GET"]}}],"collection":[{"href":"https:\/\/euvivoaselecao.com.br\/index.php\/wp-json\/wp\/v2\/posts"}],"about":[{"href":"https:\/\/euvivoaselecao.com.br\/index.php\/wp-json\/wp\/v2\/types\/post"}],"author":[{"embeddable":true,"href":"https:\/\/euvivoaselecao.com.br\/index.php\/wp-json\/wp\/v2\/users\/1"}],"replies":[{"embeddable":true,"href":"https:\/\/euvivoaselecao.com.br\/index.php\/wp-json\/wp\/v2\/comments?post=51823"}],"version-history":[{"count":0,"href":"https:\/\/euvivoaselecao.com.br\/index.php\/wp-json\/wp\/v2\/posts\/51823\/revisions"}],"wp:attachment":[{"href":"https:\/\/euvivoaselecao.com.br\/index.php\/wp-json\/wp\/v2\/media?parent=51823"}],"wp:term":[{"taxonomy":"category","embeddable":true,"href":"https:\/\/euvivoaselecao.com.br\/index.php\/wp-json\/wp\/v2\/categories?post=51823"},{"taxonomy":"post_tag","embeddable":true,"href":"https:\/\/euvivoaselecao.com.br\/index.php\/wp-json\/wp\/v2\/tags?post=51823"}],"curies":[{"name":"wp","href":"https:\/\/api.w.org\/{rel}","templated":true}]}}