{"id":51824,"date":"2025-06-03T14:06:46","date_gmt":"2025-06-03T17:06:46","guid":{"rendered":"https:\/\/euvivoaselecao.com.br\/index.php\/2025\/06\/03\/seop-realiza-a-demolicao-de-nove-construcoes-irregulares-em-guaratiba-prefeitura-da-cidade-do-rio-de-janeiro\/"},"modified":"2025-06-03T14:06:46","modified_gmt":"2025-06-03T17:06:46","slug":"seop-realiza-a-demolicao-de-nove-construcoes-irregulares-em-guaratiba-prefeitura-da-cidade-do-rio-de-janeiro","status":"publish","type":"post","link":"https:\/\/euvivoaselecao.com.br\/index.php\/2025\/06\/03\/seop-realiza-a-demolicao-de-nove-construcoes-irregulares-em-guaratiba-prefeitura-da-cidade-do-rio-de-janeiro\/","title":{"rendered":"Seop realiza a demoli\u00e7\u00e3o de nove constru\u00e7\u00f5es irregulares em Guaratiba &#8211; Prefeitura da Cidade do Rio de Janeiro"},"content":{"rendered":"<p><\/p>\n<div id=\"main\">\n<div class=\"wrapper-breadcrumbs\" wp_automatic_readability=\"38.698412698413\">\n<div class=\"image-post\" wp_automatic_readability=\"34\">\n                     As constru\u00e7\u00f5es foram erguidas em \u00e1rea p\u00fablica, nos fundos de unidades municipais &#8211; F\u00e1bio Costa\/Seop                  <\/div>\n<p>A Secretaria de Ordem P\u00fablica (Seop) e a Subprefeitura da Zona Oeste III realizam, nesta ter\u00e7a-feira (3\/6), a demoli\u00e7\u00e3o de nove constru\u00e7\u00f5es irregulares na Rua Diogo J\u00e1come, em Guaratiba. Os im\u00f3veis residenciais possuem dois pavimentos e est\u00e3o em fase de alvenaria, embo\u00e7o e encontram-se desocupadas. Engenheiros da Prefeitura do Rio estimam um preju\u00edzo de aproximadamente R$ 1 milh\u00e3o aos respons\u00e1veis.<\/p>\n<p>As constru\u00e7\u00f5es foram erguidas em \u00e1rea p\u00fablica, nos fundos de unidades municipais: Escola Municipal Professora Maria Helena Sampaio Marques; Escola Municipal Engenheiro Gast\u00e3o Rangel; EDI Creche Escola Marcos Flam\u00ednio Portugal Pinto e do Gin\u00e1sio Educacional Tecnol\u00f3gico (GET) Olavo Monteiro de Carvalho.<\/p>\n<blockquote wp_automatic_readability=\"9\">\n<p>\u2013 A demoli\u00e7\u00e3o dessas constru\u00e7\u00f5es irregulares \u00e9 mais uma a\u00e7\u00e3o para garantir o uso correto das \u00e1reas p\u00fablicas. Nossa prioridade \u00e9 garantir que os espa\u00e7os p\u00fablicos sejam preservados para a popula\u00e7\u00e3o e utilizados de forma adequada -disse o secret\u00e1rio de Ordem P\u00fablica, Brenno Carnevale.<\/p>\n<\/blockquote>\n<p>Em dois terrenos, com cerca de 200 metros quadrados cada, os agentes localizaram e demoliram duas \u00e1reas de lazer, ambas com piscina. Em uma delas, estava sendo constru\u00edda uma esp\u00e9cie de sal\u00e3o de festas, com churrasqueira e banheiros, ainda em fase de acabamento.<\/p>\n<blockquote wp_automatic_readability=\"11\">\n<p>\u2013 Essa opera\u00e7\u00e3o realizada em Guaratiba \u00e9 um passo fundamental para garantir a ordem e a seguran\u00e7a em nossa regi\u00e3o. N\u00e3o podemos permitir que constru\u00e7\u00f5es irregulares comprometam a qualidade de vida dos moradores e a integridade das \u00e1reas p\u00fablicas. A colabora\u00e7\u00e3o entre a subprefeitura e a Seop \u00e9 essencial para coibir essas irregularidades e preservar nosso espa\u00e7o urbano. Estamos comprometidos em ouvir as demandas da popula\u00e7\u00e3o, que deseja ruas limpas e transit\u00e1veis, e seguiremos firmes na luta contra a desordem e a ocupa\u00e7\u00e3o inadequada \u2013 afirmou o subprefeito da Zona Oeste III, Ednelson de Lima.<\/p>\n<\/blockquote>\n<p>Tamb\u00e9m participam da opera\u00e7\u00e3o agentes da Guarda Municipal, Comlurb, RioLuz, Light, Zona Oeste Mais e da Secretaria de Assist\u00eancia Social.<\/p>\n<p>             <!-- Compartilhe ---><\/p>\n<p>\t\t\t <!-- TAGS --><\/p>\n<section class=\"category-tags\">\n<div class=\"marcacao-category\">\n<article class=\"category-post\">\n<p>Categoria: <\/p>\n<\/article>\n<li>3 de junho de 2025<\/li><\/div>\n<article class=\"tags\">\n\t\t\t\t\tMarca\u00e7\u00f5es: Demoli\u00e7\u00e3o de constru\u00e7\u00f5es irregulares Guaratiba Ordem P\u00fablica Prefeitura do Rio<br \/><\/article>\n<\/section>\n<p>            <!-- Mais Not&iacute;cias --><\/p>\n<p>\t\t<!-- Conte&uacute;do SIDEBAR --><\/p><\/div>\n<\/p><\/div>\n","protected":false},"excerpt":{"rendered":"<p>As constru\u00e7\u00f5es foram erguidas em \u00e1rea p\u00fablica, nos fundos de unidades municipais &#8211; F\u00e1bio Costa\/Seop A Secretaria de Ordem P\u00fablica<\/p>\n","protected":false},"author":1,"featured_media":0,"comment_status":"","ping_status":"","sticky":false,"template":"","format":"standard","meta":{"colormag_page_container_layout":"default_layout","colormag_page_sidebar_layout":"default_layout","footnotes":""},"categories":[1],"tags":[],"class_list":["post-51824","post","type-post","status-publish","format-standard","hentry","category-sem-categoria"],"_links":{"self":[{"href":"https:\/\/euvivoaselecao.com.br\/index.php\/wp-json\/wp\/v2\/posts\/51824","targetHints":{"allow":["GET"]}}],"collection":[{"href":"https:\/\/euvivoaselecao.com.br\/index.php\/wp-json\/wp\/v2\/posts"}],"about":[{"href":"https:\/\/euvivoaselecao.com.br\/index.php\/wp-json\/wp\/v2\/types\/post"}],"author":[{"embeddable":true,"href":"https:\/\/euvivoaselecao.com.br\/index.php\/wp-json\/wp\/v2\/users\/1"}],"replies":[{"embeddable":true,"href":"https:\/\/euvivoaselecao.com.br\/index.php\/wp-json\/wp\/v2\/comments?post=51824"}],"version-history":[{"count":0,"href":"https:\/\/euvivoaselecao.com.br\/index.php\/wp-json\/wp\/v2\/posts\/51824\/revisions"}],"wp:attachment":[{"href":"https:\/\/euvivoaselecao.com.br\/index.php\/wp-json\/wp\/v2\/media?parent=51824"}],"wp:term":[{"taxonomy":"category","embeddable":true,"href":"https:\/\/euvivoaselecao.com.br\/index.php\/wp-json\/wp\/v2\/categories?post=51824"},{"taxonomy":"post_tag","embeddable":true,"href":"https:\/\/euvivoaselecao.com.br\/index.php\/wp-json\/wp\/v2\/tags?post=51824"}],"curies":[{"name":"wp","href":"https:\/\/api.w.org\/{rel}","templated":true}]}}