{"id":51827,"date":"2025-06-03T14:52:07","date_gmt":"2025-06-03T17:52:07","guid":{"rendered":"https:\/\/euvivoaselecao.com.br\/index.php\/2025\/06\/03\/duas-linhas-novas-entram-em-operacao-na-zona-norte-da-cidade-prefeitura-da-cidade-do-rio-de-janeiro\/"},"modified":"2025-06-03T14:52:07","modified_gmt":"2025-06-03T17:52:07","slug":"duas-linhas-novas-entram-em-operacao-na-zona-norte-da-cidade-prefeitura-da-cidade-do-rio-de-janeiro","status":"publish","type":"post","link":"https:\/\/euvivoaselecao.com.br\/index.php\/2025\/06\/03\/duas-linhas-novas-entram-em-operacao-na-zona-norte-da-cidade-prefeitura-da-cidade-do-rio-de-janeiro\/","title":{"rendered":"Duas linhas novas entram em opera\u00e7\u00e3o na Zona Norte da cidade &#8211; Prefeitura da Cidade do Rio de Janeiro"},"content":{"rendered":"<p><\/p>\n<div id=\"main\">\n<div class=\"wrapper-breadcrumbs\" wp_automatic_readability=\"36.858974358974\">\n<div class=\"image-post\" wp_automatic_readability=\"32\">\n                     Prefeitura inaugura linhas de \u00f4nibus &#8211;  Paulo S\u00e9rgio\/Prefeitura do Rio                  <\/div>\n<p>Duas novas linhas de \u00f4nibus come\u00e7aram a operar nesta ter\u00e7a-feira (03\/06) na Zona Norte do Rio de Janeiro: a 959 (Vicente de Carvalho \/ Iraj\u00e1) e a 975 (Madureira \/ Terminal Fund\u00e3o, via Penha).<\/p>\n<p>S\u00e3o cerca de 200 linhas retomadas ou criadas desde junho de 2022, quando entrou em vigor o acordo judicial firmado entre o Munic\u00edpio, os cons\u00f3rcios de \u00f4nibus e o Minist\u00e9rio P\u00fablico Estadual. O objetivo \u00e9 restabelecer gradualmente o servi\u00e7o de \u00f4nibus, ampliando a cobertura e garantindo deslocamento digno para a popula\u00e7\u00e3o.<\/p>\n<p>De acordo com as regras do acordo, al\u00e9m da tarifa de R$ 4,70 paga pelos passageiros, os cons\u00f3rcios recebem um repasse complementar calculado pela quilometragem efetivamente rodada, monitorada via GPS. O modelo busca assegurar que os \u00f4nibus estejam, de fato, nas ruas, prestando o servi\u00e7o contratado.<\/p>\n<p><strong>Plano operacional da linha 959 (Vicente de Carvalho \/ Iraj\u00e1)<\/strong><\/p>\n<p><strong>Itiner\u00e1rio:<\/strong><\/p>\n<p>Metr\u00f4 Vicente de Carvalho<br \/>Estrada Coronel Vieira<br \/>Pra\u00e7a Nossa Senhora da Apresenta\u00e7\u00e3o<br \/>Rua Hannibal Porto<br \/>Trevo das Margaridas<br \/>Avenida Brasil<br \/>Conjunto IAPC<br \/>Rodovia Presidente Dutra<\/p>\n<p>De acordo com o planejamento atual, a linha deve realizar 39 viagens de ida e volta em dias \u00fateis.<\/p>\n<p><strong>Plano operacional da linha 975 (Madureira \/ Term. Fund\u00e3o via Penha)<\/strong><\/p>\n<p><strong>Itiner\u00e1rio:<\/strong><\/p>\n<p>Madureira<br \/>Vaz Lobo<br \/>Vicente de Carvalho<br \/>Vila Kosmos<br \/>Penha Circular<br \/>Avenida Brasil<br \/>Avenida Brigadeiro Trompowski<br \/>Terminal Fund\u00e3o<\/p>\n<p>De acordo com o planejamento atual, a linha deve realizar 54 viagens de ida e volta em dias \u00fateis.<\/p>\n<p>             <!-- Compartilhe ---><\/p>\n<p>\t\t\t <!-- TAGS --><\/p>\n<section class=\"category-tags\">\n<div class=\"marcacao-category\">\n<article class=\"category-post\">\n<p>Categoria: <\/p>\n<\/article>\n<li>3 de junho de 2025<\/li><\/div>\n<article class=\"tags\">\n\t\t\t\t\tMarca\u00e7\u00f5es: cons\u00f3rcios linhas \u00f4nibus passageiros Passagem viagens Zona Norte<br \/><\/article>\n<\/section>\n<p>            <!-- Mais Not&iacute;cias --><\/p>\n<p>\t\t<!-- Conte&uacute;do SIDEBAR --><\/p><\/div>\n<\/p><\/div>\n","protected":false},"excerpt":{"rendered":"<p>Prefeitura inaugura linhas de \u00f4nibus &#8211; Paulo S\u00e9rgio\/Prefeitura do Rio Duas novas linhas de \u00f4nibus come\u00e7aram a operar nesta ter\u00e7a-feira<\/p>\n","protected":false},"author":1,"featured_media":0,"comment_status":"","ping_status":"","sticky":false,"template":"","format":"standard","meta":{"colormag_page_container_layout":"default_layout","colormag_page_sidebar_layout":"default_layout","footnotes":""},"categories":[1],"tags":[],"class_list":["post-51827","post","type-post","status-publish","format-standard","hentry","category-sem-categoria"],"_links":{"self":[{"href":"https:\/\/euvivoaselecao.com.br\/index.php\/wp-json\/wp\/v2\/posts\/51827","targetHints":{"allow":["GET"]}}],"collection":[{"href":"https:\/\/euvivoaselecao.com.br\/index.php\/wp-json\/wp\/v2\/posts"}],"about":[{"href":"https:\/\/euvivoaselecao.com.br\/index.php\/wp-json\/wp\/v2\/types\/post"}],"author":[{"embeddable":true,"href":"https:\/\/euvivoaselecao.com.br\/index.php\/wp-json\/wp\/v2\/users\/1"}],"replies":[{"embeddable":true,"href":"https:\/\/euvivoaselecao.com.br\/index.php\/wp-json\/wp\/v2\/comments?post=51827"}],"version-history":[{"count":0,"href":"https:\/\/euvivoaselecao.com.br\/index.php\/wp-json\/wp\/v2\/posts\/51827\/revisions"}],"wp:attachment":[{"href":"https:\/\/euvivoaselecao.com.br\/index.php\/wp-json\/wp\/v2\/media?parent=51827"}],"wp:term":[{"taxonomy":"category","embeddable":true,"href":"https:\/\/euvivoaselecao.com.br\/index.php\/wp-json\/wp\/v2\/categories?post=51827"},{"taxonomy":"post_tag","embeddable":true,"href":"https:\/\/euvivoaselecao.com.br\/index.php\/wp-json\/wp\/v2\/tags?post=51827"}],"curies":[{"name":"wp","href":"https:\/\/api.w.org\/{rel}","templated":true}]}}