{"id":51830,"date":"2025-06-03T15:33:31","date_gmt":"2025-06-03T18:33:31","guid":{"rendered":"https:\/\/euvivoaselecao.com.br\/index.php\/2025\/06\/03\/guaratingueta-promove-pre-conferencias-de-saude-nos-bairros-como-preparacao-para-a-conferencia-municipal-em-agosto\/"},"modified":"2025-06-03T15:33:31","modified_gmt":"2025-06-03T18:33:31","slug":"guaratingueta-promove-pre-conferencias-de-saude-nos-bairros-como-preparacao-para-a-conferencia-municipal-em-agosto","status":"publish","type":"post","link":"https:\/\/euvivoaselecao.com.br\/index.php\/2025\/06\/03\/guaratingueta-promove-pre-conferencias-de-saude-nos-bairros-como-preparacao-para-a-conferencia-municipal-em-agosto\/","title":{"rendered":"Guaratinguet\u00e1 promove Pr\u00e9-Confer\u00eancias de Sa\u00fade nos bairros como prepara\u00e7\u00e3o para a Confer\u00eancia Municipal em agosto"},"content":{"rendered":"<p><\/p>\n<div>\n<p>A Secretaria Municipal da Sa\u00fade realizar\u00e1, em agosto, a Confer\u00eancia Municipal de Sa\u00fade, um importante espa\u00e7o de debate, planejamento e delibera\u00e7\u00e3o das pol\u00edticas p\u00fablicas de sa\u00fade em Guaratinguet\u00e1. O evento reunir\u00e1 gestores, profissionais da sa\u00fade, representantes de entidades e a popula\u00e7\u00e3o em geral, com o objetivo principal de fortalecer o Sistema \u00danico de Sa\u00fade (SUS) no munic\u00edpio, garantindo acesso a servi\u00e7os de qualidade para todos.<\/p>\n<p>Como parte da prepara\u00e7\u00e3o para a Confer\u00eancia, a Secretaria promover\u00e1 uma s\u00e9rie de Pr\u00e9-Confer\u00eancias nos bairros, com o intuito de ampliar a participa\u00e7\u00e3o popular e democratizar o processo de constru\u00e7\u00e3o das diretrizes da sa\u00fade p\u00fablica local. Essas a\u00e7\u00f5es descentralizadas s\u00e3o fundamentais para ouvir as demandas da popula\u00e7\u00e3o, identificar os desafios enfrentados em cada regi\u00e3o e construir solu\u00e7\u00f5es coletivas e participativas.<\/p>\n<p>As Pr\u00e9-Confer\u00eancias acontecer\u00e3o sempre das 18h \u00e0s 20h, nos seguintes locais e datas:<\/p>\n<p>04\/06\/2025 \u2013 Rocinha (Associa\u00e7\u00e3o do Bairro)<br \/>\u00a011\/06\/2025 \u2013 Engenheiro Neiva e Vista Alegre (Associa\u00e7\u00e3o de Bairro ASSABEN)<br \/>\u00a025\/06\/2025 \u2013 Pedregulho, S\u00e3o Dimas, S\u00e3o Manoel e Col\u00f4nia (Igreja de Jesus Cristo dos Santos dos \u00daltimos Dias \u2013 \u201cIgreja M\u00f3rmon\u201d)<br \/>\u00a002\/07\/2025 \u2013 Centro, Tamandar\u00e9 e Campinho (Espa\u00e7o Multiuso)<br \/>\u00a016\/07\/2025 \u2013 Parque S\u00e3o Francisco, Pedrinha, Pingo de Ouro e Santa Luzia (Associa\u00e7\u00e3o de Bairro do Parque S\u00e3o Francisco)<br \/>23\/07\/2025 \u2013 COHAB, Jardim Esperan\u00e7a e Jardim do Vale (Associa\u00e7\u00e3o de Bairro da COHAB).<\/p>\n<p>A Secretaria Municipal da Sa\u00fade refor\u00e7a a import\u00e2ncia da participa\u00e7\u00e3o da comunidade neste processo. As Pr\u00e9-Confer\u00eancias representam um exemplo de democracia participativa, onde cada cidad\u00e3o tem voz ativa na constru\u00e7\u00e3o de um SUS mais acess\u00edvel, justo e eficiente.<\/p>\n<\/p><\/div>\n","protected":false},"excerpt":{"rendered":"<p>A Secretaria Municipal da Sa\u00fade realizar\u00e1, em agosto, a Confer\u00eancia Municipal de Sa\u00fade, um importante espa\u00e7o de debate, planejamento e<\/p>\n","protected":false},"author":1,"featured_media":0,"comment_status":"","ping_status":"","sticky":false,"template":"","format":"standard","meta":{"colormag_page_container_layout":"default_layout","colormag_page_sidebar_layout":"default_layout","footnotes":""},"categories":[1],"tags":[],"class_list":["post-51830","post","type-post","status-publish","format-standard","hentry","category-sem-categoria"],"_links":{"self":[{"href":"https:\/\/euvivoaselecao.com.br\/index.php\/wp-json\/wp\/v2\/posts\/51830","targetHints":{"allow":["GET"]}}],"collection":[{"href":"https:\/\/euvivoaselecao.com.br\/index.php\/wp-json\/wp\/v2\/posts"}],"about":[{"href":"https:\/\/euvivoaselecao.com.br\/index.php\/wp-json\/wp\/v2\/types\/post"}],"author":[{"embeddable":true,"href":"https:\/\/euvivoaselecao.com.br\/index.php\/wp-json\/wp\/v2\/users\/1"}],"replies":[{"embeddable":true,"href":"https:\/\/euvivoaselecao.com.br\/index.php\/wp-json\/wp\/v2\/comments?post=51830"}],"version-history":[{"count":0,"href":"https:\/\/euvivoaselecao.com.br\/index.php\/wp-json\/wp\/v2\/posts\/51830\/revisions"}],"wp:attachment":[{"href":"https:\/\/euvivoaselecao.com.br\/index.php\/wp-json\/wp\/v2\/media?parent=51830"}],"wp:term":[{"taxonomy":"category","embeddable":true,"href":"https:\/\/euvivoaselecao.com.br\/index.php\/wp-json\/wp\/v2\/categories?post=51830"},{"taxonomy":"post_tag","embeddable":true,"href":"https:\/\/euvivoaselecao.com.br\/index.php\/wp-json\/wp\/v2\/tags?post=51830"}],"curies":[{"name":"wp","href":"https:\/\/api.w.org\/{rel}","templated":true}]}}