{"id":51860,"date":"2025-06-04T01:06:52","date_gmt":"2025-06-04T04:06:52","guid":{"rendered":"https:\/\/euvivoaselecao.com.br\/index.php\/2025\/06\/04\/secretaria-de-saude-abre-novos-pontos-de-vacinacao-na-cidade-prefeitura-da-cidade-do-rio-de-janeiro\/"},"modified":"2025-06-04T01:06:52","modified_gmt":"2025-06-04T04:06:52","slug":"secretaria-de-saude-abre-novos-pontos-de-vacinacao-na-cidade-prefeitura-da-cidade-do-rio-de-janeiro","status":"publish","type":"post","link":"https:\/\/euvivoaselecao.com.br\/index.php\/2025\/06\/04\/secretaria-de-saude-abre-novos-pontos-de-vacinacao-na-cidade-prefeitura-da-cidade-do-rio-de-janeiro\/","title":{"rendered":"Secretaria de Sa\u00fade abre novos pontos de vacina\u00e7\u00e3o na cidade &#8211; Prefeitura da Cidade do Rio de Janeiro"},"content":{"rendered":"<p><\/p>\n<div id=\"main\">\n<div class=\"wrapper-breadcrumbs\" wp_automatic_readability=\"34.454803596782\">\n<div class=\"image-post\" wp_automatic_readability=\"32\">\n                     Vacina\u00e7\u00e3o na cidade &#8211; Divulga\u00e7\u00e3o \/ SMS                  <\/div>\n<p>A Secretaria Municipal de Sa\u00fade (SMS) est\u00e1 disponibilizando novos pontos de vacina\u00e7\u00e3o em diferentes locais da cidade nesta semana, entre esta ter\u00e7a-feira (3\/6) e sexta-feira (6\/6). Facilitando o acesso do carioca \u00e0 imuniza\u00e7\u00e3o, a a\u00e7\u00e3o se posiciona em locais de grande circula\u00e7\u00e3o com vacinas contra covid-19 (para idosos a partir de 70 anos), gripe, febre amarela, sarampo, caxumba e rub\u00e9ola.<\/p>\n<p><strong>Idosos de 70 anos j\u00e1 podem se vacinar contra covid JN.1<\/strong><\/p>\n<p>As vacinas tamb\u00e9m est\u00e3o dispon\u00edveis nas 240 unidades de Aten\u00e7\u00e3o Prim\u00e1ria, cl\u00ednicas da fam\u00edlia e centros municipais de sa\u00fade, e no Super Centro Carioca de Vacina\u00e7\u00e3o, unidades Botafogo (funcionamento de domingo a domingo, das 8h \u00e0s 22h) e Campo Grande (no ParkShoppingCampoGrande, funcionando de domingo a domingo, de acordo com o hor\u00e1rio do centro comercial). Em caso de d\u00favidas, a pessoa pode procurar uma unidade de sa\u00fade para as devidas avalia\u00e7\u00f5es e orienta\u00e7\u00f5es.<\/p>\n<p>\u00a0<\/p>\n<p><strong>Confira a programa\u00e7\u00e3o dos pontos de vacina\u00e7\u00e3o<\/strong><\/p>\n<p><em>Dia 3 \u2013 ter\u00e7a-feira<\/em><br \/>\u2013 Pra\u00e7a Nelson Mandela, Botafogo \u2013 8h \u00e0s 16h<\/p>\n<p><em>Dias 3 e 5 \u2013 ter\u00e7a e quinta-feira<\/em><br \/>\u2013 Central do Brasil \u2013 8h \u00e0s 16h<\/p>\n<p><em>Dias 3, 4, 5 e 6 \u2013 ter\u00e7a a sexta-feira<\/em><br \/>\u2013 Terminal Gentileza \u2013 8h \u00e0s 16h<br \/>\u2013 Saara \u2013 9h \u00e0s 17h<\/p>\n<p><em>Dia 4 \u2013 quarta-feira<\/em><br \/>\u2013 Em frente ao Edif\u00edcio Avenida Central, Centro da Cidade \u2013 8h30 \u00e0s 16h<br \/>\u2013 Maracan\u00e3zinho \u2013 13h \u00e0s 19h<\/p>\n<p>             <!-- Compartilhe ---><\/p>\n<p>\t\t\t <!-- TAGS --><\/p>\n<section class=\"category-tags\">\n<div class=\"marcacao-category\">\n<article class=\"category-post\">\n<p>Categoria: <\/p>\n<\/article>\n<li>3 de junho de 2025<\/li><\/div>\n<article class=\"tags\">\n\t\t\t\t\tMarca\u00e7\u00f5es: caxumba Covid-19 febre amarela gripe Pontos de vacina\u00e7\u00e3o rub\u00e9ola Sarampo vacina\u00e7\u00e3o<br \/><\/article>\n<\/section>\n<p>            <!-- Mais Not&iacute;cias --><\/p>\n<p>\t\t<!-- Conte&uacute;do SIDEBAR --><\/p><\/div>\n<\/p><\/div>\n","protected":false},"excerpt":{"rendered":"<p>Vacina\u00e7\u00e3o na cidade &#8211; Divulga\u00e7\u00e3o \/ SMS A Secretaria Municipal de Sa\u00fade (SMS) est\u00e1 disponibilizando novos pontos de vacina\u00e7\u00e3o em<\/p>\n","protected":false},"author":1,"featured_media":0,"comment_status":"","ping_status":"","sticky":false,"template":"","format":"standard","meta":{"colormag_page_container_layout":"default_layout","colormag_page_sidebar_layout":"default_layout","footnotes":""},"categories":[1],"tags":[],"class_list":["post-51860","post","type-post","status-publish","format-standard","hentry","category-sem-categoria"],"_links":{"self":[{"href":"https:\/\/euvivoaselecao.com.br\/index.php\/wp-json\/wp\/v2\/posts\/51860","targetHints":{"allow":["GET"]}}],"collection":[{"href":"https:\/\/euvivoaselecao.com.br\/index.php\/wp-json\/wp\/v2\/posts"}],"about":[{"href":"https:\/\/euvivoaselecao.com.br\/index.php\/wp-json\/wp\/v2\/types\/post"}],"author":[{"embeddable":true,"href":"https:\/\/euvivoaselecao.com.br\/index.php\/wp-json\/wp\/v2\/users\/1"}],"replies":[{"embeddable":true,"href":"https:\/\/euvivoaselecao.com.br\/index.php\/wp-json\/wp\/v2\/comments?post=51860"}],"version-history":[{"count":0,"href":"https:\/\/euvivoaselecao.com.br\/index.php\/wp-json\/wp\/v2\/posts\/51860\/revisions"}],"wp:attachment":[{"href":"https:\/\/euvivoaselecao.com.br\/index.php\/wp-json\/wp\/v2\/media?parent=51860"}],"wp:term":[{"taxonomy":"category","embeddable":true,"href":"https:\/\/euvivoaselecao.com.br\/index.php\/wp-json\/wp\/v2\/categories?post=51860"},{"taxonomy":"post_tag","embeddable":true,"href":"https:\/\/euvivoaselecao.com.br\/index.php\/wp-json\/wp\/v2\/tags?post=51860"}],"curies":[{"name":"wp","href":"https:\/\/api.w.org\/{rel}","templated":true}]}}