{"id":51963,"date":"2025-06-04T23:49:55","date_gmt":"2025-06-05T02:49:55","guid":{"rendered":"https:\/\/euvivoaselecao.com.br\/index.php\/2025\/06\/04\/prefeitura-oferece-acompanhamento-psicoterapeutico-para-moradoras-do-vista-alegre-e-vista-do-verde\/"},"modified":"2025-06-04T23:49:55","modified_gmt":"2025-06-05T02:49:55","slug":"prefeitura-oferece-acompanhamento-psicoterapeutico-para-moradoras-do-vista-alegre-e-vista-do-verde","status":"publish","type":"post","link":"https:\/\/euvivoaselecao.com.br\/index.php\/2025\/06\/04\/prefeitura-oferece-acompanhamento-psicoterapeutico-para-moradoras-do-vista-alegre-e-vista-do-verde\/","title":{"rendered":"Prefeitura oferece acompanhamento psicoterap\u00eautico para moradoras do Vista Alegre e Vista do Verde"},"content":{"rendered":"<p><\/p>\n<div>\n<p>Moradoras dos Residenciais Vista Alegre e Vista do Verde ter\u00e3o, a partir de agora, um acompanhamento psicoter\u00e1pico ofertado pela Secretaria de Habita\u00e7\u00e3o Social (Semhab), que firmou uma parceria com a Faculdade Independente da Para\u00edba (FPB), por meio do curso de psicologia. Na tarde desta quarta-feira (4), um grupo de 20 mulheres foi recebido na Cl\u00ednica Escola de Psicologia da FPB e passou por uma triagem, que marca o in\u00edcio do acompanhamento psicoter\u00e1pico, que ser\u00e1 feito de forma individual.<\/p>\n<figure class=\"wp-block-gallery has-nested-images columns-default is-cropped wp-block-gallery-1 is-layout-flex wp-block-gallery-is-layout-flex\">\n<figure class=\"wp-block-image size-large\"><\/figure>\n<figure class=\"wp-block-image size-large\"><\/figure>\n<\/figure>\n<p>A\u00a0secret\u00e1ria de Habita\u00e7\u00e3o, Socorro Gadelha, ressaltou que esse acompanhamento psicoter\u00e1pico est\u00e1 sendo oferecido de forma pioneira e \u00e9 mais uma a\u00e7\u00e3o desenvolvida pela equipe t\u00e9cnica e social da Semhab atrav\u00e9s do Programa P\u00f3s Ocupacional de assist\u00eancia \u00e0s fam\u00edlias contempladas pela Prefeitura com uma moradia.<\/p>\n<p>\u201cN\u00f3s entregamos moradias, recuperamos casas e entregamos a escritura do im\u00f3vel. Mas para n\u00f3s, a fam\u00edlia tamb\u00e9m \u00e9 nossa prioridade e chegamos at\u00e9 essas pessoas atrav\u00e9s do nosso trabalho social que envolve uma s\u00e9rie de atividades, que v\u00e3o desde escola a uma sa\u00fade de qualidade, gera\u00e7\u00e3o de emprego atrav\u00e9s de cursos de capacita\u00e7\u00e3o e qualifica\u00e7\u00e3o. Agora, n\u00f3s vamos come\u00e7ar a trabalhar o lado psicol\u00f3gico dessas pessoas\u201d, destacou.<\/p>\n<p>A equipe t\u00e9cnica e social da Semhab \u00e9 formada por psic\u00f3logas, assistentes sociais e educadores f\u00edsicos, que trabalha dentro dos residenciais com jovens, idosos e mulheres e percebeu a necessidade dessas pessoas terem um acompanhamento psicoterap\u00eautico. \u201cTemos uma excelente parceria com a FPB, que ofereceu esse servi\u00e7o na\u00a0Cl\u00ednica Escola de Psicologia. O que estamos fazendo \u00e9 encaminhar as pessoas, para que tenham condi\u00e7\u00f5es de superar seus traumas e dilemas, conhecendo seu potencial e seus limites e, assim, vencer as dificuldades que enfrentam na vida \u201d, afirmou Socorro Gadelha.<\/p>\n<p>O secret\u00e1rio executivo de Habita\u00e7\u00e3o, Beto Pirulito, frisou que o grande objetivo da gest\u00e3o do prefeito C\u00edcero Lucena \u00e9 oferecer mais qualidade de vida as pessoas, em especial a esses moradores que viviam, em sua maioria, em condi\u00e7\u00f5es prec\u00e1rias antes de serem contemplados com uma moradia do programa habitacional. \u201cO trabalho social da Semhab \u00e9 muito forte e abrangente e a partir de agora vai disponibilizar esse acompanhamento psicol\u00f3gico para as pessoas que desejarem, encaminhando para a Cl\u00ednica Escola de Psicologia da FPB\u201d, disse.<\/p>\n<figure class=\"wp-block-gallery has-nested-images columns-default is-cropped wp-block-gallery-2 is-layout-flex wp-block-gallery-is-layout-flex\">\n<figure class=\"wp-block-image size-full\"><\/figure>\n<figure class=\"wp-block-image size-full\"><\/figure>\n<\/figure>\n<p><strong>Cl\u00ednica Escola \u2013\u00a0\u00a0<\/strong>A psic\u00f3loga e preceptora da Cl\u00ednica Escola de Psicologia da FPB, Val\u00e9ria Nicolau de Sousa, explicou que a assist\u00eancia psicoterapeuta \u00e9 oferecida todo semestre, um trabalho que \u00e9 feito por alunos com supervis\u00e3o acad\u00eamica dos professores e preceptores, que s\u00e3o psic\u00f3logos formados. \u201cO atendimento individual \u00e9 feito por um estagi\u00e1rio dos per\u00edodos mais avan\u00e7ados do curso, com um supervisor, onde a pessoa assistida comparece uma vez por semana e as sess\u00f5es t\u00eam a dura\u00e7\u00e3o em torno de 50 minutos. Tudo \u00e9 feito de acordo com a situa\u00e7\u00e3o individual de cada paciente\u201d, explicou.<\/p>\n<p>Ela esclareceu ainda que cada paciente tem uma hist\u00f3ria e a inten\u00e7\u00e3o \u00e9 fazer com que a pessoa assistida compreenda suas limita\u00e7\u00f5es, seu potencial e, assim, tenha condi\u00e7\u00f5es de superar seus traumas. \u201cSe a pessoa tem um problema, ela precisa ser escutada e pode procurar a cl\u00ednica escola, que ser\u00e1 recebida. A Semhab est\u00e1 levando para cl\u00ednica as pessoas que precisam de ajuda e n\u00e3o sabiam onde procurar\u201d, frisou.<\/p>\n<figure class=\"wp-block-gallery has-nested-images columns-default is-cropped wp-block-gallery-3 is-layout-flex wp-block-gallery-is-layout-flex\">\n<figure class=\"wp-block-image size-large\"><\/figure>\n<\/figure>\n<p><strong>A\u00e7\u00e3o de sa\u00fade<\/strong> \u2013 Na manh\u00e3 desta quarta-feira, a Secretaria de Habita\u00e7\u00e3o realizou mais uma a\u00e7\u00e3o de sa\u00fade com os moradores do Residencial Vista do Verde, numa parceria com a Secretaria Municipal de Sa\u00fade (SMS), atrav\u00e9s da USF Padre Ibiapina. Uma equipe formada por m\u00e9dicos e enfermeiros fez o atendimento, oferecendo testes r\u00e1pidos de HIV, s\u00edfilis, hepatite e glicemia, al\u00e9m de vacina\u00e7\u00e3o e\u00a0aferi\u00e7\u00e3o de press\u00e3o arterial.<\/p>\n<\/p><\/div>\n","protected":false},"excerpt":{"rendered":"<p>Moradoras dos Residenciais Vista Alegre e Vista do Verde ter\u00e3o, a partir de agora, um acompanhamento psicoter\u00e1pico ofertado pela Secretaria<\/p>\n","protected":false},"author":1,"featured_media":0,"comment_status":"","ping_status":"","sticky":false,"template":"","format":"standard","meta":{"colormag_page_container_layout":"default_layout","colormag_page_sidebar_layout":"default_layout","footnotes":""},"categories":[1],"tags":[],"class_list":["post-51963","post","type-post","status-publish","format-standard","hentry","category-sem-categoria"],"_links":{"self":[{"href":"https:\/\/euvivoaselecao.com.br\/index.php\/wp-json\/wp\/v2\/posts\/51963","targetHints":{"allow":["GET"]}}],"collection":[{"href":"https:\/\/euvivoaselecao.com.br\/index.php\/wp-json\/wp\/v2\/posts"}],"about":[{"href":"https:\/\/euvivoaselecao.com.br\/index.php\/wp-json\/wp\/v2\/types\/post"}],"author":[{"embeddable":true,"href":"https:\/\/euvivoaselecao.com.br\/index.php\/wp-json\/wp\/v2\/users\/1"}],"replies":[{"embeddable":true,"href":"https:\/\/euvivoaselecao.com.br\/index.php\/wp-json\/wp\/v2\/comments?post=51963"}],"version-history":[{"count":0,"href":"https:\/\/euvivoaselecao.com.br\/index.php\/wp-json\/wp\/v2\/posts\/51963\/revisions"}],"wp:attachment":[{"href":"https:\/\/euvivoaselecao.com.br\/index.php\/wp-json\/wp\/v2\/media?parent=51963"}],"wp:term":[{"taxonomy":"category","embeddable":true,"href":"https:\/\/euvivoaselecao.com.br\/index.php\/wp-json\/wp\/v2\/categories?post=51963"},{"taxonomy":"post_tag","embeddable":true,"href":"https:\/\/euvivoaselecao.com.br\/index.php\/wp-json\/wp\/v2\/tags?post=51963"}],"curies":[{"name":"wp","href":"https:\/\/api.w.org\/{rel}","templated":true}]}}