{"id":52033,"date":"2025-06-05T13:52:44","date_gmt":"2025-06-05T16:52:44","guid":{"rendered":"https:\/\/euvivoaselecao.com.br\/index.php\/2025\/06\/05\/prefeitura-do-rio-anuncia-requalificacao-de-parques-com-projecao-de-r-15-bilhao-em-beneficios-economicos-prefeitura-da-cidade-do-rio-de-janeiro\/"},"modified":"2025-06-05T13:52:44","modified_gmt":"2025-06-05T16:52:44","slug":"prefeitura-do-rio-anuncia-requalificacao-de-parques-com-projecao-de-r-15-bilhao-em-beneficios-economicos-prefeitura-da-cidade-do-rio-de-janeiro","status":"publish","type":"post","link":"https:\/\/euvivoaselecao.com.br\/index.php\/2025\/06\/05\/prefeitura-do-rio-anuncia-requalificacao-de-parques-com-projecao-de-r-15-bilhao-em-beneficios-economicos-prefeitura-da-cidade-do-rio-de-janeiro\/","title":{"rendered":"Prefeitura do Rio anuncia requalifica\u00e7\u00e3o de parques com proje\u00e7\u00e3o de R$ 1,5 bilh\u00e3o em benef\u00edcios econ\u00f4micos &#8211; Prefeitura da Cidade do Rio de Janeiro"},"content":{"rendered":"<p><\/p>\n<div wp_automatic_readability=\"134.59730250482\">\n<div class=\"image-post\" wp_automatic_readability=\"32\">\n                     O Parque Madureira se tornou um \u00edcone de lazer na Zona Norte &#8211; Marcos de Paula\/Prefeitura do Rio                  <\/div>\n<p>A Prefeitura do Rio lan\u00e7ou, nesta quinta-feira (05\/06), Dia Mundial do Meio Ambiente, o edital para a revitaliza\u00e7\u00e3o de seis parques urbanos e naturais do munic\u00edpio: Madureira, Orlando Leite, C\u00e9lio Lupparelli, Garota de Ipanema, Dois Irm\u00e3os e da Cidade. A a\u00e7\u00e3o integra o programa Parques Cariocas, um dos maiores projetos de requalifica\u00e7\u00e3o de \u00e1reas verdes do mundo. O objetivo \u00e9 ampliar a seguran\u00e7a e a acessibilidade, mitigar os efeitos das altas temperaturas, valorizar a paisagem natural e incentivar a realiza\u00e7\u00e3o de atividades culturais, esportivas e de lazer com acesso p\u00fablico e gratuito. A concess\u00e3o dos parques pode gerar um impacto econ\u00f4mico estimado em at\u00e9 R$ 1,5 bilh\u00e3o, somando investimentos privados, desonera\u00e7\u00e3o dos cofres p\u00fablicos com manuten\u00e7\u00e3o, e arrecada\u00e7\u00e3o de outorgas e impostos.<\/p>\n<blockquote wp_automatic_readability=\"21\">\n<p>\u2013 \u00c9 muito importante deixar claro: n\u00e3o existe privatiza\u00e7\u00e3o de parque p\u00fablico. Todos os parques que est\u00e3o entrando nesse processo de concess\u00e3o continuam sendo p\u00fablicos, com entrada livre e gratuita, como sempre foi. O que estamos fazendo \u00e9 garantir que esses espa\u00e7os sejam mais bem cuidados, mais bem mantidos, sem custo para a Prefeitura e, ao contr\u00e1rio, com economia de recursos que podem ser aplicados em sa\u00fade, educa\u00e7\u00e3o e outras prioridades. O concession\u00e1rio privado poder\u00e1 explorar atividades econ\u00f4micas dentro dos parques, como quiosques, restaurantes ou eventos, mas o acesso ao parque seguir\u00e1 sempre p\u00fablico e gratuito \u2013 declarou Eduardo Paes, ao lado do vice-prefeito Eduardo Cavaliere, em coletiva realizada no Centro de Opera\u00e7\u00e3o e Resili\u00eancia, na Cidade Nova.<\/p>\n<\/blockquote>\n<p>A licita\u00e7\u00e3o ser\u00e1 realizada pela Secretaria Municipal de Ambiente e Clima (SMAC), em parceria com a Companhia Carioca de Parcerias e Investimentos (CCPar) e com apoio t\u00e9cnico do Banco Nacional de Desenvolvimento Econ\u00f4mico e Social (BNDES) para a elabora\u00e7\u00e3o da modelagem do projeto. A iniciativa garante a preserva\u00e7\u00e3o ambiental e a melhoria permanente da experi\u00eancia dos visitantes. O edital foi dividido em dois blocos para atender \u00e0s demandas da sociedade, em contribui\u00e7\u00f5es feitas durante o per\u00edodo de consulta p\u00fablica, e prev\u00ea investimentos privados iniciais de R$ 48,9 milh\u00f5es nos primeiros tr\u00eas anos, chegando a R$ 73 milh\u00f5es durante o contrato de concess\u00e3o, com prazo de 30 anos.<\/p>\n<blockquote wp_automatic_readability=\"12\">\n<p>\u2013 Com este edital, a Prefeitura d\u00e1 mais um passo estrat\u00e9gico para posicionar os Parques Cariocas como modelo internacional de sustentabilidade, lazer e promo\u00e7\u00e3o do desenvolvimento socioecon\u00f4mico. Essa iniciativa vai trazer mais qualidade para os parques, mais servi\u00e7os para a popula\u00e7\u00e3o e menos despesas para o munic\u00edpio \u2013 destacou o secret\u00e1rio municipal de Desenvolvimento Econ\u00f4mico, Osmar Lima.<\/p>\n<\/blockquote>\n<p>No Parque Madureira, por exemplo, est\u00e3o previstos o aumento da arboriza\u00e7\u00e3o, a cria\u00e7\u00e3o de \u00e1reas de sombreamento, o ordenamento dos ambulantes, al\u00e9m da implanta\u00e7\u00e3o de restaurante e centro de visitantes. O edital tamb\u00e9m contempla a\u00e7\u00f5es espec\u00edficas nos demais parques, que buscam a recupera\u00e7\u00e3o de aparelhos e \u00e1reas de lazer, a revitaliza\u00e7\u00e3o de mirantes, al\u00e9m do aumento de ofertas de pontos de alimenta\u00e7\u00e3o, como quiosques e restaurantes.<\/p>\n<p><strong>Modelo de concess\u00e3o e impactos<\/strong><\/p>\n<p>Al\u00e9m de estimular investimentos privados, o modelo adotado no edital assegura que os parques seguir\u00e3o com acesso p\u00fablico e gratuito, em conformidade com as diretrizes da pol\u00edtica municipal para \u00e1reas naturais e de lazer.<\/p>\n<p>Com foco na preserva\u00e7\u00e3o ambiental e na melhoria do conforto t\u00e9rmico para os frequentadores, o projeto prev\u00ea a destina\u00e7\u00e3o entre 2,5% e 6% das receitas obtidas pelo parceiro privado para a realiza\u00e7\u00e3o de iniciativas socioambientais, a serem indicadas pela Prefeitura.<\/p>\n<p>O programa Parques Cariocas busca gerar impactos socioecon\u00f4micos positivos nas comunidades do entorno, estimulando o turismo sustent\u00e1vel e dinamizando a economia local. Por isso, o edital tamb\u00e9m traz mecanismos de incentivo \u00e0 contrata\u00e7\u00e3o de m\u00e3o de obra da comunidade do entorno do parque.<\/p>\n<blockquote wp_automatic_readability=\"14\">\n<p>\u2013 Os Parques Cariocas representam um projeto transformador para o Rio. A requalifica\u00e7\u00e3o desses seis espa\u00e7os \u00e9 crucial para a nossa agenda ambiental e clim\u00e1tica, preservando a paisagem natural, a resili\u00eancia urbana e o bem-estar da popula\u00e7\u00e3o. \u00c9 um investimento no futuro da nossa cidade, para que a gente tenha mais \u00e1reas verdes bem cuidadas, acess\u00edveis, validando uma agenda de constru\u00e7\u00e3o e renova\u00e7\u00e3o desses espa\u00e7os \u2013 afirmou a secret\u00e1ria municipal de Meio Ambiente e Clima (SMAC), Tain\u00e1 de Paula.<\/p>\n<\/blockquote>\n<p>Em modelo semelhante, j\u00e1 foram licitados os parques da Catacumba e Jardim de Alah, que juntos somam mais de R$ 120 milh\u00f5es em investimentos privados. O que refor\u00e7a o modelo como instrumento de pol\u00edtica p\u00fablica para atrair investimentos privados, promover a sustentabilidade ambiental, qualificar a infraestrutura urbana e impulsionar o desenvolvimento socioecon\u00f4mico.<\/p>\n<p><strong>Programa beneficia parques em diferentes \u00e1reas da cidade<\/strong><\/p>\n<p><em>O Bloco A inclui os parques urbanos:<\/em><\/p>\n<p>\u2022 Parque Madureira Mestre Monarco \u2014 investimentos em arboriza\u00e7\u00e3o, sombreamento, implanta\u00e7\u00e3o de restaurante, centro de visitantes e transporte interno.<\/p>\n<p>\u2022 Parque Orlando Leite e Parque C\u00e9lio Lupparelli \u2014 novas \u00e1reas de parques infantis, academias ao ar livre, quadras esportivas, al\u00e9m de obras para amplia\u00e7\u00e3o da acessibilidade e reforma geral.<\/p>\n<p>O total de investimentos previstos neste lote \u00e9 de R$ 41,3 milh\u00f5es.<\/p>\n<p><em>O Bloco B abrange tr\u00eas importantes \u00e1reas naturais e tur\u00edsticas:<\/em><\/p>\n<p>\u00b7 Parque Natural Municipal Dois Irm\u00e3os \u2014 implanta\u00e7\u00e3o de nova passarela mirante, restaurante, centro de visitantes e transporte interno.<\/p>\n<p>\u00b7 Parque Natural Municipal da Cidade \u2014 melhorias no Mirante das Margaridas, instala\u00e7\u00e3o de ponto de alimenta\u00e7\u00e3o e centro de visitantes.<\/p>\n<p>\u00b7 Parque Garota de Ipanema \u2014 requalifica\u00e7\u00e3o de mirantes, novos quiosques e acessos, melhorias na Academia do Arpoador e implanta\u00e7\u00e3o de centro de visitantes.<\/p>\n<p>O montante previsto para este lote \u00e9 de R$ 31,7 milh\u00f5es.<\/p>\n<p><strong>O edital<\/strong><\/p>\n<p>O crit\u00e9rio de julgamento deste edital ser\u00e1 a maior outorga fixa. Os envelopes com as propostas podem ser enviados at\u00e9 o dia 25 de julho, e o leil\u00e3o ser\u00e1 realizado na Bolsa de Valores, B3, em S\u00e3o Paulo, em 31 de julho. O edital completo, anexos e mais informa\u00e7\u00f5es est\u00e3o dispon\u00edveis no site da CCPar: ccpar.rio.<\/p>\n<p>             <!-- Compartilhe ---><\/p>\n<p>\t\t\t <!-- TAGS --><\/p>\n<section class=\"category-tags\">\n<div class=\"marcacao-category\">\n<article class=\"category-post\">\n<p>Categoria: <\/p>\n<\/article>\n<li>5 de junho de 2025<\/li><\/div>\n<article class=\"tags\">\n\t\t\t\t\tMarca\u00e7\u00f5es: BNDES Companhia Carioca de Parcerias e Investimentos edital Gratuito Licita\u00e7\u00e3o meio ambiente parques p\u00fablicos requalifica\u00e7\u00e3o Secretaria Municipal de Ambiente e Clima<br \/><\/article>\n<\/section>\n<p>            <!-- Mais Not&iacute;cias --><\/p>\n<p>\t\t<!-- Conte&uacute;do SIDEBAR --><\/p><\/div>\n","protected":false},"excerpt":{"rendered":"<p>O Parque Madureira se tornou um \u00edcone de lazer na Zona Norte &#8211; Marcos de Paula\/Prefeitura do Rio A Prefeitura<\/p>\n","protected":false},"author":1,"featured_media":0,"comment_status":"","ping_status":"","sticky":false,"template":"","format":"standard","meta":{"colormag_page_container_layout":"default_layout","colormag_page_sidebar_layout":"default_layout","footnotes":""},"categories":[1],"tags":[],"class_list":["post-52033","post","type-post","status-publish","format-standard","hentry","category-sem-categoria"],"_links":{"self":[{"href":"https:\/\/euvivoaselecao.com.br\/index.php\/wp-json\/wp\/v2\/posts\/52033","targetHints":{"allow":["GET"]}}],"collection":[{"href":"https:\/\/euvivoaselecao.com.br\/index.php\/wp-json\/wp\/v2\/posts"}],"about":[{"href":"https:\/\/euvivoaselecao.com.br\/index.php\/wp-json\/wp\/v2\/types\/post"}],"author":[{"embeddable":true,"href":"https:\/\/euvivoaselecao.com.br\/index.php\/wp-json\/wp\/v2\/users\/1"}],"replies":[{"embeddable":true,"href":"https:\/\/euvivoaselecao.com.br\/index.php\/wp-json\/wp\/v2\/comments?post=52033"}],"version-history":[{"count":0,"href":"https:\/\/euvivoaselecao.com.br\/index.php\/wp-json\/wp\/v2\/posts\/52033\/revisions"}],"wp:attachment":[{"href":"https:\/\/euvivoaselecao.com.br\/index.php\/wp-json\/wp\/v2\/media?parent=52033"}],"wp:term":[{"taxonomy":"category","embeddable":true,"href":"https:\/\/euvivoaselecao.com.br\/index.php\/wp-json\/wp\/v2\/categories?post=52033"},{"taxonomy":"post_tag","embeddable":true,"href":"https:\/\/euvivoaselecao.com.br\/index.php\/wp-json\/wp\/v2\/tags?post=52033"}],"curies":[{"name":"wp","href":"https:\/\/api.w.org\/{rel}","templated":true}]}}