{"id":52083,"date":"2025-06-05T23:40:47","date_gmt":"2025-06-06T02:40:47","guid":{"rendered":"https:\/\/euvivoaselecao.com.br\/index.php\/2025\/06\/05\/prefeitura-segue-com-atividades-para-as-familias-durante-semana-nacional-do-meio-ambiente\/"},"modified":"2025-06-05T23:40:47","modified_gmt":"2025-06-06T02:40:47","slug":"prefeitura-segue-com-atividades-para-as-familias-durante-semana-nacional-do-meio-ambiente","status":"publish","type":"post","link":"https:\/\/euvivoaselecao.com.br\/index.php\/2025\/06\/05\/prefeitura-segue-com-atividades-para-as-familias-durante-semana-nacional-do-meio-ambiente\/","title":{"rendered":"Prefeitura segue com atividades para as fam\u00edlias durante Semana Nacional do Meio Ambiente"},"content":{"rendered":"<p><\/p>\n<div>\n<p>A Prefeitura de Jo\u00e3o Pessoa segue, nesta sexta-feira (6), com a programa\u00e7\u00e3o alusiva \u00e0 Semana Nacional do Meio Ambiente e promove, das 9h \u00e0s 11h30, no Parque Arruda C\u00e2mara, um passeio ecol\u00f3gico, exposi\u00e7\u00e3o e uma oficina de plantas medicinais para crian\u00e7as e familiares moradores do Residencial Vista Alegre. J\u00e1 no s\u00e1bado (7), ser\u00e1 celebrada uma missa na Igreja da Penha, \u00e0s 7h, com distribui\u00e7\u00e3o de mudas de \u00e1rvores nativas.<\/p>\n<p>Nesta quinta-feira (5), a Secretaria de Meio Ambiente (Semam) promoveu o evento \u2018Gest\u00e3o Humanizada e Ambiental\u2019, no Hotel Mana\u00edra, onde o prefeito C\u00edcero Lucena lan\u00e7ou o Selo de Governan\u00e7a Clim\u00e1tica. Ainda pela manh\u00e3, o semin\u00e1rio contou com a participa\u00e7\u00e3o do vice-prefeito Leo Bezerra, que destacou as a\u00e7\u00f5es de plantio que est\u00e3o sendo feitas na regi\u00e3o do Centro Hist\u00f3rico. \u201cCuidar do meio ambiente tamb\u00e9m \u00e9 cuidar das pessoas. Mais verde, mais sombra, mais vida para o cora\u00e7\u00e3o da nossa Capital\u201d, ressaltou.<\/p>\n<figure class=\"wp-block-gallery has-nested-images columns-default is-cropped wp-block-gallery-1 is-layout-flex wp-block-gallery-is-layout-flex\">\n<figure class=\"wp-block-image size-large\"><\/figure>\n<figure class=\"wp-block-image size-large\"><\/figure>\n<\/figure>\n<p>O secret\u00e1rio de Meio Ambiente da Capital, Welison Silveira, evidenciou a necessidade de somar esfor\u00e7os com todos os setores da sociedade, dos poderes p\u00fablicos, sociedade civil, para que Jo\u00e3o Pessoa seja o mais sustent\u00e1vel poss\u00edvel. \u201cComo gestores p\u00fablicos sabemos que esse \u00e9 um desafio e estamos preparados, cuidando da preserva\u00e7\u00e3o e recupera\u00e7\u00e3o de nosso patrim\u00f4nio ambiental, sem perder de vista os aspectos do desenvolvimento sustent\u00e1vel\u201d, salientou.<\/p>\n<p>J\u00e1 no per\u00edodo da tarde, o presidente da C\u00e2mara Municipal de Jo\u00e3o Pessoa (CMJP), Dinho Dowsley, instalou um sess\u00e3o especial proposta pelo vereador F\u00e1bio Carneiro. Dinho falou sobre a import\u00e2ncia de ampliar as discuss\u00f5es sobre meio ambiente e sustentabilidade. \u201cSabemos das nossas responsabilidades sobre as quest\u00f5es ambientais e foi extremamente oportuna essa sess\u00e3o especial, quando nos deslocamos e participamos das discuss\u00f5es com diversos setores da sociedade\u201d, afirmou.<\/p>\n<figure class=\"wp-block-gallery has-nested-images columns-default is-cropped wp-block-gallery-2 is-layout-flex wp-block-gallery-is-layout-flex\">\n<figure class=\"wp-block-image size-full\"><\/figure>\n<figure class=\"wp-block-image size-large\"><\/figure>\n<figure class=\"wp-block-image size-large\"><\/figure>\n<figure class=\"wp-block-image size-large\"><\/figure>\n<figure class=\"wp-block-image size-large\"><\/figure>\n<figure class=\"wp-block-image size-large\"><\/figure>\n<\/figure>\n<p>O vereador F\u00e1bio Carneiro real\u00e7ou que a cidade vivenciou uma grande vit\u00f3ria, com o destravamento na Justi\u00e7a das obras do Parque da Cidade, na regi\u00e3o do Aeroclube. \u201cO Parque da Cidade \u00e9 uma obra fundamental \u2013 que vai promover a recomposi\u00e7\u00e3o de uma \u00e1rea que est\u00e1 degradada, melhorar a mobilidade no entorno e disponibilizar para a popula\u00e7\u00e3o um espa\u00e7o de lazer. Jo\u00e3o Pessoa est\u00e1 inserida nas discuss\u00f5es sobre sustentabilidade e meio ambiente e essa \u00e9 uma das raz\u00f5es de estarmos promovendo essa sess\u00e3o especial\u201d, revelou.<\/p>\n<p>S\u00e1vio Fran\u00e7a, da Recicle, que representa o programa \u2018Computadores para a Inclus\u00e3o\u2019, do Governo Federal, participou do evento e ressaltou a necessidade de descartar da forma correta os res\u00edduos eletr\u00f4nicos.<\/p>\n<figure class=\"wp-block-gallery has-nested-images columns-default is-cropped wp-block-gallery-3 is-layout-flex wp-block-gallery-is-layout-flex\">\n<figure class=\"wp-block-image size-large\"><\/figure>\n<figure class=\"wp-block-image size-large\"><\/figure>\n<figure class=\"wp-block-image size-large\"><\/figure>\n<\/figure>\n<p>Ricardo Veloso, superintendente da Autarquia Especial Municipal de Limpeza Urbana (Emlur), destacou as a\u00e7\u00f5es que contribuem com a preserva\u00e7\u00e3o do meio ambiente. \u201cEste ano tivemos a oportunidade de entregar 60 triciclos de carga e implantamos a coleta seletiva em todos os bairros da cidade. Sabemos que h\u00e1 muito o que se fazer, temos que avan\u00e7ar em diversos aspectos, mas estamos trabalhando todos os dias para preservar nossas belezas, recuperar rios, primando por um dos nossos maiores potenciais, que s\u00e3o os aspectos naturais de Jo\u00e3o Pessoa\u201d, frisou.<\/p>\n<\/p><\/div>\n","protected":false},"excerpt":{"rendered":"<p>A Prefeitura de Jo\u00e3o Pessoa segue, nesta sexta-feira (6), com a programa\u00e7\u00e3o alusiva \u00e0 Semana Nacional do Meio Ambiente e<\/p>\n","protected":false},"author":1,"featured_media":0,"comment_status":"","ping_status":"","sticky":false,"template":"","format":"standard","meta":{"colormag_page_container_layout":"default_layout","colormag_page_sidebar_layout":"default_layout","footnotes":""},"categories":[1],"tags":[],"class_list":["post-52083","post","type-post","status-publish","format-standard","hentry","category-sem-categoria"],"_links":{"self":[{"href":"https:\/\/euvivoaselecao.com.br\/index.php\/wp-json\/wp\/v2\/posts\/52083","targetHints":{"allow":["GET"]}}],"collection":[{"href":"https:\/\/euvivoaselecao.com.br\/index.php\/wp-json\/wp\/v2\/posts"}],"about":[{"href":"https:\/\/euvivoaselecao.com.br\/index.php\/wp-json\/wp\/v2\/types\/post"}],"author":[{"embeddable":true,"href":"https:\/\/euvivoaselecao.com.br\/index.php\/wp-json\/wp\/v2\/users\/1"}],"replies":[{"embeddable":true,"href":"https:\/\/euvivoaselecao.com.br\/index.php\/wp-json\/wp\/v2\/comments?post=52083"}],"version-history":[{"count":0,"href":"https:\/\/euvivoaselecao.com.br\/index.php\/wp-json\/wp\/v2\/posts\/52083\/revisions"}],"wp:attachment":[{"href":"https:\/\/euvivoaselecao.com.br\/index.php\/wp-json\/wp\/v2\/media?parent=52083"}],"wp:term":[{"taxonomy":"category","embeddable":true,"href":"https:\/\/euvivoaselecao.com.br\/index.php\/wp-json\/wp\/v2\/categories?post=52083"},{"taxonomy":"post_tag","embeddable":true,"href":"https:\/\/euvivoaselecao.com.br\/index.php\/wp-json\/wp\/v2\/tags?post=52083"}],"curies":[{"name":"wp","href":"https:\/\/api.w.org\/{rel}","templated":true}]}}