{"id":52128,"date":"2025-06-06T09:29:33","date_gmt":"2025-06-06T12:29:33","guid":{"rendered":"https:\/\/euvivoaselecao.com.br\/index.php\/2025\/06\/06\/agencia-minas-gerais-fundacao-hospitalar-lanca-servico-digital-que-permite-ao-paciente-acesso-remoto-e-seguro-ao-seu-prontuario\/"},"modified":"2025-06-06T09:29:33","modified_gmt":"2025-06-06T12:29:33","slug":"agencia-minas-gerais-fundacao-hospitalar-lanca-servico-digital-que-permite-ao-paciente-acesso-remoto-e-seguro-ao-seu-prontuario","status":"publish","type":"post","link":"https:\/\/euvivoaselecao.com.br\/index.php\/2025\/06\/06\/agencia-minas-gerais-fundacao-hospitalar-lanca-servico-digital-que-permite-ao-paciente-acesso-remoto-e-seguro-ao-seu-prontuario\/","title":{"rendered":"Ag\u00eancia Minas Gerais | Funda\u00e7\u00e3o Hospitalar lan\u00e7a servi\u00e7o digital que permite ao paciente acesso remoto e seguro ao seu prontu\u00e1rio"},"content":{"rendered":"<p><\/p>\n<div>\n<section class=\"news-related \/ col-md-4 col-lg-3 \/ margin-md-bottom-2 margin-left-1 \/ pull-right \/ hidden-xs hidden-sm\">\n<header>\n<p class=\"text-title-section \/ margin-bottom-1\">Relacionadas<\/p>\n<\/header>\n<p>\t\t\t\t\t\t\t<main><\/p>\n<hr class=\"row margin-md-bottom-2\"\/>\n\t\t\t\t\t\t\t<\/main><br \/>\n\t\t\t\t\t\t<\/section>\n<p>Pacientes dos hospitais Jo\u00e3o XXIII, Infantil Jo\u00e3o Paulo II e Maria Am\u00e9lia Lins, da Rede Fhemig, em Belo Horizonte, contam desde o in\u00edcio de maio com servi\u00e7o digital para pedir c\u00f3pias de documentos m\u00e9dicos como prontu\u00e1rio, exames e sum\u00e1rio de alta diretamente pelo aplicativo MG App e pelo Portal MG.<\/p>\n<figure class=\"image\" style=\"float:left\">&#13;<figcaption><em><sup>Maria da Concei\u00e7\u00e3o \/ Cr\u00e9dito: Arquivo Pessoal<\/sup><\/em><\/figcaption>&#13;<br \/>\n<\/figure>\n<p>A novidade j\u00e1 foi usada por, pelo menos, cem pacientes como a bab\u00e1 Maria da Concei\u00e7\u00e3o Leris Pena. Ela mora em Ponte Nova e, antes desse servi\u00e7o, para conseguir uma c\u00f3pia do seu prontu\u00e1rio, teria que percorrer os 179 quil\u00f4metros que separam as duas cidades.\u00a0<\/p>\n<p>O MG App foi aprovado por Concei\u00e7\u00e3o. \u201cRecomendo, foi muito bom usar. Me assustei porque veio muito r\u00e1pido, com dez dias recebi. Senti muita confian\u00e7a. N\u00e3o tenho estudo e consegui baixar o aplicativo no meu telefone e fazer o pedido\u201d, conta.<\/p>\n<p>O aplicativo j\u00e1 absorveu 40% da demanda m\u00e9dia mensal de 250 pedidos (em papel) apenas nas tr\u00eas primeiras semanas de uso. Resultado da parceria entre a Funda\u00e7\u00e3o Hospitalar do Estado de Minas Gerais (Fhemig) e a Secretaria de Estado de Planejamento e Gest\u00e3o (Seplag-MG), por meio da Subsecretaria de Transforma\u00e7\u00e3o Digital e Atendimento ao Cidad\u00e3o (Subdigital), a iniciativa integra as a\u00e7\u00f5es do Governo para promover a transforma\u00e7\u00e3o digital e simplificar a vida dos mineiros.<\/p>\n<p>Carolina Gabarra, da Ger\u00eancia de Tecnologia da Informa\u00e7\u00e3o\/ Fhemig, lembra que a parceria com a Seplag contribui para modernizar a gest\u00e3o da sa\u00fade p\u00fablica em Minas. \u201cEsse projeto \u00e9 um marco, representa um avan\u00e7o significativo ao integrar tecnologia e cuidado\u201d, afirmou.<\/p>\n<p><strong>Transforma\u00e7\u00e3o digital<\/strong><\/p>\n<p>A iniciativa foi implementada por meio da ferramenta ProBPMS, da Seplag-MG, desenvolvida pela Companhia de Tecnologia da Informa\u00e7\u00e3o do Estado de Minas Gerais (Prodemge).<\/p>\n<p>\u00a0<\/p>\n<table align=\"center\" border=\"0\" cellpadding=\"1\" cellspacing=\"1\" style=\"width: 100%;\">&#13;<\/p>\n<tbody>&#13;<\/p>\n<tr>&#13;<\/p>\n<td colspan=\"5\" style=\"text-align: center; vertical-align: middle;\">&#13;<\/p>\n<p style=\"text-align:center\">\n<p>&#13;\n\t\t\t<\/td>\n<p>&#13;<br \/>\n\t\t<\/tr>\n<p>&#13;<\/p>\n<tr>&#13;<\/p>\n<td style=\"text-align: center; vertical-align: middle;\">\u00a0<\/td>\n<p>&#13;<\/p>\n<td colspan=\"3\" rowspan=\"3\" style=\"text-align: center; vertical-align: middle;\">&#13;<br \/>\n\t\t\t&#13;\n\t\t\t<\/td>\n<p>&#13;<\/p>\n<td style=\"text-align: center; vertical-align: middle;\">\u00a0<\/td>\n<p>&#13;<br \/>\n\t\t<\/tr>\n<p>&#13;<\/p>\n<tr>&#13;<\/p>\n<td style=\"text-align: center; vertical-align: middle;\">\u00a0<\/td>\n<p>&#13;<\/p>\n<td style=\"text-align: center; vertical-align: middle;\">\u00a0<\/td>\n<p>&#13;<br \/>\n\t\t<\/tr>\n<p>&#13;<\/p>\n<tr>&#13;<\/p>\n<td style=\"text-align: center; vertical-align: middle;\">\u00a0<\/td>\n<p>&#13;<\/p>\n<td style=\"text-align: center; vertical-align: middle;\">\u00a0<\/td>\n<p>&#13;<br \/>\n\t\t<\/tr>\n<p>&#13;<\/p>\n<tr>&#13;<\/p>\n<td colspan=\"5\" style=\"text-align: center; vertical-align: middle;\">&#13;<\/p>\n<p style=\"text-align:center\">\n<p>&#13;\n\t\t\t<\/td>\n<p>&#13;<br \/>\n\t\t<\/tr>\n<p>&#13;<br \/>\n\t<\/tbody>\n<p>&#13;<br \/>\n<\/table>\n<p>\u00a0<\/p>\n<p>Ele lembra que a\u00a0Estrat\u00e9gia Estadual de Governo Digital busca proporcionar agilidade, inclus\u00e3o, acessibilidade e inova\u00e7\u00e3o na presta\u00e7\u00e3o de servi\u00e7os \u00e0 popula\u00e7\u00e3o, por meio de solu\u00e7\u00f5es integradas e padronizadas, como \u00e9 o caso da ProBPMS, que faz o cadastro e gerencia todo o processo at\u00e9 a entrega do prontu\u00e1rio.<\/p>\n<p>O ProBPMS \u00e9 resultado da parceria do Governo de Minas com o Banco Nacional de Desenvolvimento Econ\u00f4mico e Social (BNDES), com intermedia\u00e7\u00e3o da Secretaria de Estado de Casa Civil (SCC).<\/p>\n<p><strong>Acess\u00edvel e sustent\u00e1vel<\/strong><\/p>\n<p>A expectativa \u00e9 de que, nos pr\u00f3ximos meses, todas as demais unidades da Rede Fhemig adotem esse servi\u00e7o digital que, gra\u00e7as \u00e0 tecnologia atual, atende ao direito dos usu\u00e1rios do SUS em Minas de terem acesso a documentos m\u00e9dicos de forma r\u00e1pida e segura para, por exemplo, pedir indeniza\u00e7\u00f5es como seguros.\u00a0<\/p>\n<p>A gerente de Gest\u00e3o da Informa\u00e7\u00e3o do CHU, Giselle Neves, acredita que a iniciativa representa um avan\u00e7o significativo na forma como o cidad\u00e3o interage com o sistema de sa\u00fade, como tamb\u00e9m fortalece o compromisso das institui\u00e7\u00f5es p\u00fablicas com a sustentabilidade e a efici\u00eancia administrativa.\u00a0<\/p>\n<p>\u201cAo reduzir o uso de papel e otimizar os fluxos internos, contribu\u00edmos para uma gest\u00e3o p\u00fablica mais moderna, econ\u00f4mica e ambientalmente respons\u00e1vel\u201d, ressalta Giselle.<\/p>\n<p>Antes da ado\u00e7\u00e3o do aplicativo, a documenta\u00e7\u00e3o n\u00e3o podia ser enviada por e-mail devido a quest\u00f5es de seguran\u00e7a (prote\u00e7\u00e3o dos dados dos usu\u00e1rios). Isso tornava obrigat\u00f3ria a entrega presencial no Servi\u00e7o de Arquivo M\u00e9dico e Estat\u00edstico (Same).<\/p>\n<p><strong>Para todos os perfis<\/strong><\/p>\n<p>Ao solicitar os documentos pelo aplicativo, o usu\u00e1rio pode escolher entre receber por e-mail ou pessoalmente na unidade. Mesmo com o servi\u00e7o digital, essas formas de solicita\u00e7\u00e3o permanecem ativas para quem desejar utiliz\u00e1-las.<\/p>\n<p>Para Thamyres Barros (Tratamento de Dados Pessoais na Fhemig), o servi\u00e7o \u00e9 uma evolu\u00e7\u00e3o para o usu\u00e1rio e para a institui\u00e7\u00e3o, ao agregar valor, agilidade e seguran\u00e7a ao processo. \u201cAgora, podemos acompanhar cada solicita\u00e7\u00e3o em tempo real. Isso permite que a gest\u00e3o atue com mais agilidade, melhorando o servi\u00e7o para todos\u201d, pontua.<\/p>\n<p style=\"text-align:center\">\n<p>\u00a0<\/p>\n<\/p><\/div>\n","protected":false},"excerpt":{"rendered":"<p>Relacionadas Pacientes dos hospitais Jo\u00e3o XXIII, Infantil Jo\u00e3o Paulo II e Maria Am\u00e9lia Lins, da Rede Fhemig, em Belo Horizonte,<\/p>\n","protected":false},"author":1,"featured_media":0,"comment_status":"","ping_status":"","sticky":false,"template":"","format":"standard","meta":{"colormag_page_container_layout":"default_layout","colormag_page_sidebar_layout":"default_layout","footnotes":""},"categories":[1],"tags":[],"class_list":["post-52128","post","type-post","status-publish","format-standard","hentry","category-sem-categoria"],"_links":{"self":[{"href":"https:\/\/euvivoaselecao.com.br\/index.php\/wp-json\/wp\/v2\/posts\/52128","targetHints":{"allow":["GET"]}}],"collection":[{"href":"https:\/\/euvivoaselecao.com.br\/index.php\/wp-json\/wp\/v2\/posts"}],"about":[{"href":"https:\/\/euvivoaselecao.com.br\/index.php\/wp-json\/wp\/v2\/types\/post"}],"author":[{"embeddable":true,"href":"https:\/\/euvivoaselecao.com.br\/index.php\/wp-json\/wp\/v2\/users\/1"}],"replies":[{"embeddable":true,"href":"https:\/\/euvivoaselecao.com.br\/index.php\/wp-json\/wp\/v2\/comments?post=52128"}],"version-history":[{"count":0,"href":"https:\/\/euvivoaselecao.com.br\/index.php\/wp-json\/wp\/v2\/posts\/52128\/revisions"}],"wp:attachment":[{"href":"https:\/\/euvivoaselecao.com.br\/index.php\/wp-json\/wp\/v2\/media?parent=52128"}],"wp:term":[{"taxonomy":"category","embeddable":true,"href":"https:\/\/euvivoaselecao.com.br\/index.php\/wp-json\/wp\/v2\/categories?post=52128"},{"taxonomy":"post_tag","embeddable":true,"href":"https:\/\/euvivoaselecao.com.br\/index.php\/wp-json\/wp\/v2\/tags?post=52128"}],"curies":[{"name":"wp","href":"https:\/\/api.w.org\/{rel}","templated":true}]}}