{"id":52146,"date":"2025-06-06T13:06:02","date_gmt":"2025-06-06T16:06:02","guid":{"rendered":"https:\/\/euvivoaselecao.com.br\/index.php\/2025\/06\/06\/secretaria-da-mulher-abre-inscricoes-para-maes-atipicas-interessadas-em-participar-da-acao-mulher-em-foco-dia-de-beleza\/"},"modified":"2025-06-06T13:06:02","modified_gmt":"2025-06-06T16:06:02","slug":"secretaria-da-mulher-abre-inscricoes-para-maes-atipicas-interessadas-em-participar-da-acao-mulher-em-foco-dia-de-beleza","status":"publish","type":"post","link":"https:\/\/euvivoaselecao.com.br\/index.php\/2025\/06\/06\/secretaria-da-mulher-abre-inscricoes-para-maes-atipicas-interessadas-em-participar-da-acao-mulher-em-foco-dia-de-beleza\/","title":{"rendered":"Secretaria da Mulher abre inscri\u00e7\u00f5es para m\u00e3es at\u00edpicas interessadas em participar da a\u00e7\u00e3o Mulher em Foco \u2013 Dia de Beleza"},"content":{"rendered":"<p><\/p>\n<div>\n<p align=\"center\">\n<figure id=\"attachment_161135\" aria-describedby=\"caption-attachment-161135\" style=\"width: 900px\" class=\"wp-caption aligncenter\"><figcaption id=\"caption-attachment-161135\" class=\"wp-caption-text\">Foto de arquivo: evento realizado no dia 26 de maio de 2025.<\/figcaption><\/figure>\n<\/p>\n<p style=\"text-align: left;\" align=\"center\"><em>Foto: Rose Campos (Secom)\/Arquivo<\/em><\/p>\n<p class=\"western\" align=\"center\"><span style=\"color: #171717;\"><span style=\"font-family: Arial, sans-serif;\"><span style=\"font-size: medium;\"><i>A <\/i><\/span><\/span><\/span><span style=\"color: #171717;\"><span style=\"font-family: Arial, sans-serif;\"><span style=\"font-size: medium;\"><i>edi<\/i><\/span><\/span><\/span><span style=\"color: #171717;\"><span style=\"font-family: Arial, sans-serif;\"><span style=\"font-size: medium;\"><i>\u00e7\u00e3o <\/i><\/span><\/span><\/span><span style=\"color: #171717;\"><span style=\"font-family: Arial, sans-serif;\"><span style=\"font-size: medium;\"><i>especial desse evento <\/i><\/span><\/span><\/span><span style=\"color: #171717;\"><span style=\"font-family: Arial, sans-serif;\"><span style=\"font-size: medium;\"><i>acontece no dia <\/i><\/span><\/span><\/span><span style=\"color: #171717;\"><span style=\"font-family: Arial, sans-serif;\"><span style=\"font-size: medium;\"><i>30<\/i><\/span><\/span><\/span><span style=\"color: #171717;\"><span style=\"font-family: Arial, sans-serif;\"><span style=\"font-size: medium;\"><i> de <\/i><\/span><\/span><\/span><span style=\"color: #171717;\"><span style=\"font-family: Arial, sans-serif;\"><span style=\"font-size: medium;\"><i>junho, das 9h \u00e0s 12h, <\/i><\/span><\/span><\/span><span style=\"color: #171717;\"><span style=\"font-family: Arial, sans-serif;\"><span style=\"font-size: medium;\"><i>e as inscri\u00e7\u00f5es podem ser feitas <\/i><\/span><\/span><\/span><span style=\"color: #171717;\"><span style=\"font-family: Arial, sans-serif;\"><span style=\"font-size: medium;\"><i>no per\u00edodo de 9 a 13 de junho<\/i><\/span><\/span><\/span><\/p>\n<p class=\"western\" align=\"justify\"><span style=\"color: #171717;\"><span style=\"font-family: Arial, sans-serif;\"><span style=\"font-size: medium;\">Em <\/span><\/span><\/span><span style=\"color: #171717;\"><span style=\"font-family: Arial, sans-serif;\"><span style=\"font-size: medium;\">junho a <\/span><\/span><\/span><span style=\"color: #171717;\"><span style=\"font-family: Arial, sans-serif;\"><span style=\"font-size: medium;\">Secretaria da Mulher (Semul) <\/span><\/span><\/span><span style=\"color: #171717;\"><span style=\"font-family: Arial, sans-serif;\"><span style=\"font-size: medium;\">est\u00e1 preparando <\/span><\/span><\/span><span style=\"color: #171717;\"><span style=\"font-family: Arial, sans-serif;\"><span style=\"font-size: medium;\">mais <\/span><\/span><\/span><span style=\"color: #171717;\"><span style=\"font-family: Arial, sans-serif;\"><span style=\"font-size: medium;\">um <\/span><\/span><\/span><span style=\"color: #171717;\"><span style=\"font-family: Arial, sans-serif;\"><span style=\"font-size: medium;\">encontro do \u201cMulher em Foco\u201d \u2013<\/span><\/span><\/span><span style=\"color: #171717;\"><span style=\"font-family: Arial, sans-serif;\"><span style=\"font-size: medium;\"> Dia de Beleza, em edi\u00e7\u00e3o especial, para homenagear as m\u00e3es at\u00edpicas. Ser\u00e1 no dia 30<\/span><\/span><\/span><span style=\"color: #171717;\"><span style=\"font-family: Arial, sans-serif;\"><span style=\"font-size: medium;\"> de <\/span><\/span><\/span><span style=\"color: #171717;\"><span style=\"font-family: Arial, sans-serif;\"><span style=\"font-size: medium;\">junho<\/span><\/span><\/span><span style=\"color: #171717;\"><span style=\"font-family: Arial, sans-serif;\"><span style=\"font-size: medium;\">, uma segunda-feira, no per\u00edodo das <\/span><\/span><\/span><span style=\"color: #171717;\"><span style=\"font-family: Arial, sans-serif;\"><span style=\"font-size: medium;\">9<\/span><\/span><\/span><span style=\"color: #171717;\"><span style=\"font-family: Arial, sans-serif;\"><span style=\"font-size: medium;\">h \u00e0s 1<\/span><\/span><\/span><span style=\"color: #171717;\"><span style=\"font-family: Arial, sans-serif;\"><span style=\"font-size: medium;\">2<\/span><\/span><\/span><span style=\"color: #171717;\"><span style=\"font-family: Arial, sans-serif;\"><span style=\"font-size: medium;\">h, <\/span><\/span><\/span><span style=\"color: #171717;\"><span style=\"font-family: Arial, sans-serif;\"><span style=\"font-size: medium;\">no Jardim Bot\u00e2nico \u201cIrm\u00e3os Villas-B\u00f4as\u201d, no Jardim Dois Cora\u00e7\u00f5es. As interessadas em participar poder\u00e3o se inscrever entre os dias 9 e 13 de junho, pelo link <\/span><\/span><\/span><span style=\"color: #171717;\"><span style=\"font-family: Arial, sans-serif;\"><span style=\"font-size: medium;\">(link)<\/span><\/span><\/span><span style=\"color: #171717;\"><span style=\"font-family: Arial, sans-serif;\"><span style=\"font-size: medium;\">.<\/span><\/span><\/span><\/p>\n<p class=\"western\" align=\"justify\"><span style=\"color: #171717;\"><span style=\"font-family: Arial, sans-serif;\"><span style=\"font-size: medium;\">As m\u00e3es at\u00edpicas sabem dos m\u00faltiplos desafios que precisam superar e as sobrecarregam no dia a dia. Por isso, proporcionar um dia diferente, de muito acolhimento, cuidados e beleza, \u00e9 uma forma de retribuir todo o carinho que dedicam a seus filhos. Elas s\u00e3o as convidadas do m\u00eas.<\/span><\/span><\/span><\/p>\n<p class=\"western\" align=\"justify\"><span style=\"color: #171717;\"><span style=\"font-family: Arial, sans-serif;\"><span style=\"font-size: medium;\">As vagas s\u00e3o limitadas e estar\u00e3o dispon\u00edveis a partir da pr\u00f3xima segunda-feira (9). <\/span><\/span><\/span><span style=\"color: #171717;\"><span style=\"font-family: Arial, sans-serif;\"><span style=\"font-size: medium;\">Durante o encontro, al\u00e9m de serem recebidas com um lanche e poderem passar por sess\u00f5es de cabelo e maquiagem, t\u00eam a oportunidade de expandir seus contatos sociais.<\/span><\/span><\/span><\/p>\n<p class=\"western\" align=\"justify\"><span style=\"color: #171717;\"><span style=\"font-family: Arial, sans-serif;\"><span style=\"font-size: medium;\">A a\u00e7\u00e3o est\u00e1 alinhada com os princ\u00edpios da Secretaria, que atua de forma intersetorial com foco no acolhimento, escuta ativa e na promo\u00e7\u00e3o de pr\u00e1ticas transformadoras, voltadas \u00e0 valoriza\u00e7\u00e3o e ao protagonismo da mulher. <\/span><\/span><\/span><\/p>\n<p class=\"western\" align=\"left\"><strong><span style=\"color: #171717;\"><span style=\"font-family: Arial, sans-serif;\"><span style=\"font-size: medium;\"><b>Servi\u00e7o:<\/b><\/span><\/span><\/span><\/strong><\/p>\n<p class=\"western\" align=\"left\"><strong><span style=\"color: #171717;\">\u201c<\/span><\/strong><strong><span style=\"color: #171717;\"><span style=\"font-family: Arial, sans-serif;\"><span style=\"font-size: medium;\"><b>Mulher em Foco\u201d \u2013 Dia de Beleza<\/b><\/span><\/span><\/span><\/strong><\/p>\n<p class=\"western\" align=\"left\"><span style=\"color: #171717;\"><span style=\"font-family: Arial, sans-serif;\"><span style=\"font-size: medium;\">Dia <\/span><\/span><\/span><span style=\"color: #171717;\"><span style=\"font-family: Arial, sans-serif;\"><span style=\"font-size: medium;\">30<\/span><\/span><\/span><span style=\"color: #171717;\"><span style=\"font-family: Arial, sans-serif;\"><span style=\"font-size: medium;\"> de <\/span><\/span><\/span><span style=\"color: #171717;\"><span style=\"font-family: Arial, sans-serif;\"><span style=\"font-size: medium;\">junho<\/span><\/span><\/span><span style=\"color: #171717;\"><span style=\"font-family: Arial, sans-serif;\"><span style=\"font-size: medium;\">, \u00e0s <\/span><\/span><\/span><span style=\"color: #171717;\"><span style=\"font-family: Arial, sans-serif;\"><span style=\"font-size: medium;\">9<\/span><\/span><\/span><span style=\"color: #171717;\"><span style=\"font-family: Arial, sans-serif;\"><span style=\"font-size: medium;\">h<\/span><\/span><\/span><\/p>\n<p class=\"western\" align=\"left\"><span style=\"color: #000000;\"><span style=\"font-family: Arial, sans-serif;\"><span style=\"font-size: medium;\">Local: Jardim Bot\u00e2nio \u201cIrm\u00e3os Villas-B\u00f4as\u201d \u2013 R. Miguel Montoro Lozano, 340 \u2013 Jardim Dois Cora\u00e7\u00f5es<\/span><\/span><\/span><\/p>\n<p class=\"western\" align=\"left\"><span style=\"color: #000000;\"><span style=\"font-family: Arial, sans-serif;\"><span style=\"font-size: medium;\">Inscri\u00e7\u00f5es pelo link: <\/span><\/span><\/span><\/p>\n<p class=\"western\" align=\"left\"><span style=\"color: #171717;\"><span style=\"font-family: Arial, sans-serif;\"><span style=\"font-size: medium;\">Gr\u00e1tis<\/span><\/span><\/span><\/p>\n<\/p><\/div>\n","protected":false},"excerpt":{"rendered":"<p>Foto de arquivo: evento realizado no dia 26 de maio de 2025. Foto: Rose Campos (Secom)\/Arquivo A edi\u00e7\u00e3o especial desse<\/p>\n","protected":false},"author":1,"featured_media":0,"comment_status":"","ping_status":"","sticky":false,"template":"","format":"standard","meta":{"colormag_page_container_layout":"default_layout","colormag_page_sidebar_layout":"default_layout","footnotes":""},"categories":[1],"tags":[],"class_list":["post-52146","post","type-post","status-publish","format-standard","hentry","category-sem-categoria"],"_links":{"self":[{"href":"https:\/\/euvivoaselecao.com.br\/index.php\/wp-json\/wp\/v2\/posts\/52146","targetHints":{"allow":["GET"]}}],"collection":[{"href":"https:\/\/euvivoaselecao.com.br\/index.php\/wp-json\/wp\/v2\/posts"}],"about":[{"href":"https:\/\/euvivoaselecao.com.br\/index.php\/wp-json\/wp\/v2\/types\/post"}],"author":[{"embeddable":true,"href":"https:\/\/euvivoaselecao.com.br\/index.php\/wp-json\/wp\/v2\/users\/1"}],"replies":[{"embeddable":true,"href":"https:\/\/euvivoaselecao.com.br\/index.php\/wp-json\/wp\/v2\/comments?post=52146"}],"version-history":[{"count":0,"href":"https:\/\/euvivoaselecao.com.br\/index.php\/wp-json\/wp\/v2\/posts\/52146\/revisions"}],"wp:attachment":[{"href":"https:\/\/euvivoaselecao.com.br\/index.php\/wp-json\/wp\/v2\/media?parent=52146"}],"wp:term":[{"taxonomy":"category","embeddable":true,"href":"https:\/\/euvivoaselecao.com.br\/index.php\/wp-json\/wp\/v2\/categories?post=52146"},{"taxonomy":"post_tag","embeddable":true,"href":"https:\/\/euvivoaselecao.com.br\/index.php\/wp-json\/wp\/v2\/tags?post=52146"}],"curies":[{"name":"wp","href":"https:\/\/api.w.org\/{rel}","templated":true}]}}