{"id":52173,"date":"2025-06-06T19:22:02","date_gmt":"2025-06-06T22:22:02","guid":{"rendered":"https:\/\/euvivoaselecao.com.br\/index.php\/2025\/06\/06\/ubss-promovem-acoes-de-incentivo-a-doacoes-de-sangue-e-plaqueta-agencia-de-noticias\/"},"modified":"2025-06-06T19:22:02","modified_gmt":"2025-06-06T22:22:02","slug":"ubss-promovem-acoes-de-incentivo-a-doacoes-de-sangue-e-plaqueta-agencia-de-noticias","status":"publish","type":"post","link":"https:\/\/euvivoaselecao.com.br\/index.php\/2025\/06\/06\/ubss-promovem-acoes-de-incentivo-a-doacoes-de-sangue-e-plaqueta-agencia-de-noticias\/","title":{"rendered":"UBSs promovem a\u00e7\u00f5es de incentivo a doa\u00e7\u00f5es de sangue e plaqueta \u2013 Ag\u00eancia de Not\u00edcias"},"content":{"rendered":"<p><\/p>\n<div wp_automatic_readability=\"31\">\n<div class=\"col\" wp_automatic_readability=\"7\">\n<p class=\"mt-0\">\n                        <strong><br \/>\n                            <span class=\"far fa-calendar mr-1 mt-2\"\/><br \/>\n                            6 de junho de 2025<br \/>\n                            <span class=\"far fa-clock ml-3 mt-2\"\/><br \/>\n                            17:20<br \/>\n                        <\/strong>\n                    <\/p>\n<p class=\"mb-0\">Por: <strong>Gustavo Goes (Programa de Est\u00e1gio) Supervis\u00e3o: Bruno Rodrigues<\/strong><\/p>\n<\/p><\/div>\n<\/p><\/div>\n<div wp_automatic_readability=\"115\">\n<p align=\"left\">\n<p class=\"western\" align=\"left\"><span style=\"font-family: Arial, sans-serif;\"><span style=\"font-size: medium;\">A Prefeitura de Sorocaba, por meio da Secret\u00e1ria da Sa\u00fade (SES), promover\u00e1, ao longo do m\u00eas de junho, uma s\u00e9rie de a\u00e7\u00f5es voltadas a incentivar as doa\u00e7\u00f5es de sangue e plaqueta. Ser\u00e3o realizadas diversas atividades nas UBSs, bem como palestras, orienta\u00e7\u00f5es, al\u00e9m de exposi\u00e7\u00f5es com cartazes informativos.<\/span><\/span><\/p>\n<p class=\"western\" align=\"left\"><span style=\"font-family: Arial, sans-serif;\"><span style=\"font-size: medium;\">A iniciativa visa cumprir a Lei Municipal N\u00ba 12.537, de 8 de abril de 2022, de autoria do vereador F\u00e1bio Simoa, que fomenta a import\u00e2ncia do tema na Semana Municipal de Incentivo \u00e0 Doa\u00e7\u00e3o de Plaqueta. Neste m\u00eas, no dia 14, tamb\u00e9m \u00e9 comemorado o \u201cDia Mundial do Doador de Sangue\u201d e \u00e9 celebrado o Junho Vermelho, que simboliza a campanha de doa\u00e7\u00e3o de sangue.<\/span><\/span><\/p>\n<p class=\"western\" align=\"left\"><span style=\"font-family: Arial, sans-serif;\"><span style=\"font-size: medium;\">As plaquetas, ou tromb\u00f3citos, s\u00e3o c\u00e9lulas do sangue produzidas pela medula \u00f3ssea, as quais s\u00e3o respons\u00e1veis pelo processo de coagula\u00e7\u00e3o sangu\u00ednea. De acordo com o Instituto Nacional de C\u00e2ncer (INCA), o procedimento de doa\u00e7\u00e3o de plaquetas envolve a retirada do sangue da veia de um dos bra\u00e7os, como em uma doa\u00e7\u00e3o convencional, s\u00f3 que um pouco mais demorada. Esse processo \u00e9 feito de forma segura, com material descart\u00e1vel. A doa\u00e7\u00e3o deve ser agendada com anteced\u00eancia e dura em torno de uma hora e meia.<\/span><\/span><\/p>\n<p class=\"western\" align=\"left\"><span style=\"font-family: Arial, sans-serif;\"><span style=\"font-size: medium;\"><b>Saiba onde doar sangue e plaqueta<\/b><\/span><\/span><\/p>\n<p class=\"western\" align=\"left\"><span style=\"font-family: Arial, sans-serif;\"><span style=\"font-size: medium;\">As doa\u00e7\u00f5es podem ser feitas no Hemon\u00facleo de Sorocaba (Colsan), que fica localizado na Avenida Comendador Pereira In\u00e1cio, 564, no Jardim Vergueiro. Para mais informa\u00e7\u00f5es, basta ligar no telefone: (15) 3224-2930.<\/span><\/span><\/p>\n<p><strong>Confira a programa\u00e7\u00e3o completa nas UBSs:<\/strong><\/p>\n<p>UBS Ang\u00e9lica<br \/>A\u00e7\u00f5es: Distribui\u00e7\u00e3o de informativos e v\u00eddeo em sala de espera<br \/>Datas: 2\u00aa Semana de junho<br \/>Hor\u00e1rio: Ao longo do dia<\/p>\n<p>UBS Aparecidinha<br \/>A\u00e7\u00f5es: Orienta\u00e7\u00f5es<br \/>Datas: 16\/6<br \/>Hor\u00e1rio: 7h e 13h<\/p>\n<p>UBS Barcelona<br \/>A\u00e7\u00f5es: Palestra<br \/>Datas: M\u00eas todo<br \/>Hor\u00e1rio: Ao longo do dia<\/p>\n<p>UBS Brigadeiro Tobias<br \/>A\u00e7\u00f5es: Palestra e distribui\u00e7\u00e3o de informativos<br \/>Datas: 16\/6<br \/>Hor\u00e1rio: 14h<\/p>\n<p>UBS Carand\u00e1<br \/>A\u00e7\u00f5es: Exposi\u00e7\u00e3o e entrega de informativos<br \/>Datas: M\u00eas todo<br \/>Hor\u00e1rio: Ao longo do dia<\/p>\n<p>UBS Cajuru<br \/>A\u00e7\u00f5es: Palestra e distribui\u00e7\u00e3o de informativos<br \/>Datas: 12\/6<br \/>Hor\u00e1rio: 10h<\/p>\n<p>UBS Cerrado<br \/>A\u00e7\u00f5es: Orienta\u00e7\u00f5es<br \/>Datas: Todas as quintas de junho<br \/>Hor\u00e1rio: 8h<\/p>\n<p>UBS \u00c9den<br \/>A\u00e7\u00f5es: Exposi\u00e7\u00e3o e entrega de informativos<br \/>Datas: 2 a 6 de junho<br \/>Hor\u00e1rio: Ao longo do dia<\/p>\n<p>UBS Escola<br \/>A\u00e7\u00f5es: Orienta\u00e7\u00f5es e entrega de informativos<br \/>Datas: 29\/6<br \/>Hor\u00e1rio: 9h<\/p>\n<p>UBS Hort\u00eancia<br \/>A\u00e7\u00f5es: Orienta\u00e7\u00f5es e exposi\u00e7\u00e3o<br \/>Datas: M\u00eas todo<br \/>Hor\u00e1rio: Ao longo do dia<\/p>\n<p>UBS Lopes de Oliveira<br \/>A\u00e7\u00f5es: Exposi\u00e7\u00e3o<br \/>Datas: M\u00eas todo<br \/>Hor\u00e1rio: Ao longo do dia<\/p>\n<p>UBS Nova Sorocaba<br \/>A\u00e7\u00f5es: Entrega de informativos<br \/>Datas: M\u00eas todo<br \/>Hor\u00e1rio: Ao longo do dia<\/p>\n<p>UBS Rodrigo<br \/>A\u00e7\u00f5es: Palestras<br \/>Datas: 9, 10 e 11\/6<br \/>Hor\u00e1rios:<br \/>9\/6: 9 h e 10 h<br \/>10\/6: 8h<br \/>11\/6: 10h<\/p>\n<p>UBS Paineiras<br \/>A\u00e7\u00f5es: Orienta\u00e7\u00f5es e exposi\u00e7\u00e3o<br \/>Datas: Diariamente<br \/>Hor\u00e1rio: Ao longo do dia<\/p>\n<p>UBS Sabi\u00e1<br \/>A\u00e7\u00f5es: Palestra<br \/>Datas: 11\/6<br \/>Hor\u00e1rio: 9h<\/p>\n<p>UBS Simus<br \/>A\u00e7\u00f5es: Distribui\u00e7\u00e3o de informativos<br \/>Datas: 24\/6<br \/>Hor\u00e1rio: Per\u00edodo da tarde<\/p>\n<p>UBS Vit\u00f3ria R\u00e9gia<br \/>A\u00e7\u00f5es: Orienta\u00e7\u00f5es<br \/>Datas: 25\/6<br \/>Hor\u00e1rio: 8h<\/p>\n<p><!-- Root element of PhotoSwipe. Must have class pswp. --><\/p><\/div>\n","protected":false},"excerpt":{"rendered":"<p>6 de junho de 2025 17:20 Por: Gustavo Goes (Programa de Est\u00e1gio) Supervis\u00e3o: Bruno Rodrigues A Prefeitura de Sorocaba, por<\/p>\n","protected":false},"author":1,"featured_media":0,"comment_status":"","ping_status":"","sticky":false,"template":"","format":"standard","meta":{"colormag_page_container_layout":"default_layout","colormag_page_sidebar_layout":"default_layout","footnotes":""},"categories":[1],"tags":[],"class_list":["post-52173","post","type-post","status-publish","format-standard","hentry","category-sem-categoria"],"_links":{"self":[{"href":"https:\/\/euvivoaselecao.com.br\/index.php\/wp-json\/wp\/v2\/posts\/52173","targetHints":{"allow":["GET"]}}],"collection":[{"href":"https:\/\/euvivoaselecao.com.br\/index.php\/wp-json\/wp\/v2\/posts"}],"about":[{"href":"https:\/\/euvivoaselecao.com.br\/index.php\/wp-json\/wp\/v2\/types\/post"}],"author":[{"embeddable":true,"href":"https:\/\/euvivoaselecao.com.br\/index.php\/wp-json\/wp\/v2\/users\/1"}],"replies":[{"embeddable":true,"href":"https:\/\/euvivoaselecao.com.br\/index.php\/wp-json\/wp\/v2\/comments?post=52173"}],"version-history":[{"count":0,"href":"https:\/\/euvivoaselecao.com.br\/index.php\/wp-json\/wp\/v2\/posts\/52173\/revisions"}],"wp:attachment":[{"href":"https:\/\/euvivoaselecao.com.br\/index.php\/wp-json\/wp\/v2\/media?parent=52173"}],"wp:term":[{"taxonomy":"category","embeddable":true,"href":"https:\/\/euvivoaselecao.com.br\/index.php\/wp-json\/wp\/v2\/categories?post=52173"},{"taxonomy":"post_tag","embeddable":true,"href":"https:\/\/euvivoaselecao.com.br\/index.php\/wp-json\/wp\/v2\/tags?post=52173"}],"curies":[{"name":"wp","href":"https:\/\/api.w.org\/{rel}","templated":true}]}}