{"id":52176,"date":"2025-06-06T20:12:43","date_gmt":"2025-06-06T23:12:43","guid":{"rendered":"https:\/\/euvivoaselecao.com.br\/index.php\/2025\/06\/06\/dolar-cai-para-r-557-e-fecha-no-menor-valor-em-8-meses\/"},"modified":"2025-06-06T20:12:43","modified_gmt":"2025-06-06T23:12:43","slug":"dolar-cai-para-r-557-e-fecha-no-menor-valor-em-8-meses","status":"publish","type":"post","link":"https:\/\/euvivoaselecao.com.br\/index.php\/2025\/06\/06\/dolar-cai-para-r-557-e-fecha-no-menor-valor-em-8-meses\/","title":{"rendered":"D\u00f3lar cai para R$ 5,57 e fecha no menor valor em 8 meses"},"content":{"rendered":"<p><\/p>\n<div wp_automatic_readability=\"66.567533557047\">\n<p>Na contram\u00e3o do mercado global e na expectativa em torno do novo pacote fiscal do governo, o real teve um dia de valoriza\u00e7\u00e3o, com o d\u00f3lar recuando pelo segundo dia consecutivo e voltando a fechar no menor valor desde outubro de 2024. A bolsa recuou pela terceira vez seguida e atingiu o n\u00edvel mais baixo em um m\u00eas.<\/p>\n<p><strong>O d\u00f3lar comercial encerrou esta sexta-feira (6) vendido a R$ 5,57, com recuo de R$ 0,016 (0,28%).<\/strong> A cota\u00e7\u00e3o alternou altas e baixas at\u00e9 o in\u00edcio da tarde. Na m\u00e1xima do dia, por volta das 12h15, chegou a R$ 5,61, mas recuou durante a tarde. Na m\u00ednima da sess\u00e3o, por volta das 16h30, a cota\u00e7\u00e3o alcan\u00e7ou R$ 5,56.<\/p>\n<p>Com o desempenho desta sexta-feira, a moeda norte-americana cai 2,63% em junho. Este ano, a divisa acumula queda de 9,85%.<\/p>\n<p><strong>Pol\u00edcia faz nova descoberta no caso do empres\u00e1rio morto em buraco no Aut\u00f3dromo de Interlagos<\/strong><\/p>\n<p><strong>Vit\u00f3ria Miranda \u00e9 campe\u00e3 juvenil de simples e duplas em Roland Garros<\/strong><\/p>\n<p>Assim como na quinta-feira (5), a euforia no mercado de c\u00e2mbio n\u00e3o se repetiu na bolsa de valores. <strong>O \u00edndice Ibovespa, da B3, fechou aos 136.102 pontos, com queda de 0,1%.<\/strong> No menor n\u00edvel desde 7 de maio, o Ibovespa caiu 0,67% na semana.<\/p>\n<p>Tanto fatores internos como externos influenciaram o mercado financeiro. No entanto, predominou a espera pelo an\u00fancio das medidas fiscais alternativas \u00e0 eleva\u00e7\u00e3o do Imposto sobre Opera\u00e7\u00f5es Financeiras (IOF), que impulsionou a queda do d\u00f3lar.<\/p>\n<p><strong>Tamb\u00e9m no cen\u00e1rio dom\u00e9stico, o aumento das apostas de uma eleva\u00e7\u00e3o adicional de 0,25 ponto percentual na Taxa Selic (juros b\u00e1sicos da economia) pelo Banco Central derrubou a bolsa.<\/strong> Isso porque taxas mais altas estimulam a fuga do mercado de a\u00e7\u00f5es para investimentos em renda fixa, menos arriscados. O Comit\u00ea de Pol\u00edtica Monet\u00e1ria (Copom) decidir\u00e1 os juros b\u00e1sicos da economia em 17 e 18 de junho.<\/p>\n<p>Nos Estados Unidos, a divulga\u00e7\u00e3o de que a cria\u00e7\u00e3o de postos de trabalho em maio ficou acima do previsto fez o d\u00f3lar subir durante o in\u00edcio do dia. No entanto, o an\u00fancio do presidente Donald Trump de que representantes comerciais dos Estados Unidos e da China se reunir\u00e3o na pr\u00f3xima segunda-feira (9) em Londres animou os investidores durante a tarde.<\/p>\n<p><strong>Emprego industrial tem primeira queda mensal em 18 meses<\/strong><\/p>\n<p><strong>Defesa de Robinho protocola no STF novo recurso contra pris\u00e3o<\/strong><\/p>\n<p><em>* Com informa\u00e7\u00f5es da Reuters<\/em><\/p>\n<\/div>\n","protected":false},"excerpt":{"rendered":"<p>Na contram\u00e3o do mercado global e na expectativa em torno do novo pacote fiscal do governo, o real teve um<\/p>\n","protected":false},"author":2,"featured_media":0,"comment_status":"","ping_status":"","sticky":false,"template":"","format":"standard","meta":{"colormag_page_container_layout":"default_layout","colormag_page_sidebar_layout":"default_layout","footnotes":""},"categories":[],"tags":[],"class_list":["post-52176","post","type-post","status-publish","format-standard","hentry"],"_links":{"self":[{"href":"https:\/\/euvivoaselecao.com.br\/index.php\/wp-json\/wp\/v2\/posts\/52176","targetHints":{"allow":["GET"]}}],"collection":[{"href":"https:\/\/euvivoaselecao.com.br\/index.php\/wp-json\/wp\/v2\/posts"}],"about":[{"href":"https:\/\/euvivoaselecao.com.br\/index.php\/wp-json\/wp\/v2\/types\/post"}],"author":[{"embeddable":true,"href":"https:\/\/euvivoaselecao.com.br\/index.php\/wp-json\/wp\/v2\/users\/2"}],"replies":[{"embeddable":true,"href":"https:\/\/euvivoaselecao.com.br\/index.php\/wp-json\/wp\/v2\/comments?post=52176"}],"version-history":[{"count":0,"href":"https:\/\/euvivoaselecao.com.br\/index.php\/wp-json\/wp\/v2\/posts\/52176\/revisions"}],"wp:attachment":[{"href":"https:\/\/euvivoaselecao.com.br\/index.php\/wp-json\/wp\/v2\/media?parent=52176"}],"wp:term":[{"taxonomy":"category","embeddable":true,"href":"https:\/\/euvivoaselecao.com.br\/index.php\/wp-json\/wp\/v2\/categories?post=52176"},{"taxonomy":"post_tag","embeddable":true,"href":"https:\/\/euvivoaselecao.com.br\/index.php\/wp-json\/wp\/v2\/tags?post=52176"}],"curies":[{"name":"wp","href":"https:\/\/api.w.org\/{rel}","templated":true}]}}