{"id":52290,"date":"2025-06-07T17:47:39","date_gmt":"2025-06-07T20:47:39","guid":{"rendered":"https:\/\/euvivoaselecao.com.br\/index.php\/2025\/06\/07\/a-pedido-de-diniz-riquelme-e-reintegrado-e-volta-a-treinar-com-o-elenco-do-vasco\/"},"modified":"2025-06-07T17:47:39","modified_gmt":"2025-06-07T20:47:39","slug":"a-pedido-de-diniz-riquelme-e-reintegrado-e-volta-a-treinar-com-o-elenco-do-vasco","status":"publish","type":"post","link":"https:\/\/euvivoaselecao.com.br\/index.php\/2025\/06\/07\/a-pedido-de-diniz-riquelme-e-reintegrado-e-volta-a-treinar-com-o-elenco-do-vasco\/","title":{"rendered":"A pedido de Diniz, Riquelme \u00e9 reintegrado e volta a treinar com o elenco do Vasco"},"content":{"rendered":"<p><\/p>\n<div>\n<p>A pedido de Diniz, Riquelme \u00e9 reintegrado e volta a treinar com o elenco do Vasco<\/p>\n<div><center><\/p>\n<p><iframe class=\"embed-responsive-item\" allowfullscreen=\"\" src=\"https:\/\/s.videos.globo.com\/p3\/amp\/index.html?videosids=13663408\"><\/iframe><\/p>\n<p>Riquelme \u00e9 reintegrado e volta a treinar com grupo principal do Vasco<\/p>\n<p><\/center><\/p>\n<p>Ap\u00f3s longo per\u00edodo de treinamentos separado, Riquelme voltou a treinar com o grupo principal do Vasco e passa por uma observa\u00e7\u00e3o atenta da comiss\u00e3o t\u00e9cnica de Fernando Diniz. O jogador de 22 anos participou das \u00faltimas duas atividades com o restante do elenco.\n<\/p>\n<p>Com o fim do per\u00edodo em que o Vasco usou o time alternativo no Carioca, ap\u00f3s tr\u00eas rodadas, a comiss\u00e3o t\u00e9cnica e o departamento de futebol optaram por deixar Riquelme em um grupo separado do elenco principal. O lateral estava ao lado de outros jogadores que n\u00e3o faziam parte dos planos, como Capasso, Z\u00e9 Gabriel, De Lucca, Serginho, Lucas Eduardo e JP. Ele \u00e9 o \u00fanico remanescente no elenco vasca\u00edno.\n<\/p>\n<p>Destes, Capasso, Z\u00e9 Gabriel, De Lucca e Serginho acertaram a rescis\u00e3o de contrato com o Vasco. Lucas Eduardo e JP foram emprestados, respectivamente, para Cuiab\u00e1 e Ava\u00ed. Como somente Riquelme seguia no Vasco afastado, a comiss\u00e3o de Diniz resolveu inclu\u00ed-lo no elenco principal para um per\u00edodo de observa\u00e7\u00f5es.\n<\/p>\n<p>Na primeira passagem de Diniz pelo Vasco, em 2021, Riquelme foi uma esp\u00e9cie de xod\u00f3 do treinador. Com a confian\u00e7a depositada pelo t\u00e9cnico, ele atuou em 24 jogos naquela temporada, o seu recorde at\u00e9 hoje na carreira. E recebeu elogios como \u201cjogador extremamente talentoso\u201d e \u201ctem um futuro brilhante pela frente\u201d.\n<\/p>\n<p>Riquelme tem contrato com o Vasco at\u00e9 31 de dezembro de 2026. O clube tentar\u00e1 negociar o jogador na pr\u00f3xima janela.\n<\/p>\n<p>Fonte: ge<\/p>\n<\/div>\n<p><!-- CONTENT END 2 -->\n<\/div>\n<p><script async defer crossorigin=\"anonymous\" src=\"https:\/\/connect.facebook.net\/pt_BR\/sdk.js#xfbml=1&amp;version=v12.0&amp;appId=114327694422&amp;autoLogAppEvents=1\" nonce=\"4kp7RAsD\"><\/script><\/p>\n","protected":false},"excerpt":{"rendered":"<p>A pedido de Diniz, Riquelme \u00e9 reintegrado e volta a treinar com o elenco do Vasco Riquelme \u00e9 reintegrado e<\/p>\n","protected":false},"author":1,"featured_media":0,"comment_status":"","ping_status":"","sticky":false,"template":"","format":"standard","meta":{"colormag_page_container_layout":"default_layout","colormag_page_sidebar_layout":"default_layout","footnotes":""},"categories":[1],"tags":[],"class_list":["post-52290","post","type-post","status-publish","format-standard","hentry","category-sem-categoria"],"_links":{"self":[{"href":"https:\/\/euvivoaselecao.com.br\/index.php\/wp-json\/wp\/v2\/posts\/52290","targetHints":{"allow":["GET"]}}],"collection":[{"href":"https:\/\/euvivoaselecao.com.br\/index.php\/wp-json\/wp\/v2\/posts"}],"about":[{"href":"https:\/\/euvivoaselecao.com.br\/index.php\/wp-json\/wp\/v2\/types\/post"}],"author":[{"embeddable":true,"href":"https:\/\/euvivoaselecao.com.br\/index.php\/wp-json\/wp\/v2\/users\/1"}],"replies":[{"embeddable":true,"href":"https:\/\/euvivoaselecao.com.br\/index.php\/wp-json\/wp\/v2\/comments?post=52290"}],"version-history":[{"count":0,"href":"https:\/\/euvivoaselecao.com.br\/index.php\/wp-json\/wp\/v2\/posts\/52290\/revisions"}],"wp:attachment":[{"href":"https:\/\/euvivoaselecao.com.br\/index.php\/wp-json\/wp\/v2\/media?parent=52290"}],"wp:term":[{"taxonomy":"category","embeddable":true,"href":"https:\/\/euvivoaselecao.com.br\/index.php\/wp-json\/wp\/v2\/categories?post=52290"},{"taxonomy":"post_tag","embeddable":true,"href":"https:\/\/euvivoaselecao.com.br\/index.php\/wp-json\/wp\/v2\/tags?post=52290"}],"curies":[{"name":"wp","href":"https:\/\/api.w.org\/{rel}","templated":true}]}}