{"id":52338,"date":"2025-06-08T03:39:22","date_gmt":"2025-06-08T06:39:22","guid":{"rendered":"https:\/\/euvivoaselecao.com.br\/index.php\/2025\/06\/08\/museu-do-pontal-lanca-programacao-voltada-a-conscientizacao-ambiental\/"},"modified":"2025-06-08T03:39:22","modified_gmt":"2025-06-08T06:39:22","slug":"museu-do-pontal-lanca-programacao-voltada-a-conscientizacao-ambiental","status":"publish","type":"post","link":"https:\/\/euvivoaselecao.com.br\/index.php\/2025\/06\/08\/museu-do-pontal-lanca-programacao-voltada-a-conscientizacao-ambiental\/","title":{"rendered":"Museu do Pontal lan\u00e7a programa\u00e7\u00e3o voltada \u00e0 conscientiza\u00e7\u00e3o ambiental"},"content":{"rendered":"<p><\/p>\n<div wp_automatic_readability=\"113.85985247629\">\n<p>O Museu do Pontal, no Rio de Janeiro, promove este m\u00eas a segunda edi\u00e7\u00e3o do\u00a0Junho Verde, programa\u00e7\u00e3o educativa e cultural que visa a destacar a urg\u00eancia das quest\u00f5es clim\u00e1ticas e promover a conscientiza\u00e7\u00e3o ambiental por meio da arte, da educa\u00e7\u00e3o e da cultura. <strong>As atividades, entre os dias 7 e 29 de junho, t\u00eam\u00a0entrada gratuita\u00a0e ocorrem sempre aos\u00a0s\u00e1bados e domingos.<\/strong><\/p>\n<blockquote wp_automatic_readability=\"12\">\n<p>\u201cJunho Verde\u00a0\u00e9 uma a\u00e7\u00e3o do programa de sustentabilidade do Museu do Pontal. Al\u00e9m disso, refor\u00e7a o lugar da institui\u00e7\u00e3o\u00a0como museu pra\u00e7a, um espa\u00e7o aberto de conviv\u00eancia, aprendizado e transforma\u00e7\u00e3o social\u201d, afirma o diretor-executivo da institui\u00e7\u00e3o, Lucas Van de Beuque.<\/p>\n<\/blockquote>\n<p>Oficinas de\u00a0constru\u00e7\u00e3o de brinquedos com sucata\u00a0com o artista Get\u00falo Damado, atividades de\u00a0plantio de mudas\u00a0na horta do museu,\u00a0conta\u00e7\u00f5es de hist\u00f3rias,\u00a0viv\u00eancia de dan\u00e7a\u00a0e\u00a0show de Bethi Albano e o Quintal M\u00e1gico\u00a0nos jardins est\u00e3o entre os destaques do\u00a0Junho Verde. <strong>O evento \u00e9 realizado em parceria com a Repsol Sinopec Brasil, empresa patrocinadora do Museu do Pontal por meio da Lei Federal de Incentivo \u00e0 Cultura.<\/strong><\/p>\n<p><strong>Explos\u00e3o em posto de gasolina mata um homem e fere outro no Rio<\/strong><\/p>\n<p><strong>Nice revela segredo devastador de Odete antes de morrer em Vale Tudo<\/strong><\/p>\n<p>A gerente de Rela\u00e7\u00f5es Externas e Institucionais da Repsol Brasil, Renata Avilla fala da import\u00e2ncia de parcerias institucionais para viabilizar essas iniciativas:<\/p>\n<blockquote wp_automatic_readability=\"10\">\n<p>\u201cAcreditamos no poder transformador da arte e da cultura como ferramentas de conscientiza\u00e7\u00e3o ambiental. A parceria com o Museu do Pontal come\u00e7ou justamente por esse tema, com o apoio \u00e0 constru\u00e7\u00e3o dos jardins do museu, e desde ent\u00e3o vem se fortalecendo com iniciativas como o\u00a0Junho Verde. Essa \u00e9 uma parceria que refor\u00e7a nosso compromisso com a sustentabilidade e com a valoriza\u00e7\u00e3o do patrim\u00f4nio cultural brasileiro e sua conex\u00e3o com a natureza.\u201d<\/p>\n<\/blockquote>\n<p><strong>A diretora do Museu do Pontal, Angela Mascelani, explica que a iniciativa busca fazer o p\u00fablico refletir sobre temas como a sustentabilidade e o consumo consciente<\/strong>.<\/p>\n<blockquote wp_automatic_readability=\"5.969696969697\">\n<p>\u201cSer\u00e1 poss\u00edvel experimentar\u00a0ainda\u00a0a rela\u00e7\u00e3o t\u00e3o viva que os artistas t\u00eam com a natureza e seus ciclos. De certa forma, essa estrutura est\u00e1 presente tamb\u00e9m na arte popular brasileira\u201d.<\/p>\n<p><strong>Nova descoberta pode mudar rumo da investiga\u00e7\u00e3o sobre morte de empres\u00e1rio em Interlagos<\/strong><\/p>\n<p><strong>Trump: Musk enfrentar\u00e1 \u201cconsequ\u00eancias s\u00e9rias\u201d se financiar democratas<\/strong><\/p>\n<\/blockquote>\n<h2>Programa\u00e7\u00e3o Junho Verde<\/h2>\n<p>07\/06 \u2013 S\u00e1bado<\/p>\n<p>10h30 \u2013 <em>O Menino que Queria Salvar a Natureza \u2013<\/em>\u00a0Espet\u00e1culo do grupo Sintonia Domin\u00f3, que une teatro e m\u00fasica para contar a hist\u00f3ria de um menino que convence o vil\u00e3o Sujismundo Quinto a mudar de atitude e repensar seus h\u00e1bitos com o planeta. Com 45 minutos de dura\u00e7\u00e3o, a pe\u00e7a prop\u00f5e uma reflex\u00e3o l\u00fadica sobre reciclagem, economia e respeito ambiental.<\/p>\n<p>15h30 \u2013 <em>Oficina de Jarro Sustent\u00e1vel Grafitado \u2013<\/em>\u00a0O artista urbano Andr\u00e9 Rongo prop\u00f5e uma atividade pr\u00e1tica, que une arte urbana e reutiliza\u00e7\u00e3o de materiais, convidando o p\u00fablico a personalizar seus pr\u00f3prios recipientes reciclados.<\/p>\n<p>16h30 \u2013 <em>Oficina de Plantio com Mangue e Tal \u2013<\/em>\u00a0Uma experi\u00eancia sensorial guiada por educadores ambientais na horta\/jardim sensorial do Museu. Os participantes v\u00e3o conhecer plantas, aromas e texturas, aprender t\u00e9cnicas de cultivo e levar para casa uma muda plantada por eles mesmos.<\/p>\n<p>08\/06 \u2013 Domingo<\/p>\n<p>16h\u00a0\u2013\u00a0<em>M\u00fasica no Jardim com Bethi Albano e o Quintal M\u00e1gico \u2013<\/em>\u00a0O jardim do museu recebe o <em>show<\/em> de Bethi Albano e o Quintal M\u00e1gico, trazendo can\u00e7\u00f5es e hist\u00f3rias que celebram o meio ambiente, as culturas populares e a inf\u00e2ncia. Participa\u00e7\u00e3o da professora brincante Gaia Sanvicente animando o p\u00fablico infantil.<\/p>\n<p>14\/06 \u2013 S\u00e1bado<\/p>\n<p>16h \u2013 <em>Oficina de constru\u00e7\u00e3o de brinquedos com sucata \u2013<\/em>\u00a0H\u00e1 d\u00e9cadas, o artista Get\u00falio Damado transforma lixo em arte no cora\u00e7\u00e3o de Santa Teresa, onde \u00e9 conhecido, principalmente, pelas r\u00e9plicas do bondinho. Nessa oficina, ele apresenta ao p\u00fablico seu trabalho de reciclagem e estimula que os participantes produzam esculturas com tampinhas, potes de pl\u00e1stico e outros materiais descartados.<\/p>\n<p>15\/06 \u2013 Domingo<\/p>\n<p>16h \u2013 <em>Oficina de constru\u00e7\u00e3o de instrumentos musicais com recicl\u00e1veis \u2013<\/em>\u00a0O coletivo Lata Doida cria instrumentos musicais com materiais recicl\u00e1veis e vai ensinar o p\u00fablico a fazer m\u00fasica com o que tem em casa.<\/p>\n<p>21\/06 \u2013 S\u00e1bado<\/p>\n<p>16h \u2013 <em>Repensando o Lixo Tecnol\u00f3gico \u2013<\/em>\u00a0Nessa oficina pr\u00e1tica, o artista visual Camilo Moreira vai ensinar o p\u00fablico a criar objetos e esculturas a partir de pe\u00e7as tecnol\u00f3gicas descartadas.<\/p>\n<p>22\/06 \u2013 Domingo<\/p>\n<p>16h \u2013 <em>Oficina de cria\u00e7\u00e3o de geringon\u00e7as com garrafas PET \u2013<\/em>\u00a0O muse\u00f3logo do Museu do Pontal e artes\u00e3o S\u00e9rgio dos Santos vai falar sobre as \u201cgeringon\u00e7as\u201d de Adalton Lopes, como s\u00e3o chamadas as obras cin\u00e9ticas feitas pelo artista com material reaproveitado, em exposi\u00e7\u00e3o no museu. Em seguida, os participantes v\u00e3o produzir suas pr\u00f3prias pe\u00e7as com o material disponibilizado.<\/p>\n<p>28\/06 \u2013 S\u00e1bado<\/p>\n<p>16h \u2013 <em>Oficina de Mini Selva Caseira \u2013\u00a0<\/em>Renan Braga, gestor e educador ambiental, vai ensinar conceitos b\u00e1sicos de paisagismo e jardinagem, para que o p\u00fablico possa criar uma pequena floresta em casa. Na programa\u00e7\u00e3o, assuntos como a diferen\u00e7a entre plantas rasteiras e arbustivas, as necessidades b\u00e1sicas de cada esp\u00e9cie e dicas importantes para manter as plantas felizes.<\/p>\n<p>29\/06 \u2013 Domingo<\/p>\n<p>16h \u2013 <em>Dan\u00e7as Biom\u00e1ticas \u2013<\/em>\u00a0O bi\u00f3logo Luan Gustavo apresenta oficina de dan\u00e7a\u00a0que busca, a partir de pr\u00e1ticas corporais e perform\u00e1ticas, pensar sobre ciclos naturais, saberes ancestrais e manifesta\u00e7\u00f5es culturais de cada bioma brasileiro.<\/p>\n<\/div>\n","protected":false},"excerpt":{"rendered":"<p>O Museu do Pontal, no Rio de Janeiro, promove este m\u00eas a segunda edi\u00e7\u00e3o do\u00a0Junho Verde, programa\u00e7\u00e3o educativa e cultural<\/p>\n","protected":false},"author":2,"featured_media":0,"comment_status":"","ping_status":"","sticky":false,"template":"","format":"standard","meta":{"colormag_page_container_layout":"default_layout","colormag_page_sidebar_layout":"default_layout","footnotes":""},"categories":[],"tags":[],"class_list":["post-52338","post","type-post","status-publish","format-standard","hentry"],"_links":{"self":[{"href":"https:\/\/euvivoaselecao.com.br\/index.php\/wp-json\/wp\/v2\/posts\/52338","targetHints":{"allow":["GET"]}}],"collection":[{"href":"https:\/\/euvivoaselecao.com.br\/index.php\/wp-json\/wp\/v2\/posts"}],"about":[{"href":"https:\/\/euvivoaselecao.com.br\/index.php\/wp-json\/wp\/v2\/types\/post"}],"author":[{"embeddable":true,"href":"https:\/\/euvivoaselecao.com.br\/index.php\/wp-json\/wp\/v2\/users\/2"}],"replies":[{"embeddable":true,"href":"https:\/\/euvivoaselecao.com.br\/index.php\/wp-json\/wp\/v2\/comments?post=52338"}],"version-history":[{"count":0,"href":"https:\/\/euvivoaselecao.com.br\/index.php\/wp-json\/wp\/v2\/posts\/52338\/revisions"}],"wp:attachment":[{"href":"https:\/\/euvivoaselecao.com.br\/index.php\/wp-json\/wp\/v2\/media?parent=52338"}],"wp:term":[{"taxonomy":"category","embeddable":true,"href":"https:\/\/euvivoaselecao.com.br\/index.php\/wp-json\/wp\/v2\/categories?post=52338"},{"taxonomy":"post_tag","embeddable":true,"href":"https:\/\/euvivoaselecao.com.br\/index.php\/wp-json\/wp\/v2\/tags?post=52338"}],"curies":[{"name":"wp","href":"https:\/\/api.w.org\/{rel}","templated":true}]}}