{"id":52356,"date":"2025-06-08T08:31:39","date_gmt":"2025-06-08T11:31:39","guid":{"rendered":"https:\/\/euvivoaselecao.com.br\/index.php\/2025\/06\/08\/mauricio-barbieri-relembra-como-era-trabalhar-no-vasco-durante-a-gestao-da-777\/"},"modified":"2025-06-08T08:31:39","modified_gmt":"2025-06-08T11:31:39","slug":"mauricio-barbieri-relembra-como-era-trabalhar-no-vasco-durante-a-gestao-da-777","status":"publish","type":"post","link":"https:\/\/euvivoaselecao.com.br\/index.php\/2025\/06\/08\/mauricio-barbieri-relembra-como-era-trabalhar-no-vasco-durante-a-gestao-da-777\/","title":{"rendered":"Maur\u00edcio Barbieri relembra como era trabalhar no Vasco durante a gest\u00e3o da 777"},"content":{"rendered":"<p><\/p>\n<div>T\u00e9cnico do Vasco nos primeiros meses de 2023, Maur\u00edcio Barbieri passou por S\u00e3o Janu\u00e1rio durante um momento de transi\u00e7\u00e3o do associativo para a SAF (Sociedade An\u00f4nima do Futebol). E revelou os bastidores de como era o conv\u00edvio com alguns dos gestores da 777 Partners, empresa norte-americana que adquiriu os ativos do Cruz-maltino \u2013 hoje, inclusive, motivo de disputa judicial.<\/p>\n<p>Em entrevista ao podcast Charla, Barbieri disse que teve pouco contato com Josh Wander, s\u00f3cio-fundador da 777, que j\u00e1 n\u00e3o est\u00e1 mais \u00e0 frente da gest\u00e3o da empresa nos Estados Unidos. Mas insinuou que o empres\u00e1rio j\u00e1 n\u00e3o passava uma imagem de muita confian\u00e7a naquela \u00e9poca, em meio \u00e0s promessas feitas logo na chegada ao Vasco \u2013 entre elas se igualar, a n\u00edvel t\u00e9cnico e financeiro, ao arquirrival Flamengo.\n<\/p>\n<p>Por\u00e9m, o ex-comandante cruz-maltino afirmou que nunca teve qualquer tipo de problema com Josh durante a sua passagem pela Colina.\n<\/p>\n<p>\u201cPouqu\u00edssimas vezes (tive contato com o Josh). Ele foi uma ou duas vezes l\u00e1 (no Vasco). Eu n\u00e3o tenho medo de falar, n\u00e3o, ele foi uma vez, foi outra\u2026 nunca tive problema. A verdade \u00e9 que prometeram muita coisa e n\u00e3o aconteceu\u201d, disse.\n<\/p>\n<p>\u201cMas uma hora que eu fui l\u00e1, vi aquele cara l\u00e1 de bon\u00e9, terno e t\u00eanis, eu falei \u2018irm\u00e3o, esse cara \u00e9 sete\u2019 (risos). N\u00e3o tinha muito contato com ele\u201d, prosseguiu.\n<\/p>\n<p>Em rela\u00e7\u00e3o \u00e0 forma como a empresa trabalhava na busca por refor\u00e7os para o Vasco, Barbieri revelou alguns \u201cvetos\u201d da 777 \u00e0 contrata\u00e7\u00e3o de certos perfis de jogadores, optando por atletas mais jovens e com potencial de revenda.\n<\/p>\n<p>\u201cTinha um diretor, que era um alem\u00e3o (Johannes Spors), diretor de todos os clubes (da 777). J\u00e1 tinha trabalhado como diretor esportivo de outros clubes, ele tinha expertise de entender os mercados, os elencos. Tinha uma cobran\u00e7a muito forte da 777 por contratar jogadores jovens, com potencial de revenda. Muitas vezes a gente queria um jogador mais consolidado, e nessa primeira janela n\u00e3o queria, brecavam. Nessa primeira janela era impens\u00e1vel a vinda do Payet, \u00e9 um cara que n\u00e3o teria revenda, o Vegetti\u2026 at\u00e9 agora poderia ter por tudo o que ele fez, mas de in\u00edcio contratar um atacante, um hist\u00f3rico tal, n\u00e3o tinha revenda\u201d, revelou.\n<\/p>\n<p>Barbieri foi anunciado como t\u00e9cnico do Vasco em dezembro de 2022, logo ap\u00f3s o clube confirmar o acesso \u00e0 S\u00e9rie A do Brasileir\u00e3o, mas deixou o comando da equipe em junho do ano seguinte, em meio \u00e0 briga contra o rebaixamento na elite, com apenas 9 pontos somados nas primeiras rodadas.\n<\/p>\n<p>J\u00e1 a 777, foi afastada do controle do futebol do Vasco no primeiro semestre de 2024, em a\u00e7\u00e3o movida pelo associativo do clube, que retomou o comando do Cruz-maltino desde ent\u00e3o, com o presidente Pedrinho.\n<\/p>\n<p>Fonte: ESPN<\/p>\n<\/div>\n<p><script async defer crossorigin=\"anonymous\" src=\"https:\/\/connect.facebook.net\/pt_BR\/sdk.js#xfbml=1&amp;version=v12.0&amp;appId=114327694422&amp;autoLogAppEvents=1\" nonce=\"4kp7RAsD\"><\/script><\/p>\n","protected":false},"excerpt":{"rendered":"<p>T\u00e9cnico do Vasco nos primeiros meses de 2023, Maur\u00edcio Barbieri passou por S\u00e3o Janu\u00e1rio durante um momento de transi\u00e7\u00e3o do<\/p>\n","protected":false},"author":1,"featured_media":0,"comment_status":"","ping_status":"","sticky":false,"template":"","format":"standard","meta":{"colormag_page_container_layout":"default_layout","colormag_page_sidebar_layout":"default_layout","footnotes":""},"categories":[1],"tags":[],"class_list":["post-52356","post","type-post","status-publish","format-standard","hentry","category-sem-categoria"],"_links":{"self":[{"href":"https:\/\/euvivoaselecao.com.br\/index.php\/wp-json\/wp\/v2\/posts\/52356","targetHints":{"allow":["GET"]}}],"collection":[{"href":"https:\/\/euvivoaselecao.com.br\/index.php\/wp-json\/wp\/v2\/posts"}],"about":[{"href":"https:\/\/euvivoaselecao.com.br\/index.php\/wp-json\/wp\/v2\/types\/post"}],"author":[{"embeddable":true,"href":"https:\/\/euvivoaselecao.com.br\/index.php\/wp-json\/wp\/v2\/users\/1"}],"replies":[{"embeddable":true,"href":"https:\/\/euvivoaselecao.com.br\/index.php\/wp-json\/wp\/v2\/comments?post=52356"}],"version-history":[{"count":0,"href":"https:\/\/euvivoaselecao.com.br\/index.php\/wp-json\/wp\/v2\/posts\/52356\/revisions"}],"wp:attachment":[{"href":"https:\/\/euvivoaselecao.com.br\/index.php\/wp-json\/wp\/v2\/media?parent=52356"}],"wp:term":[{"taxonomy":"category","embeddable":true,"href":"https:\/\/euvivoaselecao.com.br\/index.php\/wp-json\/wp\/v2\/categories?post=52356"},{"taxonomy":"post_tag","embeddable":true,"href":"https:\/\/euvivoaselecao.com.br\/index.php\/wp-json\/wp\/v2\/tags?post=52356"}],"curies":[{"name":"wp","href":"https:\/\/api.w.org\/{rel}","templated":true}]}}