{"id":52357,"date":"2025-06-08T08:32:46","date_gmt":"2025-06-08T11:32:46","guid":{"rendered":"https:\/\/euvivoaselecao.com.br\/index.php\/2025\/06\/08\/combate-ao-trabalho-infantil-e-dia-dos-namorados-em-foco\/"},"modified":"2025-06-08T08:32:46","modified_gmt":"2025-06-08T11:32:46","slug":"combate-ao-trabalho-infantil-e-dia-dos-namorados-em-foco","status":"publish","type":"post","link":"https:\/\/euvivoaselecao.com.br\/index.php\/2025\/06\/08\/combate-ao-trabalho-infantil-e-dia-dos-namorados-em-foco\/","title":{"rendered":"combate ao trabalho infantil e Dia dos Namorados em foco"},"content":{"rendered":"<p><\/p>\n<div wp_automatic_readability=\"212.73552084044\">\n<p>Esta semana traz mobiliza\u00e7\u00f5es importantes nas \u00e1reas de direitos humanos, preserva\u00e7\u00e3o do meio ambiente e sa\u00fade. E tamb\u00e9m comemora\u00e7\u00f5es muito tradicionais. Vamos come\u00e7ar com a data mais famosa do per\u00edodo: o <em>Dia dos Namorados<\/em>, comemorado em 12 de junho. A data celebra o amor, o companheirismo e movimenta a economia com os presentes e programas rom\u00e2nticos. S\u00f3 no ano passado, o <em>Dia dos Namorados<\/em> movimentou cerca de R$ 2,6 bilh\u00f5es, como destaca esta reportagem da <strong>Radioag\u00eancia Nacional<\/strong>. Mas, falando de romantismo, as novas tecnologias \u2014\u00a0como os aplicativos de namoro e as redes sociais \u2014\u00a0t\u00eam ajudado cada vez mais pessoas a achar seu par, como destaca esta reportagem de 2022 da <strong>Ag\u00eancia Brasil<\/strong>. A R\u00e1dio Nacional abordou o tema, explicando o que acontece no nosso c\u00e9rebro quando estamos apaixonados, nesta edi\u00e7\u00e3o do <strong>Tarde Nacional<\/strong>, de 2022. E o <strong>Rep\u00f3rter Brasil, da TV Brasil<\/strong>, falou sobre os desafios de quem come\u00e7ou um namoro nos tempos da pandemia de covid 19, em reportagem de 2021.<\/p>\n<p><a href=\"https:\/\/www.youtube.com\/watch?v=LO3pyIsjlyk\">https:\/\/www.youtube.com\/watch?v=LO3pyIsjlyk<\/a><\/p>\n<p>O <em>Dia dos Namorados<\/em> n\u00e3o foi fixado em 12 de junho \u00e0 toa. Tamb\u00e9m \u00e9 uma forma de homenagear aquele que \u00e9 conhecido como o santo casamenteiro, pois 13 de junho \u00e9 o <em>Dia de Santo Ant\u00f4nio<\/em>. Esta edi\u00e7\u00e3o de 2018 do <strong>Hist\u00f3ria Hoje, da R\u00e1dio Nacional<\/strong>, explica como o frade franciscano nascido no s\u00e9culo XII, em Portugal, se tornou o padroeiro dos matrim\u00f4nios. A tradi\u00e7\u00e3o de celebrar Santo Ant\u00f4nio, por meio de atividades religiosas e festas juninas, foi o foco de edi\u00e7\u00e3o do <strong>Tema Livre, da R\u00e1dio Nacional<\/strong>, em 2015; de reportagem da <strong>Radioag\u00eancia Nacional<\/strong>, em 2022; e de edi\u00e7\u00e3o do <strong>Rep\u00f3rter Brasil Tarde, da TV Brasil<\/strong>, em 2022.\u00a0<\/p>\n<p><strong>Explos\u00e3o em posto de gasolina mata um homem e fere outro no Rio<\/strong><\/p>\n<p><strong>Nice revela segredo devastador de Odete antes de morrer em Vale Tudo<\/strong><\/p>\n<p><a href=\"https:\/\/www.youtube.com\/watch?v=cXPhpkOyzTs\">https:\/\/www.youtube.com\/watch?v=cXPhpkOyzTs<\/a><\/p>\n<h2><strong>Direitos Humanos<\/strong><\/h2>\n<p>Tamb\u00e9m em 12 de junho temos o <em>Dia Mundial Contra o Trabalho Infantil<\/em>, efem\u00e9ride institu\u00edda em 2002 pela Organiza\u00e7\u00e3o Internacional do Trabalho (OIT). A data ressalta que as atividades laborais exercidas por crian\u00e7as e adolescentes prejudicam seu desenvolvimento\u00a0ao n\u00e3o permitir que os menores tenham tempo para brincar ou estudar de forma adequada, e tamb\u00e9m exp\u00f5em sua sa\u00fade e suas vidas a riscos, por conta de trabalhos insalubres e possibilidade de acidentes graves. No ano passado, a OIT alertou que 160 milh\u00f5es de crian\u00e7as no mundo todo trabalhavam, como mostra esta edi\u00e7\u00e3o do <strong>Revista Brasil, da R\u00e1dio Nacional<\/strong>. No Brasil, quase 40% das crian\u00e7as trabalham, como destacou esta reportagem da <strong>Radioag\u00eancia Nacional<\/strong>, veiculada em 2024. A boa not\u00edcia \u00e9 que o trabalho infantil diminuiu 14,6% no pa\u00eds, de 2022 para 2023, como mostrou esta reportagem da <strong>Ag\u00eancia Brasil<\/strong>, tamb\u00e9m do ano passado. A complexidade do problema e as dificuldades para o seu enfrentamento, que envolvem inclusive quest\u00f5es culturais, foi abordada no programa <strong>Di\u00e1logo Brasil<\/strong>, da TV Brasil, em 2017.<\/p>\n<p><a href=\"https:\/\/www.youtube.com\/watch?v=w520jA9mymE\">https:\/\/www.youtube.com\/watch?v=w520jA9mymE<\/a><\/p>\n<h2><strong>Meio ambiente<\/strong><\/h2>\n<p>No dia 8 de junho \u00e9 comemorado o <em>Dia Mundial dos Oceanos<\/em>. A data foi estabelecida durante a Confer\u00eancia das Na\u00e7\u00f5es Unidas sobre o Meio Ambiente realizada no Rio de Janeiro em 1992, a \u201cEco92\u201d, para enfatizar a import\u00e2ncia de proteger os oceanos do planeta. Os ve\u00edculos da EBC se dedicam frequentemente \u00e0 pauta. Em 2023, o programa <strong>Tarde Nacional, da R\u00e1dio Nacional<\/strong>, falou sobre a import\u00e2ncia dos oceanos para regular a temperatura da Terra e produ\u00e7\u00e3o do ar que respiramos. J\u00e1 esta reportagem da <strong>Ag\u00eancia Brasil<\/strong>, publicada em 2024, trouxe o alerta de que as mudan\u00e7as clim\u00e1ticas est\u00e3o provocando o aquecimento, a acidifica\u00e7\u00e3o e a queda de oxig\u00eanio dos oceanos. A TV Brasil se dedicou ao tema nesta edi\u00e7\u00e3o de 2021 do <strong>Rep\u00f3rter Brasil Tarde<\/strong>, e a <strong>Radioag\u00eancia Nacional<\/strong> nesta reportagem, veiculada em 2022.<\/p>\n<p><strong>Nova descoberta pode mudar rumo da investiga\u00e7\u00e3o sobre morte de empres\u00e1rio em Interlagos<\/strong><\/p>\n<p><strong>Trump: Musk enfrentar\u00e1 \u201cconsequ\u00eancias s\u00e9rias\u201d se financiar democratas<\/strong><\/p>\n<p><iframe loading=\"lazy\" title=\"Oceanos batem recorde de temperatura e acidez em 2021\" width=\"800\" height=\"450\" src=\"https:\/\/www.youtube.com\/embed\/qs6KTltsJxs?feature=oembed\" frameborder=\"0\" allow=\"accelerometer; autoplay; clipboard-write; encrypted-media; gyroscope; picture-in-picture; web-share\" referrerpolicy=\"strict-origin-when-cross-origin\" allowfullscreen><\/iframe><\/p>\n<h2><strong>Sa\u00fade\u00a0<\/strong><\/h2>\n<p>O <em>Dia Mundial dos Alco\u00f3licos An\u00f4nimos<\/em>, fixado em 10 de junho, comemora a data de funda\u00e7\u00e3o do grupo de autoajuda para pessoas com depend\u00eancia de bebidas alco\u00f3licas\u00a0na cidade de Akron, nos Estados Unidos, em 1935. O programa <strong>Tarde Nacional, da R\u00e1dio Nacional<\/strong>,<strong>\u00a0<\/strong>dedicou uma edi\u00e7\u00e3o em 2025 para explicar como \u00e9 o trabalho dos mais de cinco mil grupos de apoio espalhados pelo Brasil para ajudar quem deseja se manter s\u00f3brio. A <strong>Ag\u00eancia Brasil<\/strong> tamb\u00e9m destacou o papel da organiza\u00e7\u00e3o em reportagem de 2023, bem como a TV Brasil, nesta edi\u00e7\u00e3o de 2022 do <strong>Rep\u00f3rter Brasil Tarde<\/strong>, quando a irmandade dos Alc\u00f3olicos An\u00f4nimos completou 87 anos.<\/p>\n<p><a href=\"https:\/\/www.youtube.com\/watch?v=7oA-4yXg4ro\">https:\/\/www.youtube.com\/watch?v=7oA-4yXg4ro<\/a><\/p>\n<p>O dia 14 de junho \u00e9 o <em>Dia Mundial do Doador de Sangue<\/em>. Apesar da transfus\u00e3o sangu\u00ednea ser indispens\u00e1vel no tratamento de pessoas gravemente feridas e para apoiar procedimentos m\u00e9dicos e cir\u00fargicos complexos, praticamente todos os hemocentros do pa\u00eds sofrem com estoques insuficientes, sobretudo nas \u00e9pocas do ano em que as doa\u00e7\u00f5es caem. A efem\u00e9ride estimula o ato de doar, que ajuda a salvar muitas vidas, como foi destacado nesta reportagem da <strong>Ag\u00eancia Brasil<\/strong>, publicada em 2020, nesta da <strong>Radioag\u00eancia Nacional<\/strong> (2024), no programa <strong>Revista Brasil, da R\u00e1dio Nacional<\/strong> (2021), e no <strong>Rep\u00f3rter Brasil Tarde, da TV Brasil<\/strong> (2023).<\/p>\n<p><a href=\"https:\/\/www.youtube.com\/watch?v=2aVL0WPWxCw\">https:\/\/www.youtube.com\/watch?v=2aVL0WPWxCw<\/a><\/p>\n<h2><strong>Preserva\u00e7\u00e3o da mem\u00f3ria\u00a0<\/strong><\/h2>\n<p>O <em>Dia Internacional dos Arquivos<\/em> \u00e9 comemorado em 9 de junho. A efem\u00e9ride foi\u00a0criada pelo Conselho Internacional dos Arquivos (CIA), ligado \u00e0\u00a0Organiza\u00e7\u00e3o das Na\u00e7\u00f5es Unidas para a Educa\u00e7\u00e3o, a Ci\u00eancia e a Cultura\u00a0(Unesco), para marcar a import\u00e2ncia desses \u00f3rg\u00e3os para a efici\u00eancia das organiza\u00e7\u00f5es, preserva\u00e7\u00e3o da hist\u00f3ria e garantia de direitos. Anualmente, institui\u00e7\u00f5es culturais de todo o pa\u00eds realizam atividades para celebrar a data, como mostra essa reportagem da <strong>Ag\u00eancia Brasil<\/strong> de 2017.<\/p>\n<h2><strong>Esporte\u00a0<\/strong><\/h2>\n<p>H\u00e1 15 anos, no dia 11 de junho de 2010, come\u00e7ava na \u00c1frica do Sul a primeira Copa do Mundo FIFA em continente africano. O pa\u00eds n\u00e3o tinha tradi\u00e7\u00e3o no esporte e, at\u00e9 ent\u00e3o, havia participado apenas dos mundiais de 2002, na Coreia do Sul e Jap\u00e3o, e de 2008, na Fran\u00e7a. Os desafios para sediar um evento dessa magnitude foram contados nesta edi\u00e7\u00e3o do <strong>Hist\u00f3ria Hoje, da R\u00e1dio Nacional<\/strong>, em 2014. Havia muita expectativa de que a Copa do Mundo, com toda a visibilidade inerente, incremento da infraestrutura e movimenta\u00e7\u00e3o da economia, ajudasse no desenvolvimento da \u00c1frica do Sul. Mas n\u00e3o foi bem o que aconteceu, como destacou esta edi\u00e7\u00e3o do programa <strong>Cotidianos<\/strong>, exibido pela TV Brasil em 2013, e esta reportagem da <strong>Ag\u00eancia Brasil<\/strong>, publicada em 2014.<\/p>\n<p><iframe loading=\"lazy\" title=\"A \u00c1frica depois da Copa do Mundo de 2010 - Nova \u00c1frica\" width=\"800\" height=\"600\" src=\"https:\/\/www.youtube.com\/embed\/XpYnHoFDrf8?feature=oembed\" frameborder=\"0\" allow=\"accelerometer; autoplay; clipboard-write; encrypted-media; gyroscope; picture-in-picture; web-share\" referrerpolicy=\"strict-origin-when-cross-origin\" allowfullscreen><\/iframe><\/p>\n<h2><strong>Aniversariantes da semana<\/strong><\/h2>\n<p>Neste ano, celebramos o centen\u00e1rio do escritor paranaense Dalton Trevisan, que nasceu no dia 14 de junho de 1925. Autor de mais de 50 livros, vencedor dos pr\u00eamios liter\u00e1rios Jabuti e Cam\u00f5es (este \u00faltimo o mais importante da l\u00edngua portuguesa), Dalton era avesso aos holofotes e n\u00e3o dava entrevistas desde os anos 1970. Tanto que recebeu a alcunha de \u201cVampiro de Curitiba\u201d, t\u00edtulo de um dos seus mais famosos livros. A capital paranaense, sua cidade natal, teve suas ruas e bairros eternizados em seus diversos contos. Faltou pouco para Dalton Trevisan comemorar o centen\u00e1rio. O escritor faleceu no ano passado, aos 99 anos, e seu \u00f3bito foi destaque em reportagens da <strong>Ag\u00eancia Brasil<\/strong>, da <strong>Radioag\u00eancia Nacional<\/strong> e do <strong>Rep\u00f3rter Brasil Tarde, da TV Brasil<\/strong>. Ele tamb\u00e9m foi homenageado pelo programa <strong>Antena MEC, da R\u00e1dio MEC<\/strong>, em edi\u00e7\u00e3o de 2019.<\/p>\n<p>Tamb\u00e9m prestamos aqui uma homenagem \u00e0 escritora, poetisa, diretora de teatro, tradutora, desenhista, cartunista e jornalista Patr\u00edcia Rehder Galv\u00e3o, mais conhecida como Pagu. Ela nasceu no dia 9 de junho de 1910. H\u00e1 115 anos, portanto. Apesar de n\u00e3o ter participado diretamente da Semana de Arte Moderna de 1922, ela \u00e9 considerada musa do modernismo pela proximidade com o casal Oswald de Andrade e Tarsila do Amaral, que a apresentaram ao movimento. Feminista e avan\u00e7ada para os padr\u00f5es da \u00e9poca, Pagu atuou contra o fascismo e foi a primeira presa pol\u00edtica do pa\u00eds. Sofreu 23 deten\u00e7\u00f5es ao longo da vida. A primeira foi em 1931, quando participou da organiza\u00e7\u00e3o de uma greve de estivadores em Santos e foi presa pela pol\u00edcia de Get\u00falio Vargas. Sua vida e obra foram tema desta edi\u00e7\u00e3o do <strong>Hist\u00f3ria Hoje, da R\u00e1dio Nacional<\/strong>, de 2017, e desta do <strong>Antena MEC, da R\u00e1dio MEC<\/strong>, em 2021. Pagu foi novamente lembrada em 2023, quando foi homenageada na Festa Liter\u00e1ria de Paraty, como noticiou a <strong>Radioag\u00eancia Nacional<\/strong>. No mesmo ano tamb\u00e9m foi lan\u00e7ado livro com manuscritos in\u00e9ditos seus, como destacou a <strong>Ag\u00eancia Brasil<\/strong>.\u00a0<\/p>\n<p>Fechamos a lista de aniversariante da semana com a atriz, cantora, apresentadora e produtora paranaense naturalizada estadunidense S\u00f4nia Braga, que completa 75 anos no dia 8 de junho. Ela \u00e9 eternamente lembrada por suas interpreta\u00e7\u00f5es de personagens da literatura de Jorge Amado, como \u201cGabriela\u201d (1975 e 1983), \u201cDona Flor e seus dois maridos\u201d (1976) e \u201cTieta do agreste\u201d (1996). Quando decidiu buscar novos ares no mercado cinematogr\u00e1fico norte-americano, a atriz ganhou notoriedade de p\u00fablico e cr\u00edtica com suas atua\u00e7\u00f5es nos filmes \u201cO Beijo da Mulher Aranha\u201d (1985) e \u201cLuar sobe Parador\u201d (1988). O programa R\u00e1dio Sociedade, da R\u00e1dio Nacional, prestou homenagem a S\u00f4nia Braga em duas ocasi\u00f5es. <strong>Nesta edi\u00e7\u00e3o, de 2020, analisou sua carreira<\/strong>. \u00a0E <strong>nesta outra, de 2023, veiculou uma memor\u00e1vel entrevista com a atriz<\/strong>, feita em 1981.<\/p>\n<h2><strong>Confira a rela\u00e7\u00e3o completa de datas do Hoje \u00e9 Dia de 8 a 14 de Junho de 2025.<\/strong><\/h2>\n<div class=\"cmpTable tcols-2\" wp_automatic_readability=\"73.5\">\n<p>Junho de 2025<\/p>\n<p>8<\/p>\n<div class=\"cmpTableCell cmpTopics\" wp_automatic_readability=\"26\">\u2002\u2002\u2002\u2002\u2002\u2002<\/p>\n<p>Nascimento do ator, cantor, compositor e multi-instrumentista fluminense Jorge M\u00e1rio da Silva, o Seu Jorge (55 anos)<\/p>\n<p>\u2002\u2002\u2002\u2002\u2002\u2002<\/p>\n<p>Nascimento da atriz, cantora, apresentadora, e produtora paranaense naturalizada estadunidense S\u00f4nia Braga (75 anos)<\/p>\n<p>\u2002\u2002\u2002\u2002\u2002\u2002<\/p>\n<p>Dia Mundial dos Oceanos. A comemora\u00e7\u00e3o foi estabelecida em 1992 durante a \u201cEco92\u201d ou \u201cCimeira da Terra\u201d ou \u201cConfer\u00eancia do Rio\u201d sobre Meio Ambiente, com o fim de enfatizar a import\u00e2ncia de todos os produtos fornecidos pelo Oceano Atl\u00e2ntico, Oceano Pac\u00edfico, Oceano Ant\u00e1rtico, Oceano \u00cdndico e Oceano \u00c1rtico<\/p>\n<\/div>\n<p>9<\/p>\n<div class=\"cmpTableCell cmpTopics\" wp_automatic_readability=\"32\">\u2002\u2002\u2002\u2002\u2002\u2002<\/p>\n<p>Nascimento da escritora, poeta, diretora de teatro, tradutora, desenhista, cartunista, jornalista e militante pol\u00edtica paulista Patr\u00edcia Galv\u00e3o, a Pagu (115 anos)<\/p>\n<p>\u2002\u2002\u2002\u2002\u2002\u2002<\/p>\n<p>Dia Nacional de Anchieta. Conforme o decreto n\u00ba 55.588, de 18 de janeiro de 1965, e a Lei n\u00ba 5.196, de 24 de dezembro de 1966, a data dever\u00e1 ser celebrada nas escolas prim\u00e1rias e m\u00e9dias do Brasil com palestras alusivas \u00e0 vida e \u00e0 obra do Padre Jos\u00e9 de Anchieta<\/p>\n<p>\u2002\u2002\u2002\u2002\u2002\u2002<\/p>\n<p>Dia Internacional dos Arquivos. Comemorado para marcar a data da cria\u00e7\u00e3o do Conselho Internacional dos Arquivos, que foi institu\u00eddo pela Unesco em 9 de junho de 1948, quando se aproveita a data da celebra\u00e7\u00e3o para\u00a0promover o valor das institui\u00e7\u00f5es de arquivos no servi\u00e7o da pesquisa, da cultura, da mem\u00f3ria e da transpar\u00eancia<\/p>\n<\/div>\n<p>10<\/p>\n<div class=\"cmpTableCell cmpTopics\" wp_automatic_readability=\"30\">\u2002\u2002\u2002\u2002\u2002\u2002<\/p>\n<p>Morte do poeta portugu\u00eas Lu\u00eds de Cam\u00f5es (445 anos)<\/p>\n<p>\u2002\u2002\u2002\u2002\u2002\u2002<\/p>\n<p>Morte do nadador, ator, cantor, m\u00fasico, compositor e empres\u00e1rio fluminense R\u00f4mulo Arantes (25 anos)<\/p>\n<p>\u2002\u2002\u2002\u2002\u2002\u2002<\/p>\n<p>Nascimento do compositor e violonista fluminense Carlos Althier de Sousa Lemos Escobar, o Guinga (75 anos)<\/p>\n<p>\u2002\u2002\u2002\u2002\u2002\u2002<\/p>\n<p>Dia Mundial dos Alco\u00f3licos An\u00f4nimos, comemorado para marcar aquela que \u00e9 tradicionalmente tida como a data da funda\u00e7\u00e3o do grupo de autoajuda de homens e mulheres que partilham entre si sua depend\u00eancia das bebidas alco\u00f3licas, ocorrida na cidade estadunidense de Akron, em 10 de junho de 1935<\/p>\n<p>\u2002\u2002\u2002\u2002\u2002\u2002<\/p>\n<p>Dia de Portugal, de Cam\u00f5es e das Comunidades Portuguesas. A data tamb\u00e9m relembra a morte de Cam\u00f5es, em 10 de Junho de 1580<\/p>\n<\/div>\n<p>11<\/p>\n<div class=\"cmpTableCell cmpTopics\" wp_automatic_readability=\"28\">\u2002\u2002\u2002\u2002\u2002\u2002<\/p>\n<p>Nascimento do oficial da marinha francesa, documentarista, cineasta, ocean\u00f3grafo e inventor franc\u00eas Jacques-Yves Cousteau (115 anos), mundialmente conhecido por suas viagens de pesquisa a bordo do barco Calypso<\/p>\n<p>\u2002\u2002\u2002\u2002\u2002\u2002<\/p>\n<p>Come\u00e7a na \u00c1frica do Sul a primeira Copa do Mundo FIFA no continente africano (15 anos)<\/p>\n<p>\u2002\u2002\u2002\u2002\u2002\u2002<\/p>\n<p>Batalha Naval do Riachuelo \u00e9 travada no riacho Riachuelo, na Argentina, entre a Marinha do Paraguai e a Marinha do Brasil (160 anos). A vit\u00f3ria brasileira foi crucial para o sucesso posterior da Tr\u00edplice Alian\u00e7a (Brasil, Uruguai e Argentina) na Guerra do Paraguai<\/p>\n<p>\u2002\u2002\u2002\u2002\u2002\u2002<\/p>\n<p>83 espectadores morrem e pelo menos 100 ficam feridos depois que um Austin-Healey e um Mercedes-Benz colidem na prova das 24 Horas de Le Mans, o mais mort\u00edfero acidente do automobilismo (70 anos)<\/p>\n<p>\u2002\u2002\u2002\u2002\u2002\u2002<\/p>\n<p>O tenista brasileiro Gustavo Kuerten torna-se bicampe\u00e3o do torneio de Roland Garros (25 anos)<\/p>\n<p>\u2002\u2002\u2002\u2002\u2002\u2002<\/p>\n<p>Dia da Marinha do Brasil<\/p>\n<\/div>\n<p>12<\/p>\n<div class=\"cmpTableCell cmpTopics\" wp_automatic_readability=\"25\">\u2002\u2002\u2002\u2002\u2002\u2002<\/p>\n<p>Morte do compositor mineiro Fernando Brant (10 anos)<\/p>\n<p>\u2002\u2002\u2002\u2002\u2002\u2002<\/p>\n<p>Morte do compositor e letrista cearense Jos\u00e9 de S\u00e1 Roris (50 anos)<\/p>\n<p>\u2002\u2002\u2002\u2002\u2002\u2002<\/p>\n<p>O \u00f4nibus da linha 174 \u00e9 sequestrado por Sandro Barbosa do Nascimento, que manteve por quatro horas dez ref\u00e9ns, no bairro do Jardim Bot\u00e2nico, no Rio de Janeiro (25 anos)<\/p>\n<p>\u2002\u2002\u2002\u2002\u2002\u2002<\/p>\n<p>Dia Mundial Contra o Trabalho Infantil, institu\u00eddo em 2002 pela Organiza\u00e7\u00e3o Internacional do Trabalho<\/p>\n<p>\u2002\u2002\u2002\u2002\u2002\u2002<\/p>\n<p>Dia dos Namorados. A data \u00e9 uma comemora\u00e7\u00e3o extraoficial do Brasil desde 1948, e surgiu a partir de uma campanha publicit\u00e1ria encomendada pela extinta rede de Lojas de Departamentos \u201cExposi\u00e7\u00e3o Clipper\u201d, de S\u00e3o Paulo<\/p>\n<\/div>\n<p>13<\/p>\n<div class=\"cmpTableCell cmpTopics\" wp_automatic_readability=\"10\">\u2002\u2002\u2002\u2002\u2002\u2002<\/p>\n<p>Morte do instrumentista, violonista e cavaquista capixaba Jos\u00e9 Paulo Miranda, o Mestre Z\u00e9 Paulo (20 anos)<\/p>\n<p>\u2002\u2002\u2002\u2002\u2002\u2002<\/p>\n<p>Dia de Santo Ant\u00f4nio<\/p>\n<\/div>\n<p>14<\/p>\n<div class=\"cmpTableCell cmpTopics\" wp_automatic_readability=\"21\">\u2002\u2002\u2002\u2002\u2002\u2002<\/p>\n<p>Morte do soci\u00f3logo e economista alem\u00e3o Max Weber (105 anos)<\/p>\n<p>\u2002\u2002\u2002\u2002\u2002\u2002<\/p>\n<p>Nascimento do escritor paranaense Dalton Trevisan (100 anos)<\/p>\n<p>\u2002\u2002\u2002\u2002\u2002\u2002<\/p>\n<p>Sequestro do voo 847 da TWA, que ia de Atenas para Roma, associado ao grupo Hezbollah (40 anos)<\/p>\n<p>\u2002\u2002\u2002\u2002\u2002\u2002<\/p>\n<p>Assalto ocorrido contra o trem de pagamentos da Estrada de Ferro Central do Brasil, nas proximidades da Esta\u00e7\u00e3o Japeri-RJ (65 anos). O fato inspirou o filme \u201cO Assalto ao Trem Pagador\u201d (1962), dirigido por Roberto Farias<\/p>\n<p>\u2002\u2002\u2002\u2002\u2002\u2002<\/p>\n<p>Dia Mundial do Doador de Sangue<\/p>\n<\/div>\n<\/div>\n<p><em>*As datas s\u00e3o selecionadas pela equipe de pesquisadores do Projeto Efem\u00e9rides, da Ger\u00eancia de Acervo da <strong>Empresa Brasil de Comunica\u00e7\u00e3o (EBC)<\/strong>, que traz temas relacionados \u00e0 cultura, hist\u00f3ria, ci\u00eancia e personalidades, sempre ressaltando marcos nacionais e regionais. A Ger\u00eancia de Acervo tamb\u00e9m atende aos pedidos de pesquisa do p\u00fablico externo. Basta enviar um e-mail para [email\u00a0protected].<\/em><\/p>\n<p>\u00a0<\/p>\n<\/div>\n","protected":false},"excerpt":{"rendered":"<p>Esta semana traz mobiliza\u00e7\u00f5es importantes nas \u00e1reas de direitos humanos, preserva\u00e7\u00e3o do meio ambiente e sa\u00fade. E tamb\u00e9m comemora\u00e7\u00f5es muito<\/p>\n","protected":false},"author":2,"featured_media":0,"comment_status":"","ping_status":"","sticky":false,"template":"","format":"standard","meta":{"colormag_page_container_layout":"default_layout","colormag_page_sidebar_layout":"default_layout","footnotes":""},"categories":[],"tags":[],"class_list":["post-52357","post","type-post","status-publish","format-standard","hentry"],"_links":{"self":[{"href":"https:\/\/euvivoaselecao.com.br\/index.php\/wp-json\/wp\/v2\/posts\/52357","targetHints":{"allow":["GET"]}}],"collection":[{"href":"https:\/\/euvivoaselecao.com.br\/index.php\/wp-json\/wp\/v2\/posts"}],"about":[{"href":"https:\/\/euvivoaselecao.com.br\/index.php\/wp-json\/wp\/v2\/types\/post"}],"author":[{"embeddable":true,"href":"https:\/\/euvivoaselecao.com.br\/index.php\/wp-json\/wp\/v2\/users\/2"}],"replies":[{"embeddable":true,"href":"https:\/\/euvivoaselecao.com.br\/index.php\/wp-json\/wp\/v2\/comments?post=52357"}],"version-history":[{"count":0,"href":"https:\/\/euvivoaselecao.com.br\/index.php\/wp-json\/wp\/v2\/posts\/52357\/revisions"}],"wp:attachment":[{"href":"https:\/\/euvivoaselecao.com.br\/index.php\/wp-json\/wp\/v2\/media?parent=52357"}],"wp:term":[{"taxonomy":"category","embeddable":true,"href":"https:\/\/euvivoaselecao.com.br\/index.php\/wp-json\/wp\/v2\/categories?post=52357"},{"taxonomy":"post_tag","embeddable":true,"href":"https:\/\/euvivoaselecao.com.br\/index.php\/wp-json\/wp\/v2\/tags?post=52357"}],"curies":[{"name":"wp","href":"https:\/\/api.w.org\/{rel}","templated":true}]}}