{"id":52396,"date":"2025-06-08T19:42:58","date_gmt":"2025-06-08T22:42:58","guid":{"rendered":"https:\/\/euvivoaselecao.com.br\/index.php\/2025\/06\/08\/sao-jose-lidera-na-vespera-do-encerramento-do-jomi\/"},"modified":"2025-06-08T19:42:58","modified_gmt":"2025-06-08T22:42:58","slug":"sao-jose-lidera-na-vespera-do-encerramento-do-jomi","status":"publish","type":"post","link":"https:\/\/euvivoaselecao.com.br\/index.php\/2025\/06\/08\/sao-jose-lidera-na-vespera-do-encerramento-do-jomi\/","title":{"rendered":"S\u00e3o Jos\u00e9 lidera na v\u00e9spera do encerramento do JOMI"},"content":{"rendered":"<p><\/p>\n<div>\n<p><b>Nei Jos\u00e9 Sant&#8217;Anna<\/b><br \/>&#13;<br \/>\n&#13;<br \/>\n                <span style=\"font-weight: bold;\">Secretaria de Esporte e Qualidade de Vida<\/span><\/p>\n<p>A fase regional dos Jogos da Melhor Idade termina neste s\u00e1bado (7) com as semifinais e finais do voleibol adaptado. De acordo com o \u00faltimo boletim divulgado pelo comit\u00ea organizador, S\u00e3o Jos\u00e9 dos Campos aparece em primeiro lugar com 120 pontos, seguido por Suzano com 92 e Po\u00e1, 71.<\/p>\n<p>Nesta segunda semana de competi\u00e7\u00e3o, a delega\u00e7\u00e3o joseense conquistou a medalha de ouro em tr\u00eas modalidades, garantindo presen\u00e7a na fase final: malha, bocha e domin\u00f3 masculino. Nesta sexta (6) acontecem as competi\u00e7\u00f5es de damas e xadrez na cidade de Aruj\u00e1.<\/p>\n<p>At\u00e9 o momento, S\u00e3o Jos\u00e9 j\u00e1 est\u00e1 garantido na fase final nas modalidades de atletismo, bocha, basquete 3&#215;3 feminino categoria A e B, dan\u00e7a de sal\u00e3o categoria A, nata\u00e7\u00e3o, malha, t\u00eanis de campo, t\u00eanis de mesa e domin\u00f3 masculino.<\/p>\n<p>Para a final estadual dos jogos, que est\u00e1 prevista para acontecer em setembro, em S\u00e3o Jo\u00e3o da Boa Vista, classificam-se os 3 primeiros colocados em cada modalidade, categoria e sexo de cada regi\u00e3o.<\/p>\n<p><sub>A bocha joseense tamb\u00e9m garantiu a medalha de ouro<\/sub><\/p>\n<p><span class=\"intertitulo\"><strong>Sem sede<\/strong><\/span><\/p>\n<p>A novidade desta 27\u00aa edi\u00e7\u00e3o do JOMI, que come\u00e7ou no dia 23 de maio, \u00e9 que a competi\u00e7\u00e3o n\u00e3o tem uma sede fixa e est\u00e1 sendo realizada em seis cidades diferentes: Pindamonhangaba, Taubat\u00e9, Suzano, Aruj\u00e1, Campos do Jord\u00e3o e S\u00e3o Sebasti\u00e3o.<\/p>\n<p>Com uma delega\u00e7\u00e3o de 134 atletas, S\u00e3o Jos\u00e9 busca este ano o 13\u00ba t\u00edtulo regional, alcan\u00e7ado nas \u00faltimas 5 edi\u00e7\u00f5es consecutivas \u2013 2018, 2019, 2022, 2023 e 2024 (em 2020 e 2021 os jogos n\u00e3o foram realizados devido \u00e0 pandemia de Covid-19).<\/p>\n<p>&#13;<br \/>\n                        <strong>MAIS NOT\u00cdCIAS<\/strong><br \/>&#13;<br \/>\n                        Secretaria de Esporte e Qualidade de Vida&#13;\n                    <\/p>\n<\/p><\/div>\n","protected":false},"excerpt":{"rendered":"<p>Nei Jos\u00e9 Sant&#8217;Anna&#13; &#13; Secretaria de Esporte e Qualidade de Vida A fase regional dos Jogos da Melhor Idade termina<\/p>\n","protected":false},"author":1,"featured_media":0,"comment_status":"","ping_status":"","sticky":false,"template":"","format":"standard","meta":{"colormag_page_container_layout":"default_layout","colormag_page_sidebar_layout":"default_layout","footnotes":""},"categories":[1],"tags":[],"class_list":["post-52396","post","type-post","status-publish","format-standard","hentry","category-sem-categoria"],"_links":{"self":[{"href":"https:\/\/euvivoaselecao.com.br\/index.php\/wp-json\/wp\/v2\/posts\/52396","targetHints":{"allow":["GET"]}}],"collection":[{"href":"https:\/\/euvivoaselecao.com.br\/index.php\/wp-json\/wp\/v2\/posts"}],"about":[{"href":"https:\/\/euvivoaselecao.com.br\/index.php\/wp-json\/wp\/v2\/types\/post"}],"author":[{"embeddable":true,"href":"https:\/\/euvivoaselecao.com.br\/index.php\/wp-json\/wp\/v2\/users\/1"}],"replies":[{"embeddable":true,"href":"https:\/\/euvivoaselecao.com.br\/index.php\/wp-json\/wp\/v2\/comments?post=52396"}],"version-history":[{"count":0,"href":"https:\/\/euvivoaselecao.com.br\/index.php\/wp-json\/wp\/v2\/posts\/52396\/revisions"}],"wp:attachment":[{"href":"https:\/\/euvivoaselecao.com.br\/index.php\/wp-json\/wp\/v2\/media?parent=52396"}],"wp:term":[{"taxonomy":"category","embeddable":true,"href":"https:\/\/euvivoaselecao.com.br\/index.php\/wp-json\/wp\/v2\/categories?post=52396"},{"taxonomy":"post_tag","embeddable":true,"href":"https:\/\/euvivoaselecao.com.br\/index.php\/wp-json\/wp\/v2\/tags?post=52396"}],"curies":[{"name":"wp","href":"https:\/\/api.w.org\/{rel}","templated":true}]}}