{"id":52401,"date":"2025-06-08T20:26:59","date_gmt":"2025-06-08T23:26:59","guid":{"rendered":"https:\/\/euvivoaselecao.com.br\/index.php\/2025\/06\/08\/brasil-perde-em-ultimo-compromisso-no-rio-pela-liga-das-nacoes\/"},"modified":"2025-06-08T20:26:59","modified_gmt":"2025-06-08T23:26:59","slug":"brasil-perde-em-ultimo-compromisso-no-rio-pela-liga-das-nacoes","status":"publish","type":"post","link":"https:\/\/euvivoaselecao.com.br\/index.php\/2025\/06\/08\/brasil-perde-em-ultimo-compromisso-no-rio-pela-liga-das-nacoes\/","title":{"rendered":"Brasil perde em \u00faltimo compromisso no Rio pela Liga das Na\u00e7\u00f5es"},"content":{"rendered":"<p><\/p>\n<div wp_automatic_readability=\"36.762405137186\">\n<p>O apoio da torcida que marcou presen\u00e7a no gin\u00e1sio do Maracan\u00e3zinho, no Rio de Janeiro, n\u00e3o foi suficiente para que o Brasil evitasse o seu primeiro rev\u00e9s na atual edi\u00e7\u00e3o da Liga das Na\u00e7\u00f5es de V\u00f4lei (VNL) feminina. Isto porque, jogando neste domingo (7), a equipe comandada pelo t\u00e9cnico Jos\u00e9 Roberto Guimar\u00e3es foi superada por 3 sets a 0 (parciais de 25\/22, 25\/18 e 29\/27) pela It\u00e1lia.<\/p>\n<p>Ap\u00f3s este resultado, no \u00faltimo compromisso da etapa sediada no Rio de Janeiro, a sele\u00e7\u00e3o brasileira ocupa a quinta posi\u00e7\u00e3o da fase preliminar da competi\u00e7\u00e3o com oito pontos, quatro a menos do que o l\u00edder Jap\u00e3o.<\/p>\n<blockquote class=\"twitter-tweet\" wp_automatic_readability=\"13.367841409692\">\n<p dir=\"ltr\" lang=\"pt\" xml:lang=\"pt\">Que venha a segunda semana! \ud83c\udde7\ud83c\uddf7\u23e9\ufe0f<br \/>Ap\u00f3s tr\u00eas vit\u00f3rias seguidas, o Brasil foi superado pela atual campe\u00e3 ol\u00edmpica, It\u00e1lia, por 3 sets a 0, neste domingo, no Maracan\u00e3zinho.<br \/>Ana Cristina foi a maior pontuadora do jogo.<\/p>\n<p><strong>Ancelotti testa mudan\u00e7as no ataque da sele\u00e7\u00e3o brasileira<\/strong><\/p>\n<p><strong>Tiro com arco: Marcus D\u2019Almeida vence etapa turca da Copa do Mundo<\/strong><\/p>\n<p>\ud83d\udcf7 Mauricio Val\/FV Imagem\/CBV <a href=\"https:\/\/t.co\/S9c1U3FAmn\" target=\"_blank\">pic.twitter.com\/S9c1U3FAmn<\/a><\/p>\n<p>\u2014 V\u00f4lei Brasil (@volei) <a href=\"https:\/\/twitter.com\/volei\/status\/1931722403157012743?ref_src=twsrc%5Etfw\" target=\"_blank\" rel=\"noopener\">June 8, 2025<\/a><\/p>\n<\/blockquote>\n<p>Apesar do rev\u00e9s, o Brasil teve a maior pontuadora da partida. E o destaque brasileiro no confronto foi mais uma vez a ponteira Ana Cristina, com 16 pontos (13 de ataque, 1 de bloqueio e 2 de saque).<\/p>\n<p>O Brasil volta a entrar em a\u00e7\u00e3o pela VNL feminina apenas no dia 18 de junho, quando mede for\u00e7as com a B\u00e9lgica a partir das 10h (hor\u00e1rio de Bras\u00edlia) em Istambul (Turquia) em seu primeiro compromisso pela segunda semana de disputas da competi\u00e7\u00e3o.<\/p>\n<p><strong>Gripe: S\u00e3o Paulo inicia vacina\u00e7\u00e3o em esta\u00e7\u00f5es e terminais na segunda<\/strong><\/p>\n<p><strong>ONG desenvolve t\u00e9cnicas inovadoras de preven\u00e7\u00e3o e combate ao fogo<\/strong><\/p>\n<\/div>\n<p><script async src=\"\/\/platform.twitter.com\/widgets.js\" charset=\"utf-8\"><\/script><\/p>\n","protected":false},"excerpt":{"rendered":"<p>O apoio da torcida que marcou presen\u00e7a no gin\u00e1sio do Maracan\u00e3zinho, no Rio de Janeiro, n\u00e3o foi suficiente para que<\/p>\n","protected":false},"author":2,"featured_media":0,"comment_status":"","ping_status":"","sticky":false,"template":"","format":"standard","meta":{"colormag_page_container_layout":"default_layout","colormag_page_sidebar_layout":"default_layout","footnotes":""},"categories":[],"tags":[],"class_list":["post-52401","post","type-post","status-publish","format-standard","hentry"],"_links":{"self":[{"href":"https:\/\/euvivoaselecao.com.br\/index.php\/wp-json\/wp\/v2\/posts\/52401","targetHints":{"allow":["GET"]}}],"collection":[{"href":"https:\/\/euvivoaselecao.com.br\/index.php\/wp-json\/wp\/v2\/posts"}],"about":[{"href":"https:\/\/euvivoaselecao.com.br\/index.php\/wp-json\/wp\/v2\/types\/post"}],"author":[{"embeddable":true,"href":"https:\/\/euvivoaselecao.com.br\/index.php\/wp-json\/wp\/v2\/users\/2"}],"replies":[{"embeddable":true,"href":"https:\/\/euvivoaselecao.com.br\/index.php\/wp-json\/wp\/v2\/comments?post=52401"}],"version-history":[{"count":0,"href":"https:\/\/euvivoaselecao.com.br\/index.php\/wp-json\/wp\/v2\/posts\/52401\/revisions"}],"wp:attachment":[{"href":"https:\/\/euvivoaselecao.com.br\/index.php\/wp-json\/wp\/v2\/media?parent=52401"}],"wp:term":[{"taxonomy":"category","embeddable":true,"href":"https:\/\/euvivoaselecao.com.br\/index.php\/wp-json\/wp\/v2\/categories?post=52401"},{"taxonomy":"post_tag","embeddable":true,"href":"https:\/\/euvivoaselecao.com.br\/index.php\/wp-json\/wp\/v2\/tags?post=52401"}],"curies":[{"name":"wp","href":"https:\/\/api.w.org\/{rel}","templated":true}]}}