{"id":52457,"date":"2025-06-09T11:50:36","date_gmt":"2025-06-09T14:50:36","guid":{"rendered":"https:\/\/euvivoaselecao.com.br\/index.php\/2025\/06\/09\/fernando-diniz-completa-1-mes-como-tecnico-do-vasco-veja-o-que-mudou\/"},"modified":"2025-06-09T11:50:36","modified_gmt":"2025-06-09T14:50:36","slug":"fernando-diniz-completa-1-mes-como-tecnico-do-vasco-veja-o-que-mudou","status":"publish","type":"post","link":"https:\/\/euvivoaselecao.com.br\/index.php\/2025\/06\/09\/fernando-diniz-completa-1-mes-como-tecnico-do-vasco-veja-o-que-mudou\/","title":{"rendered":"Fernando Diniz completa 1 m\u00eas como t\u00e9cnico do Vasco; veja o que mudou"},"content":{"rendered":"<p><\/p>\n<div>Anunciado no dia 9 de maio, Fernando Diniz completa nesta segunda-feira um m\u00eas no cargo de treinador do Vasco. O treinador chegou ao clube com a miss\u00e3o de resgatar a confian\u00e7a do elenco e com total respaldo da gest\u00e3o de Pedrinho, que v\u00ea Diniz como o nome ideal para a condu\u00e7\u00e3o do projeto esportivo vasca\u00edno.<\/p>\n<p>A segunda passagem do treinador pela Colina Hist\u00f3rica conta at\u00e9 aqui com seis jogos. Os primeiros 30 dias foram marcados por duas vit\u00f3rias empolgantes por 3 a 0, uma classifica\u00e7\u00e3o no sufoco nos p\u00eanaltis na Copa do Brasil e trope\u00e7os no Brasileiro.\n<\/p>\n<p>Mas como foi este in\u00edcio de trabalho do treinador? O ge relembra os principais epis\u00f3dios e traz as primeiras mudan\u00e7as vistas dentro e fora de campo nestes 30 dias de Diniz no Vasco.\n<\/p>\n<p>Panorama em campo\n<\/p>\n<p><b>Sul-Americana<\/b>\n<\/p>\n<p>Com apenas um dia de atividade com o grupo, Diniz fez sua estreia com o Vasco j\u00e1 com a dura miss\u00e3o de vencer o Lan\u00fas na Argentina para ainda ter chances de brigar pela lideran\u00e7a do Grupo G e, consequentemente, sonhar com uma vaga direta \u00e0s oitavas de final da Copa Sul-Americana. O primeiro jogo, por\u00e9m, terminou com derrota por 1 a 0.\n<\/p>\n<p>O treinador voltaria a jogar pela competi\u00e7\u00e3o diante do Melgar em disputa direta pela segunda posi\u00e7\u00e3o do grupo. Em S\u00e3o Janu\u00e1rio, o Vasco respondeu bem \u00e0 press\u00e3o, liquidou a fatura ainda no primeiro tempo, com 3 a 0 no placar, e garantiu a vit\u00f3ria tranquila. O time terminou a fase de grupos com a vice-lideran\u00e7a e avan\u00e7ou aos playoffs da Sul-Americana para enfrentar o Independiente del Valle. Os jogos est\u00e3o marcados para os dias 15 e 27 de julho.\n<\/p>\n<p><b>Brasileir\u00e3o<\/b>\n<\/p>\n<p>Quatro dias ap\u00f3s o rev\u00e9s na estreia contra o Lan\u00fas na Argentina, Diniz faria o seu primeiro jogo no Brasileir\u00e3o com o Vasco, com uma resposta bastante positiva ao torcedor. Contra o Fortaleza, a equipe fez sua melhor exibi\u00e7\u00e3o no ano e venceu por 3 a 0, em S\u00e3o Janu\u00e1rio.\n<\/p>\n<p>A vit\u00f3ria, por\u00e9m, \u00e9 a \u00fanica de Diniz com o Vasco na competi\u00e7\u00e3o at\u00e9 aqui. De l\u00e1 para c\u00e1, a equipe amargaria duas derrotas consecutivas: contra o Fluminense, de virada, no Maracan\u00e3; e a mais recente diante do Bragantino, no \u00faltimo jogo antes da pausa para a Data Fifa.\n<\/p>\n<p>Com os trope\u00e7os, a equipe ocupa somente a 15\u00aa posi\u00e7\u00e3o, com dez pontos \u2013 mesma pontua\u00e7\u00e3o do Fortaleza, primeiro time na zona de rebaixamento. O pr\u00f3ximo jogo pela competi\u00e7\u00e3o ser\u00e1 nesta quinta-feira, contra o S\u00e3o Paulo, no Morumbis, pela 12\u00aa rodada.\n<\/p>\n<p><b>Copa do Brasil<\/b>\n<\/p>\n<p>Na Copa do Brasil, o treinador experimentaria uma classifica\u00e7\u00e3o com altas doses de emo\u00e7\u00e3o. O time fez um bom primeiro tempo, com as digitais do treinador: posse de bola e marca\u00e7\u00e3o com press\u00e3o no campo ofensivo. O time desceu para o vesti\u00e1rio com a vit\u00f3ria parcial de 1 a 0, depois de Rayan marcar. O resultado seria o suficiente para a classifica\u00e7\u00e3o, depois do empate na ida, em Ponta Grossa\n<\/p>\n<p>Na segunda etapa, no entanto, o time caiu de produ\u00e7\u00e3o e viu os paranaenses empatarem com gol no \u00faltimo minuto. Nos p\u00eanaltis, a estrela de L\u00e9o Jardim salvou o Vasco, com tr\u00eas cobran\u00e7as defendidas, e permitiu a classifica\u00e7\u00e3o vasca\u00edna \u00e0s oitavas de final\n<\/p>\n<p>Agora, a equipe enfrentar\u00e1 o CSA na pr\u00f3xima fase. O jogo de ida ser\u00e1 com mando alagoano, enquanto a partida de volta ser\u00e1 no Rio de Janeiro. Ainda n\u00e3o h\u00e1 datas definidas para os confrontos.\n<\/p>\n<p>Mudan\u00e7as no time\n<\/p>\n<p>As principais digitais da filosofia de Diniz v\u00eam aparecendo aos poucos. O t\u00e9cnico valoriza a posse de bola e associa\u00e7\u00f5es com passes curtos. Nos primeiros jogos, foi poss\u00edvel ver Rayan e Nuno Moreira flutuando com mais liberdade e, muitas vezes, juntos no mesmo lado para garantir superioridade num\u00e9rica ao Vasco no setor ofensivo.\n<\/p>\n<p>Em rela\u00e7\u00e3o \u00e0s pe\u00e7as, Luiz Gustavo chegou a ganhar espa\u00e7o na zaga nas primeiras partidas de Fernando Diniz. O jovem zagueiro foi titular nos quatro primeiros jogos do treinador, mas depois perdeu a vaga para Lucas Freitas, que iniciou os \u00faltimos dois compromissos contra Melgar e Bragantino. Diniz \u00e9 conhecido por manter a base titular do time e fazer poucas altera\u00e7\u00f5es de jogo para jogo.\n<\/p>\n<p>Assim como em outros trabalhos, o treinador tamb\u00e9m recuou em algumas oportunidades algum dos volantes para a zaga durante a partida para ganhar ofensividade e mobilidade no meio-campo. Contra o Lan\u00fas, Hugo Moura foi o escolhido, por exemplo. Mateus Carvalho tamb\u00e9m foi recuado para a defesa na \u00faltima partida diante do Bragantino.\n<\/p>\n<p>Papel fora de campo\n<\/p>\n<p><b>Lobby por Jair<\/b>\n<\/p>\n<p>Fora de campo, a vida do treinador tamb\u00e9m foi agitada no primeiro m\u00eas na Colina, Diniz fez lobby pela perman\u00eancia de Jair, que chegou a ficar fora da rela\u00e7\u00e3o para tr\u00eas partidas do Brasileir\u00e3o para n\u00e3o estourar o limite de sete jogos e poder ser negociado e defender outra equipe da S\u00e9rie A.\n<\/p>\n<p>Assim, a comiss\u00e3o t\u00e9cnica de Diniz utilizou o jogador como titular nos jogos da Copa do Brasil e Sul-Americana. Em mais de uma oportunidade, o treinador externou a vontade de contar com o jogador para o restante do ano.\n<\/p>\n<p>\u2014 O Jair eu pretendo dar sequ\u00eancia. Minha inten\u00e7\u00e3o \u00e9 incorpor\u00e1-lo definitivamente. \u00c9 um jogador que eu gosto, tem o desejo de ficar tamb\u00e9m. Na minha cabe\u00e7a ele far\u00e1 parte de todas as competi\u00e7\u00f5es a partir de agora \u2013 afirmou em coletiva de imprensa ap\u00f3s vit\u00f3ria contra o Melgar.\n<\/p>\n<p>Ap\u00f3s a manifesta\u00e7\u00e3o do treinador, Jair voltou aos planos do Vasco para 2025 e foi titular contra o Bragantino, na \u00faltima rodada do Brasileir\u00e3o.\n<\/p>\n<p><b>Pedido para n\u00e3o vender Rayan<\/b>\n<\/p>\n<p><center><\/p>\n<p><iframe class=\"embed-responsive-item\" allowfullscreen=\"\" src=\"https:\/\/s.videos.globo.com\/p3\/amp\/index.html?videosids=13644179\"><\/iframe><\/p>\n<p>Broncas e estilo \u201cpaiz\u00e3o\u201d: o que o elenco do Vasco tem a dizer sobre o in\u00edcio do trabalho<\/p>\n<p><\/center><\/p>\n<p>A rela\u00e7\u00e3o com Rayan tamb\u00e9m merece um cap\u00edtulo \u00e0 parte nestes primeiros 30 dias do treinador em S\u00e3o Janu\u00e1rio. Desde as primeiras atividades no clube, Diniz demonstra uma aten\u00e7\u00e3o especial e uma rela\u00e7\u00e3o de carinho com o jovem atacante, que vem crescendo de produ\u00e7\u00e3o com o treinador.\n<\/p>\n<p>A cada coletiva de imprensa, Diniz separa um momento para elogiar o atacante e afirmar que enxerga potencial alt\u00edssimo no jogador de 18 anos. Contra o Melgar, o comandante pediu para que o Vasco n\u00e3o venda Rayan na pr\u00f3xima janela de transfer\u00eancias, por se tratar de um jogador \u201cimperd\u00edvel\u201d e por fazer parte do que projeta para a temporada do clube.\n<\/p>\n<p>\u2014 O Rayan \u00e9 imperd\u00edvel. Vender o Rayan agora \u00e9 vender por um valor muito menor do que ele vai valer. Voc\u00ea n\u00e3o contrata outro Rayan. Ele estava muito abaixo do que pode render. Esse Rayan, pra mim, \u00e9 s\u00f3 um inicio do que eu sinto. Tive uma conex\u00e3o muito r\u00e1pida. \u00c9 um jogador quer vai deixar muita saudade quando ele sair, mas n\u00e3o pode ser agora. Temos que arrumar outra alternativas. Ele \u00e9 insubstitu\u00edvel. N\u00e3o tem outro Rayan. Aquele outro Rayan jogava muito abaixo do que poderia. Ele faz parte do que projeto para o Vasco \u2014disse Diniz.\n<\/p>\n<p><b>Rela\u00e7\u00e3o com Loide<\/b>\n<\/p>\n<p><center><\/p>\n<p><iframe class=\"embed-responsive-item\" allowfullscreen=\"\" src=\"https:\/\/s.videos.globo.com\/p3\/amp\/index.html?videosids=13615535\"><\/iframe><\/p>\n<p>Fernando Diniz se irrita com Loide Augusto, que ignora chamados e provoca o treinador<\/p>\n<p><\/center><\/p>\n<p>Loide foi um dos personagens da classifica\u00e7\u00e3o do Vasco contra o Oper\u00e1rio nos p\u00eanaltis. O atacante angolano converteu o \u00faltimo p\u00eanalti da equipe nas alternadas, mas chamou a aten\u00e7\u00e3o em S\u00e3o Janu\u00e1rio depois de \u201cprovocar\u201d Fernando Diniz e ser vaiado por torcedores durante a partida. (Relembre no v\u00eddeo).\n<\/p>\n<p>Depois do jogo contra o Oper\u00e1rio, Diniz teve longas conversas com Loide para corrigir este problema. O t\u00e9cnico do Vasco tem confian\u00e7a de que poder\u00e1 aproveitar o atacante e de que ele ser\u00e1 importante para o time ao longo da temporada. Nos bastidores da classifica\u00e7\u00e3o, foi poss\u00edvel ver um longo abra\u00e7o entre os dois no vesti\u00e1rio.\n<\/p>\n<p><center><\/p>\n<p><iframe class=\"embed-responsive-item\" allowfullscreen=\"\" src=\"https:\/\/s.videos.globo.com\/p3\/amp\/index.html?videosids=13618866\"><\/iframe><\/p>\n<p>Veja o abra\u00e7o do Loide com o Fernando Diniz ap\u00f3s a classifica\u00e7\u00e3o do Vasco<\/p>\n<p><\/center><\/p>\n<p>Em conversa com o presidente Pedrinho, Diniz afirmou que contar\u00e1 com Loide e que o atacante pode ajudar bastante o Vasco. Desde o in\u00edcio de seu trabalho, o angolano \u00e9 um dos jogadores em que ele deposita um olhar mais cuidadoso.\n<\/p>\n<p>Base\n<\/p>\n<p>Fernando Diniz tamb\u00e9m vem utilizando o per\u00edodo sem jogos para conhecer os garotos das categorias de base que podem ser aproveitados. Alguns jovens iniciaram um per\u00edodo de atividades com o grupo principal na \u00faltima semana no CT Moacyr Barbosa.\n<\/p>\n<p>Phillipe Gabriel, GB, Paulinho Silva, Lyncon, Euder, Zuccarello e Ramon Rique vem participando de atividades com Diniz nos \u00faltimos dias.\n<\/p>\n<p>Quem tamb\u00e9m voltou a figurar nos treinos do grupo principal foi Riquelme. O lateral vinha treinando separado do elenco e foi reintegrado para observa\u00e7\u00f5es di\u00e1ria de Fernando Diniz, com quem j\u00e1 trabalhou no Vasco e foi uma esp\u00e9cie de xod\u00f3 do treinador, em sua primeira passagem em 2021.\n<\/p>\n<p>Fonte: ge<\/p>\n<\/div>\n<p><script async defer crossorigin=\"anonymous\" src=\"https:\/\/connect.facebook.net\/pt_BR\/sdk.js#xfbml=1&amp;version=v12.0&amp;appId=114327694422&amp;autoLogAppEvents=1\" nonce=\"4kp7RAsD\"><\/script><\/p>\n","protected":false},"excerpt":{"rendered":"<p>Anunciado no dia 9 de maio, Fernando Diniz completa nesta segunda-feira um m\u00eas no cargo de treinador do Vasco. O<\/p>\n","protected":false},"author":1,"featured_media":0,"comment_status":"","ping_status":"","sticky":false,"template":"","format":"standard","meta":{"colormag_page_container_layout":"default_layout","colormag_page_sidebar_layout":"default_layout","footnotes":""},"categories":[1],"tags":[],"class_list":["post-52457","post","type-post","status-publish","format-standard","hentry","category-sem-categoria"],"_links":{"self":[{"href":"https:\/\/euvivoaselecao.com.br\/index.php\/wp-json\/wp\/v2\/posts\/52457","targetHints":{"allow":["GET"]}}],"collection":[{"href":"https:\/\/euvivoaselecao.com.br\/index.php\/wp-json\/wp\/v2\/posts"}],"about":[{"href":"https:\/\/euvivoaselecao.com.br\/index.php\/wp-json\/wp\/v2\/types\/post"}],"author":[{"embeddable":true,"href":"https:\/\/euvivoaselecao.com.br\/index.php\/wp-json\/wp\/v2\/users\/1"}],"replies":[{"embeddable":true,"href":"https:\/\/euvivoaselecao.com.br\/index.php\/wp-json\/wp\/v2\/comments?post=52457"}],"version-history":[{"count":0,"href":"https:\/\/euvivoaselecao.com.br\/index.php\/wp-json\/wp\/v2\/posts\/52457\/revisions"}],"wp:attachment":[{"href":"https:\/\/euvivoaselecao.com.br\/index.php\/wp-json\/wp\/v2\/media?parent=52457"}],"wp:term":[{"taxonomy":"category","embeddable":true,"href":"https:\/\/euvivoaselecao.com.br\/index.php\/wp-json\/wp\/v2\/categories?post=52457"},{"taxonomy":"post_tag","embeddable":true,"href":"https:\/\/euvivoaselecao.com.br\/index.php\/wp-json\/wp\/v2\/tags?post=52457"}],"curies":[{"name":"wp","href":"https:\/\/api.w.org\/{rel}","templated":true}]}}