{"id":52458,"date":"2025-06-09T11:51:58","date_gmt":"2025-06-09T14:51:58","guid":{"rendered":"https:\/\/euvivoaselecao.com.br\/index.php\/2025\/06\/09\/morre-segunda-vitima-de-explosao-em-posto-de-gasolina-no-centro-do-rio\/"},"modified":"2025-06-09T11:51:58","modified_gmt":"2025-06-09T14:51:58","slug":"morre-segunda-vitima-de-explosao-em-posto-de-gasolina-no-centro-do-rio","status":"publish","type":"post","link":"https:\/\/euvivoaselecao.com.br\/index.php\/2025\/06\/09\/morre-segunda-vitima-de-explosao-em-posto-de-gasolina-no-centro-do-rio\/","title":{"rendered":"Morre segunda v\u00edtima de explos\u00e3o em posto de gasolina no centro do Rio"},"content":{"rendered":"<p><\/p>\n<div wp_automatic_readability=\"33.628282828283\">\n<p>Morreu nesse domingo (8) a segunda v\u00edtima da explos\u00e3o em um posto de gasolina na Pra\u00e7a da Cruz Vermelha, no centro do Rio de Janeiro. A dire\u00e7\u00e3o do Hospital Municipal Souza Aguiar informou que o frentista Paulo dos Santos, de 61 anos, n\u00e3o resistiu aos graves ferimentos. Guaraci Ferreira Costa, de 64 anos, morreu no s\u00e1bado (7).\u00a0<\/p>\n<p><strong>O acidente ocorreu na madrugada de\u00a0s\u00e1bado,\u00a0durante o abastecimento do cilindro de um ve\u00edculo com g\u00e1s natural veicular (GNV).<\/strong><\/p>\n<p>O Sindicato da Ind\u00fastria de Repara\u00e7\u00e3o de Ve\u00edculos e Acess\u00f3rios de estado do Rio de Janeiro (Sindirepa) publicou nota afirmando que o epis\u00f3dio, embora grave, n\u00e3o representa a realidade do GNV no Brasil.<\/p>\n<p><strong>Governo brasileiro pede liberta\u00e7\u00e3o de ativistas detidos em Gaza<\/strong><\/p>\n<p><strong>PMs envolvidos em a\u00e7\u00e3o durante festa no Rio s\u00e3o afastados<\/strong><\/p>\n<blockquote wp_automatic_readability=\"9\">\n<p>\u201cO g\u00e1s natural veicular \u00e9 uma fonte de energia segura, sustent\u00e1vel e respons\u00e1vel por sustentar milh\u00f5es de fam\u00edlias no Brasil. Quando instalado e utilizado dentro das normas t\u00e9cnicas e legais, o GNV oferece total confiabilidade\u201d.<\/p>\n<\/blockquote>\n<p><strong>O Sindirepa pediu refor\u00e7o na fiscaliza\u00e7\u00e3o dos locais que instalam kits GNV de maneira ilegal e anunciou uma reuni\u00e3o na pr\u00f3xima quinta-feira (12) com autoridades e representantes do setor para tratar da quest\u00e3o.<\/strong><\/p>\n<p>&gt;&gt; Siga o canal da <strong>Ag\u00eancia Brasil <\/strong>no WhatsApp<\/p>\n<p>\u00a0<\/p>\n<p><strong>Lula diz que Brasil ratificar\u00e1 Tratado do Alto Mar ainda este ano<\/strong><\/p>\n<p><strong>Exposi\u00e7\u00e3o lembra atua\u00e7\u00e3o do MPF em defesa dos direitos LGBTQIA+<\/strong><\/p>\n<\/div>\n","protected":false},"excerpt":{"rendered":"<p>Morreu nesse domingo (8) a segunda v\u00edtima da explos\u00e3o em um posto de gasolina na Pra\u00e7a da Cruz Vermelha, no<\/p>\n","protected":false},"author":2,"featured_media":0,"comment_status":"","ping_status":"","sticky":false,"template":"","format":"standard","meta":{"colormag_page_container_layout":"default_layout","colormag_page_sidebar_layout":"default_layout","footnotes":""},"categories":[],"tags":[],"class_list":["post-52458","post","type-post","status-publish","format-standard","hentry"],"_links":{"self":[{"href":"https:\/\/euvivoaselecao.com.br\/index.php\/wp-json\/wp\/v2\/posts\/52458","targetHints":{"allow":["GET"]}}],"collection":[{"href":"https:\/\/euvivoaselecao.com.br\/index.php\/wp-json\/wp\/v2\/posts"}],"about":[{"href":"https:\/\/euvivoaselecao.com.br\/index.php\/wp-json\/wp\/v2\/types\/post"}],"author":[{"embeddable":true,"href":"https:\/\/euvivoaselecao.com.br\/index.php\/wp-json\/wp\/v2\/users\/2"}],"replies":[{"embeddable":true,"href":"https:\/\/euvivoaselecao.com.br\/index.php\/wp-json\/wp\/v2\/comments?post=52458"}],"version-history":[{"count":0,"href":"https:\/\/euvivoaselecao.com.br\/index.php\/wp-json\/wp\/v2\/posts\/52458\/revisions"}],"wp:attachment":[{"href":"https:\/\/euvivoaselecao.com.br\/index.php\/wp-json\/wp\/v2\/media?parent=52458"}],"wp:term":[{"taxonomy":"category","embeddable":true,"href":"https:\/\/euvivoaselecao.com.br\/index.php\/wp-json\/wp\/v2\/categories?post=52458"},{"taxonomy":"post_tag","embeddable":true,"href":"https:\/\/euvivoaselecao.com.br\/index.php\/wp-json\/wp\/v2\/tags?post=52458"}],"curies":[{"name":"wp","href":"https:\/\/api.w.org\/{rel}","templated":true}]}}