{"id":52460,"date":"2025-06-09T12:31:40","date_gmt":"2025-06-09T15:31:40","guid":{"rendered":"https:\/\/euvivoaselecao.com.br\/index.php\/2025\/06\/09\/agencia-minas-gerais-fundacao-ezequiel-dias-automatiza-processos-e-agiliza-liberacao-de-resultados-de-exames\/"},"modified":"2025-06-09T12:31:40","modified_gmt":"2025-06-09T15:31:40","slug":"agencia-minas-gerais-fundacao-ezequiel-dias-automatiza-processos-e-agiliza-liberacao-de-resultados-de-exames","status":"publish","type":"post","link":"https:\/\/euvivoaselecao.com.br\/index.php\/2025\/06\/09\/agencia-minas-gerais-fundacao-ezequiel-dias-automatiza-processos-e-agiliza-liberacao-de-resultados-de-exames\/","title":{"rendered":"Ag\u00eancia Minas Gerais | Funda\u00e7\u00e3o Ezequiel Dias automatiza processos e agiliza libera\u00e7\u00e3o de resultados de exames"},"content":{"rendered":"<p><\/p>\n<div>\n<p>A Funda\u00e7\u00e3o Ezequiel Dias (Funed) deu um passo decisivo para a moderniza\u00e7\u00e3o de an\u00e1lises laboratoriais de vigil\u00e2ncia epidemiol\u00f3gica,\u00a0por meio da completa implementa\u00e7\u00e3o do Sistema de Informa\u00e7\u00e3o Laboratorial (LIS). Agora, as informa\u00e7\u00f5es do Gerenciador de Ambiente Laboratorial (GAL), sistema oficial do Minist\u00e9rio da Sa\u00fade, presente em todo o territ\u00f3rio nacional, est\u00e3o\u00a0incorporadas ao LIS da Funed.<\/p>\n<p>A mudan\u00e7a permite o gerenciamento e automatiza\u00e7\u00e3o de processos e dados dos exames para o controle de doen\u00e7as realizados no Instituto Oct\u00e1vio Magalh\u00e3es (IOM), o Laborat\u00f3rio Central de Sa\u00fade P\u00fablica de Minas Gerais (Lacen-MG).<\/p>\n<p>De acordo com o presidente da Funed, Felipe Atti\u00ea, trata-se de uma demanda importante dos servidores da funda\u00e7\u00e3o, uma vez que facilita processos internos.<\/p>\n<p>O presidente da Funed destaca que o Lacen-MG\u00a0\u00e9 pioneiro a fazer uso dessa tecnologia, que transcorreu de forma transparente por meio de um preg\u00e3o, iniciado em dezembro de 2023, por determina\u00e7\u00e3o da atual gest\u00e3o.<\/p>\n<p>Como resultado desse preg\u00e3o, foi contratado, na modalidade SaaS (software as a servisse), o\u00a0software Korus, da empresa\u00a0Pixeon.<\/p>\n<p>\u201c\u00c9 indispens\u00e1vel modernizar processos no gerenciamento de dados e utilizarmos a tecnologia a nosso favor. Vejo como uma conquista dessa gest\u00e3o, fruto de um trabalho coletivo e bem coordenado. Dessa forma, ser\u00e1 poss\u00edvel liberar resultados mais rapidamente. Isso ter\u00e1 impacto direto na sa\u00fade p\u00fablica mineira e na vida da popula\u00e7\u00e3o usu\u00e1ria do Sistema \u00danico de Sa\u00fade (SUS)\u201d, refor\u00e7a Atti\u00ea.<\/p>\n<p>\u201cO que era feito de forma manual, por meio de planilhas, pode agora ser emitido a partir de relat\u00f3rios gerados pelo pr\u00f3prio sistema. A expectativa \u00e9\u00a0otimizar a gest\u00e3o de indicadores, evitando assim repeti\u00e7\u00f5es, perdas e demora no tempo de libera\u00e7\u00e3o\u201d, ressalta assessor da funda\u00e7\u00e3o, Hyllo Baeta.<\/p>\n<p>De acordo com a coordenadora da Divis\u00e3o de Epidemiologia e Controle de Doen\u00e7as (DECD) da Funed, Josiane Moura, o LIS permite o gerenciamento de informa\u00e7\u00f5es em todas as etapas das an\u00e1lises, abrangendo desde as\u00a0fases pr\u00e9-anal\u00edtica e anal\u00edtica, at\u00e9 a p\u00f3s-anal\u00edtica dos exames laboratoriais.<\/p>\n<p>\u201cOs laborat\u00f3rios p\u00fablicos utilizam o sistema GAL para o cadastro das amostras, entrada de pacientes e libera\u00e7\u00e3o dos laudos. No entanto, o GAL nem sempre permite\u00a0rastreamento e automatiza\u00e7\u00e3o das etapas do processo anal\u00edtico, e realizar essas tarefas de forma manual aumenta o risco de erros e o tempo de libera\u00e7\u00e3o dos resultados de exames. Ou seja, o LIS traz uma mudan\u00e7a positiva nos processos da DECD\u201d, analisa Josiane.<\/p>\n<p>Segundo o Diretor do IOM, Glauco Pereira, os sistemas GAL e LIS funcionar\u00e3o de maneira simult\u00e2nea e integrada. Os\u00a0profissionais de sa\u00fade externos continuar\u00e3o inserindo dados das amostras dos pacientes no GAL, e continuar\u00e1 sendo poss\u00edvel a busca dos resultados dos exames tamb\u00e9m nesse sistema.\u00a0<\/p>\n<p>\u201c\u00c9 importante destacar que a integra\u00e7\u00e3o entre os sistemas n\u00e3o \u00e9 um processo simples e, para que as dificuldades fossem superadas, contamos com a dedica\u00e7\u00e3o exaustiva da equipe da\u00a0Divis\u00e3o de Tecnologia da Informa\u00e7\u00e3o (DTI) da Funed, corpo t\u00e9cnico do IOM e analistas da\u00a0Pixeon. Foram desenvolvidas v\u00e1rias\u00a0Application Programming Interface (API)\u00a0para a comunica\u00e7\u00e3o entre os sistemas GAL e\u00a0Korus\u201d, conclui.\u00a0<\/p>\n<\/p><\/div>\n","protected":false},"excerpt":{"rendered":"<p>A Funda\u00e7\u00e3o Ezequiel Dias (Funed) deu um passo decisivo para a moderniza\u00e7\u00e3o de an\u00e1lises laboratoriais de vigil\u00e2ncia epidemiol\u00f3gica,\u00a0por meio da<\/p>\n","protected":false},"author":1,"featured_media":0,"comment_status":"","ping_status":"","sticky":false,"template":"","format":"standard","meta":{"colormag_page_container_layout":"default_layout","colormag_page_sidebar_layout":"default_layout","footnotes":""},"categories":[1],"tags":[],"class_list":["post-52460","post","type-post","status-publish","format-standard","hentry","category-sem-categoria"],"_links":{"self":[{"href":"https:\/\/euvivoaselecao.com.br\/index.php\/wp-json\/wp\/v2\/posts\/52460","targetHints":{"allow":["GET"]}}],"collection":[{"href":"https:\/\/euvivoaselecao.com.br\/index.php\/wp-json\/wp\/v2\/posts"}],"about":[{"href":"https:\/\/euvivoaselecao.com.br\/index.php\/wp-json\/wp\/v2\/types\/post"}],"author":[{"embeddable":true,"href":"https:\/\/euvivoaselecao.com.br\/index.php\/wp-json\/wp\/v2\/users\/1"}],"replies":[{"embeddable":true,"href":"https:\/\/euvivoaselecao.com.br\/index.php\/wp-json\/wp\/v2\/comments?post=52460"}],"version-history":[{"count":0,"href":"https:\/\/euvivoaselecao.com.br\/index.php\/wp-json\/wp\/v2\/posts\/52460\/revisions"}],"wp:attachment":[{"href":"https:\/\/euvivoaselecao.com.br\/index.php\/wp-json\/wp\/v2\/media?parent=52460"}],"wp:term":[{"taxonomy":"category","embeddable":true,"href":"https:\/\/euvivoaselecao.com.br\/index.php\/wp-json\/wp\/v2\/categories?post=52460"},{"taxonomy":"post_tag","embeddable":true,"href":"https:\/\/euvivoaselecao.com.br\/index.php\/wp-json\/wp\/v2\/tags?post=52460"}],"curies":[{"name":"wp","href":"https:\/\/api.w.org\/{rel}","templated":true}]}}