{"id":52462,"date":"2025-06-09T12:33:51","date_gmt":"2025-06-09T15:33:51","guid":{"rendered":"https:\/\/euvivoaselecao.com.br\/index.php\/2025\/06\/09\/colombia-oferece-us-730-mil-para-prender-mandante-de-atentado\/"},"modified":"2025-06-09T12:33:51","modified_gmt":"2025-06-09T15:33:51","slug":"colombia-oferece-us-730-mil-para-prender-mandante-de-atentado","status":"publish","type":"post","link":"https:\/\/euvivoaselecao.com.br\/index.php\/2025\/06\/09\/colombia-oferece-us-730-mil-para-prender-mandante-de-atentado\/","title":{"rendered":"Col\u00f4mbia oferece US$ 730 mil para prender mandante de atentado"},"content":{"rendered":"<p><\/p>\n<div wp_automatic_readability=\"112.73828375776\">\n<p>O governo da Col\u00f4mbia est\u00e1 oferecendo recompensa de aproximadamente US$ 730 mil por informa\u00e7\u00f5es que levem aos respons\u00e1veis pelo atentado contra o senador e pr\u00e9-candidato \u00e0 Presid\u00eancia pela oposi\u00e7\u00e3o Miguel Uribe Turbay, de 39 anos de idade, que levou dois tiros na cabe\u00e7a em evento no s\u00e1bado (7), em Bogot\u00e1.<\/p>\n<p>Ele passou por cirurgia e segue em estado cr\u00edtico no hospital. A esposa do senador, Mar\u00eda Claudia Tarazona, informou em uma rede social que o pol\u00edtico est\u00e1 \u201clutando pela sua vida\u201d e que precisa de um \u201cmilagre\u201d para sobreviver.<\/p>\n<p>Um adolescente de 15 anos de idade foi preso acusado pelos disparos e as autoridades colombianas montaram uma for\u00e7a tarefa para encontrar os mandantes intelectuais do atentado.<\/p>\n<p><strong>Morre segunda v\u00edtima de explos\u00e3o em posto de gasolina no centro do Rio<\/strong><\/p>\n<p><strong>Governo brasileiro pede liberta\u00e7\u00e3o de ativistas detidos em Gaza<\/strong><\/p>\n<p><strong>O presidente da Col\u00f4mbia, Gustavo Petro, condenou o atentado e informou que todos os protocolos de investiga\u00e7\u00e3o no m\u00e1ximo n\u00edvel, de todas as ag\u00eancias de intelig\u00eancia, com a mais alta qualidade, est\u00e3o trabalhando em equipe para descobrir os mandantes.<\/strong><\/p>\n<p>\u201cO ato de viol\u00eancia \u00e9 um ataque n\u00e3o s\u00f3 contra a integridade pessoal do senador, mas tamb\u00e9m contra a democracia, a liberdade de pensamento e o exerc\u00edcio leg\u00edtimo da pol\u00edtica na Col\u00f4mbia\u201d, disse, em nota.<\/p>\n<p>O presidente Petro acrescentou que todas as hip\u00f3teses est\u00e3o sendo investigadas e recha\u00e7ou o uso pol\u00edtico do atentado.\u00a0<\/p>\n<blockquote wp_automatic_readability=\"9.3209549071618\">\n<p>\u201cN\u00e3o podemos falar. Suspeitas temos todas, eu tenho as minhas, os patr\u00f5es do crime repetem os padr\u00f5es das mortes das maiorias dos dirigentes pol\u00edticos da Col\u00f4mbia. Menores de idade utilizados e pagos porque suas fam\u00edlias s\u00e3o pobres\u201d, disse.<\/p>\n<p><strong>PMs envolvidos em a\u00e7\u00e3o durante festa no Rio s\u00e3o afastados<\/strong><\/p>\n<p><strong>Lula diz que Brasil ratificar\u00e1 Tratado do Alto Mar ainda este ano<\/strong><\/p>\n<\/blockquote>\n<p>O presidente Gustavo Petro sugere que foi uma a\u00e7\u00e3o para desestabilizar seu governo, que luta para implementar uma reforma trabalhista em meio a atritos com o Senado do pa\u00eds.<\/p>\n<p>A viol\u00eancia pol\u00edtica na Col\u00f4mbia voltou a assombrar o pa\u00eds neste final de semana com o atentado \u00e0 bala contra senador da oposi\u00e7\u00e3o pelo partido Centro Democr\u00e1tico, legenda do ex-presidente \u00c1lvaro Uribe V\u00e9lez. O pr\u00e9-candidato Miguel Turbay \u00e9 neto de Julio C\u00e9sar Turbay, presidente da Col\u00f4mbia pelo Partido Liberal entre 1978 e 1982.\u00a0<\/p>\n<p>Ex-vereador e ex-secret\u00e1rio de Governo de Bogot\u00e1, Miguel Uribe Turbay foi eleito senador para o per\u00edodo de 2022 a 2026. Quando tinha apenas 5 anos de idade, a m\u00e3e dele, jornalista e apresentadora de TV Diana Turbay, foi sequestrada e morta pelo grupo de narcotraficantes de cunho paramilitar liderada por Pablo Escobar, que tentava derrubar o tratado de extradi\u00e7\u00e3o da Col\u00f4mbia com os Estados Unidos.<\/p>\n<p><strong>O secret\u00e1rio de Estado dos EUA, Marco R\u00fabio, ao condenar o atentado, atribuiu o crime \u00e0 ret\u00f3rica do governo Petro.<\/strong><\/p>\n<p>\u201cTrata-se de uma amea\u00e7a direta \u00e0 democracia e resultado da ret\u00f3rica violenta esquerdista vinda dos mais altos escal\u00f5es do governo colombiano\u201d, disse, acrescentando que \u201co presidente Petro precisa conter a ret\u00f3rica inflamat\u00f3ria e proteger as autoridades colombianas\u201d.<\/p>\n<h2>Amea\u00e7as<\/h2>\n<p>A presid\u00eancia da Col\u00f4mbia informou ainda no domingo (8) que a filha de Petro e de ministros membros do gabinete foram amea\u00e7ados.\u00a0<\/p>\n<p>\u201cEsse fato refor\u00e7a a hip\u00f3tese de que o autor da tentativa de homic\u00eddio seja inimigo do governo\u201d, disse Petro em uma rede social.<\/p>\n<p><strong>O Conselho de Seguran\u00e7a da Col\u00f4mbia determinou a amplia\u00e7\u00e3o dos sistemas de seguran\u00e7a dos membros da oposi\u00e7\u00e3o e das fam\u00edlias dos integrantes do governo nacional ap\u00f3s as novas amea\u00e7as contra filhos de ministros e do presidente.<\/strong><\/p>\n<h2>Reforma trabalhista<\/h2>\n<p><strong>O atentado contra o pr\u00e9-candidato \u00e0 presid\u00eancia da Col\u00f4mbia Miguel Uribe Turbay ocorreu em um momento pol\u00edtico conturbado do pa\u00eds sul-americano.<\/strong> O presidente Petro tenta realizar uma consulta p\u00fablica para uma reforma trabalhista que prev\u00ea, entre outras medidas, o aumento do valor pago pelas horas trabalhadas a noite, em domingos e feriados.<\/p>\n<p><strong>Ap\u00f3s ter o projeto rejeitado pelo Senado, Petro enviou projeto para uma consulta popular sobre o tema, o que foi novamente rejeitado pelo Senado, acusado por Petro de fraudar a vota\u00e7\u00e3o para a consulta.<\/strong>\u00a0<\/p>\n<p>Uma greve nacional foi realizada a favor das mudan\u00e7as.\u00a0<\/p>\n<p>Diante do impasse, o presidente colombiano prometeu editar, nesta semana, um decreto presidencial para convocar a consulta que prev\u00ea perguntar \u00e0 popula\u00e7\u00e3o quest\u00f5es relacionadas \u00e0 reforma trabalhista, assim como t\u00f3picos ligados \u00e0 reforma da sa\u00fade que o governo tamb\u00e9m tenta implementar.<\/p>\n<\/div>\n","protected":false},"excerpt":{"rendered":"<p>O governo da Col\u00f4mbia est\u00e1 oferecendo recompensa de aproximadamente US$ 730 mil por informa\u00e7\u00f5es que levem aos respons\u00e1veis pelo atentado<\/p>\n","protected":false},"author":2,"featured_media":0,"comment_status":"","ping_status":"","sticky":false,"template":"","format":"standard","meta":{"colormag_page_container_layout":"default_layout","colormag_page_sidebar_layout":"default_layout","footnotes":""},"categories":[],"tags":[],"class_list":["post-52462","post","type-post","status-publish","format-standard","hentry"],"_links":{"self":[{"href":"https:\/\/euvivoaselecao.com.br\/index.php\/wp-json\/wp\/v2\/posts\/52462","targetHints":{"allow":["GET"]}}],"collection":[{"href":"https:\/\/euvivoaselecao.com.br\/index.php\/wp-json\/wp\/v2\/posts"}],"about":[{"href":"https:\/\/euvivoaselecao.com.br\/index.php\/wp-json\/wp\/v2\/types\/post"}],"author":[{"embeddable":true,"href":"https:\/\/euvivoaselecao.com.br\/index.php\/wp-json\/wp\/v2\/users\/2"}],"replies":[{"embeddable":true,"href":"https:\/\/euvivoaselecao.com.br\/index.php\/wp-json\/wp\/v2\/comments?post=52462"}],"version-history":[{"count":0,"href":"https:\/\/euvivoaselecao.com.br\/index.php\/wp-json\/wp\/v2\/posts\/52462\/revisions"}],"wp:attachment":[{"href":"https:\/\/euvivoaselecao.com.br\/index.php\/wp-json\/wp\/v2\/media?parent=52462"}],"wp:term":[{"taxonomy":"category","embeddable":true,"href":"https:\/\/euvivoaselecao.com.br\/index.php\/wp-json\/wp\/v2\/categories?post=52462"},{"taxonomy":"post_tag","embeddable":true,"href":"https:\/\/euvivoaselecao.com.br\/index.php\/wp-json\/wp\/v2\/tags?post=52462"}],"curies":[{"name":"wp","href":"https:\/\/api.w.org\/{rel}","templated":true}]}}