{"id":52464,"date":"2025-06-09T13:14:48","date_gmt":"2025-06-09T16:14:48","guid":{"rendered":"https:\/\/euvivoaselecao.com.br\/index.php\/2025\/06\/09\/vasco-anuncia-acordo-amigavel-para-encerramento-antecipado-do-vinculo-com-payet-e-agradece-ao-jogador-merci\/"},"modified":"2025-06-09T13:14:48","modified_gmt":"2025-06-09T16:14:48","slug":"vasco-anuncia-acordo-amigavel-para-encerramento-antecipado-do-vinculo-com-payet-e-agradece-ao-jogador-merci","status":"publish","type":"post","link":"https:\/\/euvivoaselecao.com.br\/index.php\/2025\/06\/09\/vasco-anuncia-acordo-amigavel-para-encerramento-antecipado-do-vinculo-com-payet-e-agradece-ao-jogador-merci\/","title":{"rendered":"Vasco anuncia acordo amig\u00e1vel para encerramento antecipado do v\u00ednculo com Payet e agradece ao jogador: &#8216;Merci&#8217;"},"content":{"rendered":"<p><\/p>\n<div>\n<p>Vasco anuncia acordo amig\u00e1vel para encerramento antecipado do v\u00ednculo com Payet e agradece ao jogador: \u2018Merci\u2019<\/p>\n<div>Vasco da Gama @VascodaGama<\/p>\n<p>O Vasco da Gama comunica que, de forma amig\u00e1vel, chegou a um acordo para o encerramento antecipado do v\u00ednculo com o meia Dimitri Payet.<\/p>\n<p>O clube agradece ao atleta pelo profissionalismo, dedica\u00e7\u00e3o e respeito demonstrados ao longo de sua passagem por S\u00e3o Janu\u00e1rio, e deseja sucesso nos seus proximos desafios.\n<\/p>\n<p>Pelo Vasco, Payet disputou 77 partidas, marcou 8 gols e contribuiu com 16 assist\u00eancias.\n<\/p>\n<p>Merci, Payet.<\/p>\n<p>Aqui \u00e9 Vasco! \ud83d\udca2\n<\/p>\n<p><center><\/center><\/p>\n<p>Fonte: X oficial do Vasco<\/p>\n<\/div>\n<p><!-- CONTENT END 2 -->\n<\/div>\n<p><script async defer crossorigin=\"anonymous\" src=\"https:\/\/connect.facebook.net\/pt_BR\/sdk.js#xfbml=1&amp;version=v12.0&amp;appId=114327694422&amp;autoLogAppEvents=1\" nonce=\"4kp7RAsD\"><\/script><\/p>\n","protected":false},"excerpt":{"rendered":"<p>Vasco anuncia acordo amig\u00e1vel para encerramento antecipado do v\u00ednculo com Payet e agradece ao jogador: \u2018Merci\u2019 Vasco da Gama @VascodaGama<\/p>\n","protected":false},"author":1,"featured_media":0,"comment_status":"","ping_status":"","sticky":false,"template":"","format":"standard","meta":{"colormag_page_container_layout":"default_layout","colormag_page_sidebar_layout":"default_layout","footnotes":""},"categories":[1],"tags":[],"class_list":["post-52464","post","type-post","status-publish","format-standard","hentry","category-sem-categoria"],"_links":{"self":[{"href":"https:\/\/euvivoaselecao.com.br\/index.php\/wp-json\/wp\/v2\/posts\/52464","targetHints":{"allow":["GET"]}}],"collection":[{"href":"https:\/\/euvivoaselecao.com.br\/index.php\/wp-json\/wp\/v2\/posts"}],"about":[{"href":"https:\/\/euvivoaselecao.com.br\/index.php\/wp-json\/wp\/v2\/types\/post"}],"author":[{"embeddable":true,"href":"https:\/\/euvivoaselecao.com.br\/index.php\/wp-json\/wp\/v2\/users\/1"}],"replies":[{"embeddable":true,"href":"https:\/\/euvivoaselecao.com.br\/index.php\/wp-json\/wp\/v2\/comments?post=52464"}],"version-history":[{"count":0,"href":"https:\/\/euvivoaselecao.com.br\/index.php\/wp-json\/wp\/v2\/posts\/52464\/revisions"}],"wp:attachment":[{"href":"https:\/\/euvivoaselecao.com.br\/index.php\/wp-json\/wp\/v2\/media?parent=52464"}],"wp:term":[{"taxonomy":"category","embeddable":true,"href":"https:\/\/euvivoaselecao.com.br\/index.php\/wp-json\/wp\/v2\/categories?post=52464"},{"taxonomy":"post_tag","embeddable":true,"href":"https:\/\/euvivoaselecao.com.br\/index.php\/wp-json\/wp\/v2\/tags?post=52464"}],"curies":[{"name":"wp","href":"https:\/\/api.w.org\/{rel}","templated":true}]}}